{"id":8315,"date":"2021-06-04T19:36:51","date_gmt":"2021-06-04T17:36:51","guid":{"rendered":"http:\/\/www.uilscuolaemiliaromagna.it\/public\/er\/?p=8315"},"modified":"2021-06-07T09:41:27","modified_gmt":"2021-06-07T07:41:27","slug":"piano-di-ri-generazione-scuola-fondi-che-vuoi-scuola-che-hai","status":"publish","type":"post","link":"https:\/\/www.uilscuolaemiliaromagna.it\/public\/er\/2021\/06\/04\/piano-di-ri-generazione-scuola-fondi-che-vuoi-scuola-che-hai\/","title":{"rendered":"PIANO DI RI-GENERAZIONE SCUOLA | Fondi che vuoi, scuola che hai"},"content":{"rendered":"<p style=\"text-align: justify;\">PRESENTATO OGGI IL PIANO DI RIGENERAZIONE SCUOLA<br \/>\n<em>Cambiano i temi ma restano le stesse logiche che vedono la scuola funzionale a progetti economici.<br \/>\nLa vera sfida \u00e8 valorizzare insegnanti e personale. Meno precariet\u00e0 e pi\u00f9 rispetto per il lavoro.<br \/>\n<\/em><\/p>\n<p style=\"text-align: justify;\"><strong>Partiamo da qui:<br \/>\n<\/strong>nel 2007 il Governo Renzi annunciava il Piano Nazionale Scuola Digitale (PNSD), progetto triennale con uno stanziamento di 30 miliardi di euro. Veniva presentato ufficialmente al Miur, con un bel volume, slides colorate, un sito dedicato, la voce delle scuole e l\u2019establishment gaudente.<br \/>\nVenivano presentati per la prima volta gli \u2018animatori digitali\u2019 e Elio Catania, allora presidente di Confindustria digital, dopo incarichi di vertice in Alitalia e Ferrovie, annunciava la disponibilit\u00e0 ad affiancare 100 mila esperti agli insegnanti, come angeli di supporto per la transizione digitale.<br \/>\nChe qualcosa non abbia funzionato \u00e8 sicuro se, come sappiamo per esperienza, all\u2019arrivo della pandemia \u2013 pi\u00f9 di dieci anni dopo \u2013 le scuole si sono trovate a gestire una Dad traballante, piena di disparit\u00e0 territoriali, basata pi\u00f9 sulla volont\u00e0 e disponibilit\u00e0 personale di insegnanti e studenti che sulla poderosa macchina digitale della scuola nazionale.<\/p>\n<p style=\"text-align: justify;\"><strong>Arriviamo a oggi.<br \/>\n<\/strong>Questa mattina, nella stessa sala del MI, \u00e8 stato presentato il Piano di Ri-generazione della scuola. Questa volta non \u00e8 il digitale a farla da padrone ma la svolta ambientale, la sostenibilit\u00e0.<br \/>\nDi cifre stavolta non si parla, ma non sfugge che le risorse del PNRR siano tutte trasversalmente finalizzate alla svolta ambientale.<br \/>\nCos\u00ec il sottosegretario Floridia (M5S) illustra il passaggio dalla resilienza alla ri-generazione in tutte le declinazioni possibili: ri-generazione dei saper, ri-generazione dei comportamenti, ri-genrazione delle infrastrutture fisiche e digitali.<\/p>\n<p style=\"text-align: justify;\"><strong>Di scuola si parla poco\u00a0<\/strong>ma, in fondo questo piano non \u00e8 mica pensato per rafforzare la scuola.<br \/>\nE\u2019 un piano che serve alla svolta green, alla mobilit\u00e0, ai comportamenti, alle scelte alimentari, a realizzare gli obiettivi dell\u2019agenda 20\/30. E ai ri-generatori: dal Cnr all\u2019Enea, all\u2019Ispra, passando per la Rai, i Carabinieri, le Capitanerie di Porto, le associazioni.<\/p>\n<p style=\"text-align: justify;\">Cos\u00ec, se nel 2007 c\u2019era Confindustria a voler dare supporto (o riceverne?) dall\u2019interazione con il sistema scolastico, oggi c\u2019\u00e8 l\u2019Enea che ha gi\u00e0 i corsi pronti per i dirigenti scolastici (\u201cle progettualit\u00e0 sono state gi\u00e0 consegnante al ministero\u201d) e l\u2019ISPRA che intende aderire in modo \u201centusiasta e capillare\u201d mettendo a disposizione le agenzie regionali con i suoi 10 mila operatori sui territori.<\/p>\n<p style=\"text-align: justify;\"><strong>E chi non avr\u00e0 bisogno di un mobility manager<\/strong>? O di un software che offra soluzioni logistiche dopo aver registrato da dove vengono tutti gli studenti di una determinata scuola, come ha sottolineato il Sottosegretario Floridia.<\/p>\n<p style=\"text-align: justify;\">Fa riflettere che proprio qualche settimana fa, nell\u2019incontro che il ministro Bianchi ha avuto con i rappresentanti nazionali dei dirigenti scolastici, le richieste sono state di sicurezza, organici, definizione delle responsabilit\u00e0. Non uno ha chiesto il mobility manager per la propria scuola, e di questo il ministro si \u00e8 molto stupito. Oggi ne comprendiamo meglio la ragione.<\/p>\n<p style=\"text-align: justify;\"><strong>Un anno fa, davanti alla Dad<\/strong>, la Uil Scuola, nel denunciarne i limiti, \u00e8 passata per anacronistica e retriva. Il contratto non firmato \u00e8 prova della nostra correttezza intellettuale.<br \/>\nOggi nell\u2019osservare con profonda preoccupazione, e perfino imbarazzo istituzionale, la definizione degli attori del Piano \u2013 messi esattamente in questo ordine: studenti, dirigenti, docenti, personale Ata e famiglie \u2013 non riusciamo a non pensare che le esperienze nelle scuole sono frutto dell\u2019intera comunit\u00e0 e che la scuola costituzionale di questo paese non ha bisogno di nuove\u00a0<em>mission stagionali<\/em>\u00a0ma ha bisogno di risorse per fare ci\u00f2 che gi\u00e0 sta facendo, per rispondere al dettato costituzionale.<\/p>\n<p style=\"text-align: justify;\"><strong>Ancora una volta rischiamo<\/strong>\u00a0di essere tacciati per oscurantisti, anti progresso. Peccato che gli obiettivi dell\u2019Agenda Onu siano stati al centro di diverse nostre iniziative e appuntamenti istituzionali.<br \/>\nDue anni fa il simbolo diffuso per gli iscritti Uil Scuola erano proprio gli Obiettivi 20\/30 ma la svolta green, plastic-free, clean-air (a dirla con oggi) l\u2019abbiamo lasciata all\u2019intelligenza professionale degli insegnanti, alla loro sensibilit\u00e0, alla capacit\u00e0 di modellare progetti e programmi in funzione delle loro classi e degli alunni.<\/p>\n<p style=\"text-align: justify;\">Quegli stessi insegnanti lasciati nell\u2019instabilit\u00e0 lavorativa, nella compilazione di carte inutili, nella vessazione di una mobilit\u00e0 diventata blocco territoriale. Sono queste le vere emergenze che la scuola vive ogni giorno, sono questi i temi che andrebbero discussi e risolti. Sono questi temi che porteremo in piazza il 9 giugno.<\/p>\n<hr \/>\n<p style=\"text-align: justify;\"><strong>Dieci punti da tenere a mente<br \/>\n<\/strong><strong>Senza il coinvolgimento del personale nessuna transizione sar\u00e0 realizzabile<\/strong><\/p>\n<ol>\n<li style=\"text-align: justify;\">La realt\u00e0 \u00e8 molto diversa da quella virtuale dove si sono formati i nostri politici.<\/li>\n<li style=\"text-align: justify;\">La voglia di apparire moderni e\u00a0<em>smart<\/em>\u00a0pu\u00f2 portare a grandi delusioni.<\/li>\n<li style=\"text-align: justify;\">La transizione che sia ecologica, piuttosto che tecnologica, ha bisogno di una base culturale che solo la scuola pu\u00f2 dare.<\/li>\n<li style=\"text-align: justify;\">La scuola la fanno i professionisti e non gli arrivisti e i profittatori. E\u2019 sui primi che bisogna investire, non ri-formandoli ma dandogli fiducia. Hanno al loro interno risorse vere per farlo. La DAD ne \u00e8 una dimostrazione.<\/li>\n<li style=\"text-align: justify;\">Attenzione alle scorciatoie narrative che durano come il fuoco di paglia. Serve una base culturale che poggi sulle conoscenze e sulle conseguenti competenze. \u00a0Solo buona legna da ardere pu\u00f2 dare calore continuativo.<\/li>\n<li style=\"text-align: justify;\">L\u2019investimento deve esserci, ma si parte dalle fondamenta, non dai serramenti.<br \/>\nUna scuola con 200.000 mila precari non far\u00e0 mai la rigenerazione del nulla.<\/li>\n<li style=\"text-align: justify;\">Non illudiamoci che i privati e la tecnologia possano sostituire il \u2018<em>magister<\/em>\u2019, senza il quale nessuna transizione \u00e8 possibile.<\/li>\n<li style=\"text-align: justify;\">Bisogna partire dai valori sui quali si adattano le azioni, meglio chiamate come resilienti. Se non sono solide si costruisce sulla sabbia. I nostri valori sono quelli della solidariet\u00e0 e della socialit\u00e0, della costituzione ai quali va fatto continuo riferimento. Senza quei valori non si va da nessuna parte.<\/li>\n<li style=\"text-align: justify;\">Senza i corpi intermedi, che significa favorire la cultura della transizione, \u00e8 difficile ottenere risultati.<\/li>\n<li style=\"text-align: justify;\">Questi momenti servono per disegnare una prospettiva. Non devono essere gestiti contro ma verso qualcuno. E\u2019 necessario che si consideri utile e necessario chiunque e non le avanguardie utili solo a dividere. Resilienza e rigenerazione sono facce della stessa medaglia quella delle persone che sono il presupposto per investimenti e per realizzare la transizioni.<\/li>\n<\/ol>\n<ul>\n<li><a href=\"https:\/\/www.uilscuolaemiliaromagna.it\/public\/er\/wp-content\/uploads\/2021\/06\/presentazione_rigenerazione_scuola.pdf\" target=\"_blank\" rel=\"noopener noreferrer\">sintesi del piano<\/a><\/li>\n<\/ul>\n\n<div class=\"twitter-share\"><a href=\"https:\/\/twitter.com\/intent\/tweet?via=UILScuolaBO_ER\" class=\"twitter-share-button\" data-size=\"large\">Tweet<\/a><\/div>\n","protected":false},"excerpt":{"rendered":"<p>PRESENTATO OGGI IL PIANO DI RIGENERAZIONE SCUOLA Cambiano i temi ma restano le stesse logiche che vedono la scuola funzionale a progetti economici. La vera &hellip; <\/p>\n","protected":false},"author":1,"featured_media":8317,"comment_status":"closed","ping_status":"open","sticky":false,"template":"","format":"standard","meta":{"footnotes":""},"categories":[12],"tags":[],"yoast_head":"<!-- This site is optimized with the Yoast SEO plugin v21.7 - https:\/\/yoast.com\/wordpress\/plugins\/seo\/ -->\r\n<title>PIANO DI RI-GENERAZIONE SCUOLA | Fondi che vuoi, scuola che hai - Uil Scuola Emilia Romagna<\/title>\r\n<meta name=\"robots\" content=\"index, follow, max-snippet:-1, max-image-preview:large, max-video-preview:-1\" \/>\r\n<link rel=\"canonical\" href=\"https:\/\/www.uilscuolaemiliaromagna.it\/public\/er\/2021\/06\/04\/piano-di-ri-generazione-scuola-fondi-che-vuoi-scuola-che-hai\/\" \/>\r\n<meta property=\"og:locale\" content=\"it_IT\" \/>\r\n<meta property=\"og:type\" content=\"article\" \/>\r\n<meta property=\"og:title\" content=\"PIANO DI RI-GENERAZIONE SCUOLA | Fondi che vuoi, scuola che hai - Uil Scuola Emilia Romagna\" \/>\r\n<meta property=\"og:description\" content=\"PRESENTATO OGGI IL PIANO DI RIGENERAZIONE SCUOLA Cambiano i temi ma restano le stesse logiche che vedono la scuola funzionale a progetti economici. La vera &hellip;\" \/>\r\n<meta property=\"og:url\" content=\"https:\/\/www.uilscuolaemiliaromagna.it\/public\/er\/2021\/06\/04\/piano-di-ri-generazione-scuola-fondi-che-vuoi-scuola-che-hai\/\" \/>\r\n<meta property=\"og:site_name\" content=\"Uil Scuola Emilia Romagna\" \/>\r\n<meta property=\"article:published_time\" content=\"2021-06-04T17:36:51+00:00\" \/>\r\n<meta property=\"article:modified_time\" content=\"2021-06-07T07:41:27+00:00\" \/>\r\n<meta property=\"og:image\" content=\"https:\/\/www.uilscuolaemiliaromagna.it\/public\/er\/wp-content\/uploads\/2021\/06\/ATTORI-Piano-Rigenerazione-Scuola-040621-150x150-1.jpeg\" \/>\r\n\t<meta property=\"og:image:width\" content=\"150\" \/>\r\n\t<meta property=\"og:image:height\" content=\"150\" \/>\r\n\t<meta property=\"og:image:type\" content=\"image\/jpeg\" \/>\r\n<meta name=\"author\" content=\"admin\" \/>\r\n<meta name=\"twitter:card\" content=\"summary_large_image\" \/>\r\n<meta name=\"twitter:label1\" content=\"Scritto da\" \/>\n\t<meta name=\"twitter:data1\" content=\"admin\" \/>\n\t<meta name=\"twitter:label2\" content=\"Tempo di lettura stimato\" \/>\n\t<meta name=\"twitter:data2\" content=\"5 minuti\" \/>\r\n<script type=\"application\/ld+json\" class=\"yoast-schema-graph\">{\"@context\":\"https:\/\/schema.org\",\"@graph\":[{\"@type\":\"Article\",\"@id\":\"https:\/\/www.uilscuolaemiliaromagna.it\/public\/er\/2021\/06\/04\/piano-di-ri-generazione-scuola-fondi-che-vuoi-scuola-che-hai\/#article\",\"isPartOf\":{\"@id\":\"https:\/\/www.uilscuolaemiliaromagna.it\/public\/er\/2021\/06\/04\/piano-di-ri-generazione-scuola-fondi-che-vuoi-scuola-che-hai\/\"},\"author\":{\"name\":\"admin\",\"@id\":\"https:\/\/www.uilscuolaemiliaromagna.it\/public\/er\/#\/schema\/person\/f42878fd07a4b6ba2b7153d4fad5de5e\"},\"headline\":\"PIANO DI RI-GENERAZIONE SCUOLA | Fondi che vuoi, scuola che hai\",\"datePublished\":\"2021-06-04T17:36:51+00:00\",\"dateModified\":\"2021-06-07T07:41:27+00:00\",\"mainEntityOfPage\":{\"@id\":\"https:\/\/www.uilscuolaemiliaromagna.it\/public\/er\/2021\/06\/04\/piano-di-ri-generazione-scuola-fondi-che-vuoi-scuola-che-hai\/\"},\"wordCount\":1011,\"publisher\":{\"@id\":\"https:\/\/www.uilscuolaemiliaromagna.it\/public\/er\/#organization\"},\"articleSection\":[\"Notizie\"],\"inLanguage\":\"it-IT\"},{\"@type\":\"WebPage\",\"@id\":\"https:\/\/www.uilscuolaemiliaromagna.it\/public\/er\/2021\/06\/04\/piano-di-ri-generazione-scuola-fondi-che-vuoi-scuola-che-hai\/\",\"url\":\"https:\/\/www.uilscuolaemiliaromagna.it\/public\/er\/2021\/06\/04\/piano-di-ri-generazione-scuola-fondi-che-vuoi-scuola-che-hai\/\",\"name\":\"PIANO DI RI-GENERAZIONE SCUOLA | Fondi che vuoi, scuola che hai - Uil Scuola Emilia Romagna\",\"isPartOf\":{\"@id\":\"https:\/\/www.uilscuolaemiliaromagna.it\/public\/er\/#website\"},\"datePublished\":\"2021-06-04T17:36:51+00:00\",\"dateModified\":\"2021-06-07T07:41:27+00:00\",\"breadcrumb\":{\"@id\":\"https:\/\/www.uilscuolaemiliaromagna.it\/public\/er\/2021\/06\/04\/piano-di-ri-generazione-scuola-fondi-che-vuoi-scuola-che-hai\/#breadcrumb\"},\"inLanguage\":\"it-IT\",\"potentialAction\":[{\"@type\":\"ReadAction\",\"target\":[\"https:\/\/www.uilscuolaemiliaromagna.it\/public\/er\/2021\/06\/04\/piano-di-ri-generazione-scuola-fondi-che-vuoi-scuola-che-hai\/\"]}]},{\"@type\":\"BreadcrumbList\",\"@id\":\"https:\/\/www.uilscuolaemiliaromagna.it\/public\/er\/2021\/06\/04\/piano-di-ri-generazione-scuola-fondi-che-vuoi-scuola-che-hai\/#breadcrumb\",\"itemListElement\":[{\"@type\":\"ListItem\",\"position\":1,\"name\":\"Home\",\"item\":\"https:\/\/www.uilscuolaemiliaromagna.it\/public\/er\/\"},{\"@type\":\"ListItem\",\"position\":2,\"name\":\"PIANO DI RI-GENERAZIONE SCUOLA | Fondi che vuoi, scuola che hai\"}]},{\"@type\":\"WebSite\",\"@id\":\"https:\/\/www.uilscuolaemiliaromagna.it\/public\/er\/#website\",\"url\":\"https:\/\/www.uilscuolaemiliaromagna.it\/public\/er\/\",\"name\":\"Uil Scuola Emilia Romagna\",\"description\":\"La voce libera della scuola\",\"publisher\":{\"@id\":\"https:\/\/www.uilscuolaemiliaromagna.it\/public\/er\/#organization\"},\"potentialAction\":[{\"@type\":\"SearchAction\",\"target\":{\"@type\":\"EntryPoint\",\"urlTemplate\":\"https:\/\/www.uilscuolaemiliaromagna.it\/public\/er\/?s={search_term_string}\"},\"query-input\":\"required name=search_term_string\"}],\"inLanguage\":\"it-IT\"},{\"@type\":\"Organization\",\"@id\":\"https:\/\/www.uilscuolaemiliaromagna.it\/public\/er\/#organization\",\"name\":\"Uil Scuola Emilia Romagna\",\"url\":\"https:\/\/www.uilscuolaemiliaromagna.it\/public\/er\/\",\"logo\":{\"@type\":\"ImageObject\",\"inLanguage\":\"it-IT\",\"@id\":\"https:\/\/www.uilscuolaemiliaromagna.it\/public\/er\/#\/schema\/logo\/image\/\",\"url\":\"https:\/\/www.uilscuolaemiliaromagna.it\/public\/er\/wp-content\/uploads\/2017\/04\/cropped-header.png\",\"contentUrl\":\"https:\/\/www.uilscuolaemiliaromagna.it\/public\/er\/wp-content\/uploads\/2017\/04\/cropped-header.png\",\"width\":1000,\"height\":150,\"caption\":\"Uil Scuola Emilia Romagna\"},\"image\":{\"@id\":\"https:\/\/www.uilscuolaemiliaromagna.it\/public\/er\/#\/schema\/logo\/image\/\"}},{\"@type\":\"Person\",\"@id\":\"https:\/\/www.uilscuolaemiliaromagna.it\/public\/er\/#\/schema\/person\/f42878fd07a4b6ba2b7153d4fad5de5e\",\"name\":\"admin\",\"image\":{\"@type\":\"ImageObject\",\"inLanguage\":\"it-IT\",\"@id\":\"https:\/\/www.uilscuolaemiliaromagna.it\/public\/er\/#\/schema\/person\/image\/\",\"url\":\"https:\/\/secure.gravatar.com\/avatar\/aebf815ae2f30ffdae8b8c247273d34c?s=96&d=mm&r=g\",\"contentUrl\":\"https:\/\/secure.gravatar.com\/avatar\/aebf815ae2f30ffdae8b8c247273d34c?s=96&d=mm&r=g\",\"caption\":\"admin\"},\"url\":\"https:\/\/www.uilscuolaemiliaromagna.it\/public\/er\/author\/admin\/\"}]}<\/script>\r\n<!-- \/ Yoast SEO plugin. -->","yoast_head_json":{"title":"PIANO DI RI-GENERAZIONE SCUOLA | Fondi che vuoi, scuola che hai - Uil Scuola Emilia Romagna","robots":{"index":"index","follow":"follow","max-snippet":"max-snippet:-1","max-image-preview":"max-image-preview:large","max-video-preview":"max-video-preview:-1"},"canonical":"https:\/\/www.uilscuolaemiliaromagna.it\/public\/er\/2021\/06\/04\/piano-di-ri-generazione-scuola-fondi-che-vuoi-scuola-che-hai\/","og_locale":"it_IT","og_type":"article","og_title":"PIANO DI RI-GENERAZIONE SCUOLA | Fondi che vuoi, scuola che hai - Uil Scuola Emilia Romagna","og_description":"PRESENTATO OGGI IL PIANO DI RIGENERAZIONE SCUOLA Cambiano i temi ma restano le stesse logiche che vedono la scuola funzionale a progetti economici. La vera &hellip;","og_url":"https:\/\/www.uilscuolaemiliaromagna.it\/public\/er\/2021\/06\/04\/piano-di-ri-generazione-scuola-fondi-che-vuoi-scuola-che-hai\/","og_site_name":"Uil Scuola Emilia Romagna","article_published_time":"2021-06-04T17:36:51+00:00","article_modified_time":"2021-06-07T07:41:27+00:00","og_image":[{"width":150,"height":150,"url":"https:\/\/www.uilscuolaemiliaromagna.it\/public\/er\/wp-content\/uploads\/2021\/06\/ATTORI-Piano-Rigenerazione-Scuola-040621-150x150-1.jpeg","type":"image\/jpeg"}],"author":"admin","twitter_card":"summary_large_image","twitter_misc":{"Scritto da":"admin","Tempo di lettura stimato":"5 minuti"},"schema":{"@context":"https:\/\/schema.org","@graph":[{"@type":"Article","@id":"https:\/\/www.uilscuolaemiliaromagna.it\/public\/er\/2021\/06\/04\/piano-di-ri-generazione-scuola-fondi-che-vuoi-scuola-che-hai\/#article","isPartOf":{"@id":"https:\/\/www.uilscuolaemiliaromagna.it\/public\/er\/2021\/06\/04\/piano-di-ri-generazione-scuola-fondi-che-vuoi-scuola-che-hai\/"},"author":{"name":"admin","@id":"https:\/\/www.uilscuolaemiliaromagna.it\/public\/er\/#\/schema\/person\/f42878fd07a4b6ba2b7153d4fad5de5e"},"headline":"PIANO DI RI-GENERAZIONE SCUOLA | Fondi che vuoi, scuola che hai","datePublished":"2021-06-04T17:36:51+00:00","dateModified":"2021-06-07T07:41:27+00:00","mainEntityOfPage":{"@id":"https:\/\/www.uilscuolaemiliaromagna.it\/public\/er\/2021\/06\/04\/piano-di-ri-generazione-scuola-fondi-che-vuoi-scuola-che-hai\/"},"wordCount":1011,"publisher":{"@id":"https:\/\/www.uilscuolaemiliaromagna.it\/public\/er\/#organization"},"articleSection":["Notizie"],"inLanguage":"it-IT"},{"@type":"WebPage","@id":"https:\/\/www.uilscuolaemiliaromagna.it\/public\/er\/2021\/06\/04\/piano-di-ri-generazione-scuola-fondi-che-vuoi-scuola-che-hai\/","url":"https:\/\/www.uilscuolaemiliaromagna.it\/public\/er\/2021\/06\/04\/piano-di-ri-generazione-scuola-fondi-che-vuoi-scuola-che-hai\/","name":"PIANO DI RI-GENERAZIONE SCUOLA | Fondi che vuoi, scuola che hai - Uil Scuola Emilia Romagna","isPartOf":{"@id":"https:\/\/www.uilscuolaemiliaromagna.it\/public\/er\/#website"},"datePublished":"2021-06-04T17:36:51+00:00","dateModified":"2021-06-07T07:41:27+00:00","breadcrumb":{"@id":"https:\/\/www.uilscuolaemiliaromagna.it\/public\/er\/2021\/06\/04\/piano-di-ri-generazione-scuola-fondi-che-vuoi-scuola-che-hai\/#breadcrumb"},"inLanguage":"it-IT","potentialAction":[{"@type":"ReadAction","target":["https:\/\/www.uilscuolaemiliaromagna.it\/public\/er\/2021\/06\/04\/piano-di-ri-generazione-scuola-fondi-che-vuoi-scuola-che-hai\/"]}]},{"@type":"BreadcrumbList","@id":"https:\/\/www.uilscuolaemiliaromagna.it\/public\/er\/2021\/06\/04\/piano-di-ri-generazione-scuola-fondi-che-vuoi-scuola-che-hai\/#breadcrumb","itemListElement":[{"@type":"ListItem","position":1,"name":"Home","item":"https:\/\/www.uilscuolaemiliaromagna.it\/public\/er\/"},{"@type":"ListItem","position":2,"name":"PIANO DI RI-GENERAZIONE SCUOLA | Fondi che vuoi, scuola che hai"}]},{"@type":"WebSite","@id":"https:\/\/www.uilscuolaemiliaromagna.it\/public\/er\/#website","url":"https:\/\/www.uilscuolaemiliaromagna.it\/public\/er\/","name":"Uil Scuola Emilia Romagna","description":"La voce libera della scuola","publisher":{"@id":"https:\/\/www.uilscuolaemiliaromagna.it\/public\/er\/#organization"},"potentialAction":[{"@type":"SearchAction","target":{"@type":"EntryPoint","urlTemplate":"https:\/\/www.uilscuolaemiliaromagna.it\/public\/er\/?s={search_term_string}"},"query-input":"required name=search_term_string"}],"inLanguage":"it-IT"},{"@type":"Organization","@id":"https:\/\/www.uilscuolaemiliaromagna.it\/public\/er\/#organization","name":"Uil Scuola Emilia Romagna","url":"https:\/\/www.uilscuolaemiliaromagna.it\/public\/er\/","logo":{"@type":"ImageObject","inLanguage":"it-IT","@id":"https:\/\/www.uilscuolaemiliaromagna.it\/public\/er\/#\/schema\/logo\/image\/","url":"https:\/\/www.uilscuolaemiliaromagna.it\/public\/er\/wp-content\/uploads\/2017\/04\/cropped-header.png","contentUrl":"https:\/\/www.uilscuolaemiliaromagna.it\/public\/er\/wp-content\/uploads\/2017\/04\/cropped-header.png","width":1000,"height":150,"caption":"Uil Scuola Emilia Romagna"},"image":{"@id":"https:\/\/www.uilscuolaemiliaromagna.it\/public\/er\/#\/schema\/logo\/image\/"}},{"@type":"Person","@id":"https:\/\/www.uilscuolaemiliaromagna.it\/public\/er\/#\/schema\/person\/f42878fd07a4b6ba2b7153d4fad5de5e","name":"admin","image":{"@type":"ImageObject","inLanguage":"it-IT","@id":"https:\/\/www.uilscuolaemiliaromagna.it\/public\/er\/#\/schema\/person\/image\/","url":"https:\/\/secure.gravatar.com\/avatar\/aebf815ae2f30ffdae8b8c247273d34c?s=96&d=mm&r=g","contentUrl":"https:\/\/secure.gravatar.com\/avatar\/aebf815ae2f30ffdae8b8c247273d34c?s=96&d=mm&r=g","caption":"admin"},"url":"https:\/\/www.uilscuolaemiliaromagna.it\/public\/er\/author\/admin\/"}]}},"views":1015,"_links":{"self":[{"href":"https:\/\/www.uilscuolaemiliaromagna.it\/public\/er\/wp-json\/wp\/v2\/posts\/8315"}],"collection":[{"href":"https:\/\/www.uilscuolaemiliaromagna.it\/public\/er\/wp-json\/wp\/v2\/posts"}],"about":[{"href":"https:\/\/www.uilscuolaemiliaromagna.it\/public\/er\/wp-json\/wp\/v2\/types\/post"}],"author":[{"embeddable":true,"href":"https:\/\/www.uilscuolaemiliaromagna.it\/public\/er\/wp-json\/wp\/v2\/users\/1"}],"replies":[{"embeddable":true,"href":"https:\/\/www.uilscuolaemiliaromagna.it\/public\/er\/wp-json\/wp\/v2\/comments?post=8315"}],"version-history":[{"count":1,"href":"https:\/\/www.uilscuolaemiliaromagna.it\/public\/er\/wp-json\/wp\/v2\/posts\/8315\/revisions"}],"predecessor-version":[{"id":8318,"href":"https:\/\/www.uilscuolaemiliaromagna.it\/public\/er\/wp-json\/wp\/v2\/posts\/8315\/revisions\/8318"}],"wp:featuredmedia":[{"embeddable":true,"href":"https:\/\/www.uilscuolaemiliaromagna.it\/public\/er\/wp-json\/wp\/v2\/media\/8317"}],"wp:attachment":[{"href":"https:\/\/www.uilscuolaemiliaromagna.it\/public\/er\/wp-json\/wp\/v2\/media?parent=8315"}],"wp:term":[{"taxonomy":"category","embeddable":true,"href":"https:\/\/www.uilscuolaemiliaromagna.it\/public\/er\/wp-json\/wp\/v2\/categories?post=8315"},{"taxonomy":"post_tag","embeddable":true,"href":"https:\/\/www.uilscuolaemiliaromagna.it\/public\/er\/wp-json\/wp\/v2\/tags?post=8315"}],"curies":[{"name":"wp","href":"https:\/\/api.w.org\/{rel}","templated":true}]}}