{"id":8384,"date":"2021-06-10T22:31:37","date_gmt":"2021-06-10T20:31:37","guid":{"rendered":"http:\/\/www.uilscuolaemiliaromagna.it\/public\/er\/?p=8384"},"modified":"2021-06-14T09:36:37","modified_gmt":"2021-06-14T07:36:37","slug":"concorso-stem-verso-il-15-giugno-la-pubblicazione-del-bando-le-prove-i-primi-di-luglio","status":"publish","type":"post","link":"https:\/\/www.uilscuolaemiliaromagna.it\/public\/er\/2021\/06\/10\/concorso-stem-verso-il-15-giugno-la-pubblicazione-del-bando-le-prove-i-primi-di-luglio\/","title":{"rendered":"CONCORSO STEM: verso il 15 giugno la pubblicazione del bando. Le prove i primi di luglio"},"content":{"rendered":"<p style=\"text-align: justify;\">L\u2019amministrazione ha presentato la bozza del bando di concorso STEM previsto dal decreto-legge n. 73 del 2021 che prevede un concorso ordinario con procedure semplificate per le sole classi di concorso A020 \u2013 Fisica, A026 -Matematica, A027 \u2013 Matematica e fisica, A 028 \u2013 Matematica e scienze e A041 \u2013 Scienze e tecnologie informatiche.<br \/>\nSi tratta di una delle novit\u00e0 del Decreto Sostegni Bis che prevede delle modificazioni per le procedure concorsuali ordinarie gi\u00e0 bandite, senza che ci\u00f2 comporti la riapertura dei termini per la presentazione delle istanze o la modifica dei requisiti di partecipazione. In questo caso c\u2019\u00e8 una anticipazione del concorso ordinario gi\u00e0 bandito per le discipline matematico-scientifiche i cui tempi di realizzazione sono tali che il bando stesso ne prefigura l\u2019esito sino ad un anno dalla data.<\/p>\n<hr \/>\n<p style=\"text-align: justify;\"><strong>LE PROVE<\/strong><\/p>\n<p style=\"text-align: justify;\">La prova scritta \u00e8 unica e distinta per ciascuna classe di concorso, consiste in pi\u00f9 quesiti a risposta multipla, volti all\u2019accertamento delle conoscenze e competenze del candidato sulle discipline della classe di concorso, nonch\u00e9 sulla preparazione informatica e sulla conoscenza della lingua inglese al livello B2 del Quadro Comune Europeo di Riferimento per le lingue.<\/p>\n<p style=\"text-align: justify;\"><strong>La<\/strong>\u00a0<strong>prova scritta<br \/>\n<\/strong>Unica, computer-based:<\/p>\n<ul style=\"text-align: justify;\">\n<li>\u00a0 \u00a0\u00a0 Si svolge nella regione per la quale il candidato ha presentato domanda di partecipazione,<\/li>\n<li>\u00a0 \u00a0\u00a0 \u00c8 composta di 50 quesiti, 40 dei quali vertenti sui programmi previsti per la singola classe di concorso, 5 sulle competenze digitali e 5 sulle competenze della lingua inglese. Non si d\u00e0 luogo alla previa pubblicazione dei quesiti.<\/li>\n<li>\u00a0 \u00a0\u00a0 Per la classe di concorso A027-Matematica e fisica i 40 quesiti vertenti sui programmi sono suddivisi tra 20 quesiti di matematica e 20 quesiti di fisica.<\/li>\n<li>\u00a0 \u00a0\u00a0 Per la classe di concorso A028 Matematica e scienze, i 40 quesiti vertenti sui programmi sono suddivisi tra 20 quesiti di matematica e 20 quesiti nell\u2019ambito delle scienze chimiche, fisiche, biologiche e naturali.<\/li>\n<li>\u00a0 \u00a0\u00a0 Ciascun quesito consiste in una domanda seguita da quattro risposte, delle quali solo una \u00e8 esatta;<\/li>\n<li>\u00a0 \u00a0\u00a0 L\u2019ordine dei 50 quesiti \u00e8 somministrato in modalit\u00e0 casuale per ciascun candidato.<\/li>\n<li>\u00a0 \u00a0\u00a0 Ha una durata massima di 100 minuti, fermi restando gli eventuali tempi aggiuntivi di cui all\u2019articolo 20 della legge 5 febbraio 1992, n. 104.<\/li>\n<li>\u00a0 \u00a0\u00a0 La valutazione della prova \u00e8 effettuata assegnando 2 punti a ciascuna risposta esatta, zero punti alle risposte non date o errate.<\/li>\n<li>\u00a0 \u00a0\u00a0 La prova \u00e8 valutata al massimo 100 punti ed \u00e8 superata da coloro che conseguono il punteggio minimo di 70 punti.<\/li>\n<\/ul>\n<p style=\"text-align: justify;\"><strong>Prova orale<br \/>\n<\/strong>I candidati che hanno superato la prova scritta sono ammessi a sostenere la prova orale.<\/p>\n<ul style=\"text-align: justify;\">\n<li>Ha una durata massima complessiva di 45 minuti.<\/li>\n<li>Consiste nella progettazione di una attivit\u00e0 didattica, comprensiva dell\u2019illustrazione delle scelte contenutistiche, didattiche e metodologiche compiute e di esempi di utilizzo pratico delle TIC.<\/li>\n<li>La commissione interloquisce con il candidato e accerta altres\u00ec la capacit\u00e0 di comprensione e conversazione in lingua inglese almeno al livello B2 del Quadro comune europeo di riferimento per le lingue.<\/li>\n<li>Per la valutazione della prova orale la commissione ha a disposizione un massimo di 100 punti.<\/li>\n<li>La prova orale \u00e8 superata dai candidati che conseguono il punteggio minimo di 70 punti su 100.<\/li>\n<li>Superano la prova orale i candidati che conseguono un punteggio complessivo minimo di 70 punti su 100.<\/li>\n<\/ul>\n<p style=\"text-align: justify;\">Il superamento di tutte le prove concorsuali, attraverso il conseguimento dei punteggi minimi, vale come abilitazione all\u2019insegnamento per le medesime classi di concorso.<\/p>\n<hr \/>\n<p style=\"text-align: justify;\"><strong><em>La posizione della UIL Scuola<\/em><\/strong><\/p>\n<p style=\"text-align: justify;\">La UIL scuola ha ribadito il principio, gi\u00e0 espresso nei precedenti incontri sul tema: questo concorso \u00e8 solo un annuncio che non risolver\u00e0 per nulla il vero problema che oggi affligge la scuola: mettere in cattedra tutti i docenti il 1\u00b0 settembre.<\/p>\n<p style=\"text-align: justify;\">\u00c8 di tutta evidenza che si tratti di una norma civetta che serve per motivare uno stravagante concorso last minute di dubbia legittimit\u00e0 costituzionale e di realizzazione pratica che serve ad allargare e dividere gli aspiranti visto che questo concorso non aperto a tutti dovrebbe attuare una sorta di sorpasso a destra rispetto ai precari di I e II fascia delle GPS messi in stand by e di creare una sorta di gerarchia fra le disciplina, per cui alcune sono pi\u00f9 \u201curgenti\u201d e importanti di altre. Ci\u00f2 determiner\u00e0 un pasticcio da cui sar\u00e0 difficile uscirne e che sar\u00e0 fonte di contenziosi.<\/p>\n<p style=\"text-align: justify;\">Inoltre, \u00e8 un concorso che al massimo riuscir\u00e0 a immettere in ruolo, se tutto andr\u00e0 bene, meno della met\u00e0 dei posti previsti e le cui graduatorie, memori di quello che \u00e8 gi\u00e0 successo con i precedenti concorsi, non riusciranno a essere utilizzate per tempo.<\/p>\n<p style=\"text-align: justify;\">Altra cosa assurda \u00e8 prevedere in legge e in un bando che eventuali nomine in ruolo successive al 1\u00b0 settembre e fino al 30 ottobre andranno a determinare la revoca di contratti di supplenza gi\u00e0 stipulati. Una ennesima non considerazione dei supplenti con il consueto meccanismo dell&#8217;\u201dusa e getta\u201d e un ennesimo sgarbo alla tanto sbandierata continuit\u00e0 didattica degli alunni. Sarebbe la prima volta che si ignora il tempo della scuola e dell\u2019insegnamento.<\/p>\n<p style=\"text-align: justify;\">Per quanto riguarda invece la modifica delle prove concorsuali, sembra ormai un gioco di societ\u00e0 l\u2019attivit\u00e0 riformista consiste nel definire domande chiuse o aperte e viceversa determinandone il merito, senza considerare che la vera attitudine alla professione, si verifica solo con la formazione e con la relativa verifica in situazione.<\/p>\n\n<div class=\"twitter-share\"><a href=\"https:\/\/twitter.com\/intent\/tweet?via=UILScuolaBO_ER\" class=\"twitter-share-button\" data-size=\"large\">Tweet<\/a><\/div>\n","protected":false},"excerpt":{"rendered":"<p>L\u2019amministrazione ha presentato la bozza del bando di concorso STEM previsto dal decreto-legge n. 73 del 2021 che prevede un concorso ordinario con procedure semplificate &hellip; <\/p>\n","protected":false},"author":1,"featured_media":8385,"comment_status":"closed","ping_status":"open","sticky":false,"template":"","format":"standard","meta":{"footnotes":""},"categories":[12,6],"tags":[],"yoast_head":"<!-- This site is optimized with the Yoast SEO plugin v21.7 - https:\/\/yoast.com\/wordpress\/plugins\/seo\/ -->\r\n<title>CONCORSO STEM: verso il 15 giugno la pubblicazione del bando. Le prove i primi di luglio - Uil Scuola Emilia Romagna<\/title>\r\n<meta name=\"robots\" content=\"index, follow, max-snippet:-1, max-image-preview:large, max-video-preview:-1\" \/>\r\n<link rel=\"canonical\" href=\"https:\/\/www.uilscuolaemiliaromagna.it\/public\/er\/2021\/06\/10\/concorso-stem-verso-il-15-giugno-la-pubblicazione-del-bando-le-prove-i-primi-di-luglio\/\" \/>\r\n<meta property=\"og:locale\" content=\"it_IT\" \/>\r\n<meta property=\"og:type\" content=\"article\" \/>\r\n<meta property=\"og:title\" content=\"CONCORSO STEM: verso il 15 giugno la pubblicazione del bando. Le prove i primi di luglio - Uil Scuola Emilia Romagna\" \/>\r\n<meta property=\"og:description\" content=\"L\u2019amministrazione ha presentato la bozza del bando di concorso STEM previsto dal decreto-legge n. 73 del 2021 che prevede un concorso ordinario con procedure semplificate &hellip;\" \/>\r\n<meta property=\"og:url\" content=\"https:\/\/www.uilscuolaemiliaromagna.it\/public\/er\/2021\/06\/10\/concorso-stem-verso-il-15-giugno-la-pubblicazione-del-bando-le-prove-i-primi-di-luglio\/\" \/>\r\n<meta property=\"og:site_name\" content=\"Uil Scuola Emilia Romagna\" \/>\r\n<meta property=\"article:published_time\" content=\"2021-06-10T20:31:37+00:00\" \/>\r\n<meta property=\"article:modified_time\" content=\"2021-06-14T07:36:37+00:00\" \/>\r\n<meta property=\"og:image\" content=\"https:\/\/www.uilscuolaemiliaromagna.it\/public\/er\/wp-content\/uploads\/2021\/06\/bando-stem-150x150-1.jpg\" \/>\r\n\t<meta property=\"og:image:width\" content=\"150\" \/>\r\n\t<meta property=\"og:image:height\" content=\"150\" \/>\r\n\t<meta property=\"og:image:type\" content=\"image\/jpeg\" \/>\r\n<meta name=\"author\" content=\"admin\" \/>\r\n<meta name=\"twitter:card\" content=\"summary_large_image\" \/>\r\n<meta name=\"twitter:label1\" content=\"Scritto da\" \/>\n\t<meta name=\"twitter:data1\" content=\"admin\" \/>\n\t<meta name=\"twitter:label2\" content=\"Tempo di lettura stimato\" \/>\n\t<meta name=\"twitter:data2\" content=\"4 minuti\" \/>\r\n<script type=\"application\/ld+json\" class=\"yoast-schema-graph\">{\"@context\":\"https:\/\/schema.org\",\"@graph\":[{\"@type\":\"Article\",\"@id\":\"https:\/\/www.uilscuolaemiliaromagna.it\/public\/er\/2021\/06\/10\/concorso-stem-verso-il-15-giugno-la-pubblicazione-del-bando-le-prove-i-primi-di-luglio\/#article\",\"isPartOf\":{\"@id\":\"https:\/\/www.uilscuolaemiliaromagna.it\/public\/er\/2021\/06\/10\/concorso-stem-verso-il-15-giugno-la-pubblicazione-del-bando-le-prove-i-primi-di-luglio\/\"},\"author\":{\"name\":\"admin\",\"@id\":\"https:\/\/www.uilscuolaemiliaromagna.it\/public\/er\/#\/schema\/person\/f42878fd07a4b6ba2b7153d4fad5de5e\"},\"headline\":\"CONCORSO STEM: verso il 15 giugno la pubblicazione del bando. Le prove i primi di luglio\",\"datePublished\":\"2021-06-10T20:31:37+00:00\",\"dateModified\":\"2021-06-14T07:36:37+00:00\",\"mainEntityOfPage\":{\"@id\":\"https:\/\/www.uilscuolaemiliaromagna.it\/public\/er\/2021\/06\/10\/concorso-stem-verso-il-15-giugno-la-pubblicazione-del-bando-le-prove-i-primi-di-luglio\/\"},\"wordCount\":844,\"publisher\":{\"@id\":\"https:\/\/www.uilscuolaemiliaromagna.it\/public\/er\/#organization\"},\"articleSection\":[\"Notizie\",\"Personale Docente\"],\"inLanguage\":\"it-IT\"},{\"@type\":\"WebPage\",\"@id\":\"https:\/\/www.uilscuolaemiliaromagna.it\/public\/er\/2021\/06\/10\/concorso-stem-verso-il-15-giugno-la-pubblicazione-del-bando-le-prove-i-primi-di-luglio\/\",\"url\":\"https:\/\/www.uilscuolaemiliaromagna.it\/public\/er\/2021\/06\/10\/concorso-stem-verso-il-15-giugno-la-pubblicazione-del-bando-le-prove-i-primi-di-luglio\/\",\"name\":\"CONCORSO STEM: verso il 15 giugno la pubblicazione del bando. Le prove i primi di luglio - Uil Scuola Emilia Romagna\",\"isPartOf\":{\"@id\":\"https:\/\/www.uilscuolaemiliaromagna.it\/public\/er\/#website\"},\"datePublished\":\"2021-06-10T20:31:37+00:00\",\"dateModified\":\"2021-06-14T07:36:37+00:00\",\"breadcrumb\":{\"@id\":\"https:\/\/www.uilscuolaemiliaromagna.it\/public\/er\/2021\/06\/10\/concorso-stem-verso-il-15-giugno-la-pubblicazione-del-bando-le-prove-i-primi-di-luglio\/#breadcrumb\"},\"inLanguage\":\"it-IT\",\"potentialAction\":[{\"@type\":\"ReadAction\",\"target\":[\"https:\/\/www.uilscuolaemiliaromagna.it\/public\/er\/2021\/06\/10\/concorso-stem-verso-il-15-giugno-la-pubblicazione-del-bando-le-prove-i-primi-di-luglio\/\"]}]},{\"@type\":\"BreadcrumbList\",\"@id\":\"https:\/\/www.uilscuolaemiliaromagna.it\/public\/er\/2021\/06\/10\/concorso-stem-verso-il-15-giugno-la-pubblicazione-del-bando-le-prove-i-primi-di-luglio\/#breadcrumb\",\"itemListElement\":[{\"@type\":\"ListItem\",\"position\":1,\"name\":\"Home\",\"item\":\"https:\/\/www.uilscuolaemiliaromagna.it\/public\/er\/\"},{\"@type\":\"ListItem\",\"position\":2,\"name\":\"CONCORSO STEM: verso il 15 giugno la pubblicazione del bando. Le prove i primi di luglio\"}]},{\"@type\":\"WebSite\",\"@id\":\"https:\/\/www.uilscuolaemiliaromagna.it\/public\/er\/#website\",\"url\":\"https:\/\/www.uilscuolaemiliaromagna.it\/public\/er\/\",\"name\":\"Uil Scuola Emilia Romagna\",\"description\":\"La voce libera della scuola\",\"publisher\":{\"@id\":\"https:\/\/www.uilscuolaemiliaromagna.it\/public\/er\/#organization\"},\"potentialAction\":[{\"@type\":\"SearchAction\",\"target\":{\"@type\":\"EntryPoint\",\"urlTemplate\":\"https:\/\/www.uilscuolaemiliaromagna.it\/public\/er\/?s={search_term_string}\"},\"query-input\":\"required name=search_term_string\"}],\"inLanguage\":\"it-IT\"},{\"@type\":\"Organization\",\"@id\":\"https:\/\/www.uilscuolaemiliaromagna.it\/public\/er\/#organization\",\"name\":\"Uil Scuola Emilia Romagna\",\"url\":\"https:\/\/www.uilscuolaemiliaromagna.it\/public\/er\/\",\"logo\":{\"@type\":\"ImageObject\",\"inLanguage\":\"it-IT\",\"@id\":\"https:\/\/www.uilscuolaemiliaromagna.it\/public\/er\/#\/schema\/logo\/image\/\",\"url\":\"https:\/\/www.uilscuolaemiliaromagna.it\/public\/er\/wp-content\/uploads\/2017\/04\/cropped-header.png\",\"contentUrl\":\"https:\/\/www.uilscuolaemiliaromagna.it\/public\/er\/wp-content\/uploads\/2017\/04\/cropped-header.png\",\"width\":1000,\"height\":150,\"caption\":\"Uil Scuola Emilia Romagna\"},\"image\":{\"@id\":\"https:\/\/www.uilscuolaemiliaromagna.it\/public\/er\/#\/schema\/logo\/image\/\"}},{\"@type\":\"Person\",\"@id\":\"https:\/\/www.uilscuolaemiliaromagna.it\/public\/er\/#\/schema\/person\/f42878fd07a4b6ba2b7153d4fad5de5e\",\"name\":\"admin\",\"image\":{\"@type\":\"ImageObject\",\"inLanguage\":\"it-IT\",\"@id\":\"https:\/\/www.uilscuolaemiliaromagna.it\/public\/er\/#\/schema\/person\/image\/\",\"url\":\"https:\/\/secure.gravatar.com\/avatar\/aebf815ae2f30ffdae8b8c247273d34c?s=96&d=mm&r=g\",\"contentUrl\":\"https:\/\/secure.gravatar.com\/avatar\/aebf815ae2f30ffdae8b8c247273d34c?s=96&d=mm&r=g\",\"caption\":\"admin\"},\"url\":\"https:\/\/www.uilscuolaemiliaromagna.it\/public\/er\/author\/admin\/\"}]}<\/script>\r\n<!-- \/ Yoast SEO plugin. -->","yoast_head_json":{"title":"CONCORSO STEM: verso il 15 giugno la pubblicazione del bando. Le prove i primi di luglio - Uil Scuola Emilia Romagna","robots":{"index":"index","follow":"follow","max-snippet":"max-snippet:-1","max-image-preview":"max-image-preview:large","max-video-preview":"max-video-preview:-1"},"canonical":"https:\/\/www.uilscuolaemiliaromagna.it\/public\/er\/2021\/06\/10\/concorso-stem-verso-il-15-giugno-la-pubblicazione-del-bando-le-prove-i-primi-di-luglio\/","og_locale":"it_IT","og_type":"article","og_title":"CONCORSO STEM: verso il 15 giugno la pubblicazione del bando. Le prove i primi di luglio - Uil Scuola Emilia Romagna","og_description":"L\u2019amministrazione ha presentato la bozza del bando di concorso STEM previsto dal decreto-legge n. 73 del 2021 che prevede un concorso ordinario con procedure semplificate &hellip;","og_url":"https:\/\/www.uilscuolaemiliaromagna.it\/public\/er\/2021\/06\/10\/concorso-stem-verso-il-15-giugno-la-pubblicazione-del-bando-le-prove-i-primi-di-luglio\/","og_site_name":"Uil Scuola Emilia Romagna","article_published_time":"2021-06-10T20:31:37+00:00","article_modified_time":"2021-06-14T07:36:37+00:00","og_image":[{"width":150,"height":150,"url":"https:\/\/www.uilscuolaemiliaromagna.it\/public\/er\/wp-content\/uploads\/2021\/06\/bando-stem-150x150-1.jpg","type":"image\/jpeg"}],"author":"admin","twitter_card":"summary_large_image","twitter_misc":{"Scritto da":"admin","Tempo di lettura stimato":"4 minuti"},"schema":{"@context":"https:\/\/schema.org","@graph":[{"@type":"Article","@id":"https:\/\/www.uilscuolaemiliaromagna.it\/public\/er\/2021\/06\/10\/concorso-stem-verso-il-15-giugno-la-pubblicazione-del-bando-le-prove-i-primi-di-luglio\/#article","isPartOf":{"@id":"https:\/\/www.uilscuolaemiliaromagna.it\/public\/er\/2021\/06\/10\/concorso-stem-verso-il-15-giugno-la-pubblicazione-del-bando-le-prove-i-primi-di-luglio\/"},"author":{"name":"admin","@id":"https:\/\/www.uilscuolaemiliaromagna.it\/public\/er\/#\/schema\/person\/f42878fd07a4b6ba2b7153d4fad5de5e"},"headline":"CONCORSO STEM: verso il 15 giugno la pubblicazione del bando. Le prove i primi di luglio","datePublished":"2021-06-10T20:31:37+00:00","dateModified":"2021-06-14T07:36:37+00:00","mainEntityOfPage":{"@id":"https:\/\/www.uilscuolaemiliaromagna.it\/public\/er\/2021\/06\/10\/concorso-stem-verso-il-15-giugno-la-pubblicazione-del-bando-le-prove-i-primi-di-luglio\/"},"wordCount":844,"publisher":{"@id":"https:\/\/www.uilscuolaemiliaromagna.it\/public\/er\/#organization"},"articleSection":["Notizie","Personale Docente"],"inLanguage":"it-IT"},{"@type":"WebPage","@id":"https:\/\/www.uilscuolaemiliaromagna.it\/public\/er\/2021\/06\/10\/concorso-stem-verso-il-15-giugno-la-pubblicazione-del-bando-le-prove-i-primi-di-luglio\/","url":"https:\/\/www.uilscuolaemiliaromagna.it\/public\/er\/2021\/06\/10\/concorso-stem-verso-il-15-giugno-la-pubblicazione-del-bando-le-prove-i-primi-di-luglio\/","name":"CONCORSO STEM: verso il 15 giugno la pubblicazione del bando. Le prove i primi di luglio - Uil Scuola Emilia Romagna","isPartOf":{"@id":"https:\/\/www.uilscuolaemiliaromagna.it\/public\/er\/#website"},"datePublished":"2021-06-10T20:31:37+00:00","dateModified":"2021-06-14T07:36:37+00:00","breadcrumb":{"@id":"https:\/\/www.uilscuolaemiliaromagna.it\/public\/er\/2021\/06\/10\/concorso-stem-verso-il-15-giugno-la-pubblicazione-del-bando-le-prove-i-primi-di-luglio\/#breadcrumb"},"inLanguage":"it-IT","potentialAction":[{"@type":"ReadAction","target":["https:\/\/www.uilscuolaemiliaromagna.it\/public\/er\/2021\/06\/10\/concorso-stem-verso-il-15-giugno-la-pubblicazione-del-bando-le-prove-i-primi-di-luglio\/"]}]},{"@type":"BreadcrumbList","@id":"https:\/\/www.uilscuolaemiliaromagna.it\/public\/er\/2021\/06\/10\/concorso-stem-verso-il-15-giugno-la-pubblicazione-del-bando-le-prove-i-primi-di-luglio\/#breadcrumb","itemListElement":[{"@type":"ListItem","position":1,"name":"Home","item":"https:\/\/www.uilscuolaemiliaromagna.it\/public\/er\/"},{"@type":"ListItem","position":2,"name":"CONCORSO STEM: verso il 15 giugno la pubblicazione del bando. Le prove i primi di luglio"}]},{"@type":"WebSite","@id":"https:\/\/www.uilscuolaemiliaromagna.it\/public\/er\/#website","url":"https:\/\/www.uilscuolaemiliaromagna.it\/public\/er\/","name":"Uil Scuola Emilia Romagna","description":"La voce libera della scuola","publisher":{"@id":"https:\/\/www.uilscuolaemiliaromagna.it\/public\/er\/#organization"},"potentialAction":[{"@type":"SearchAction","target":{"@type":"EntryPoint","urlTemplate":"https:\/\/www.uilscuolaemiliaromagna.it\/public\/er\/?s={search_term_string}"},"query-input":"required name=search_term_string"}],"inLanguage":"it-IT"},{"@type":"Organization","@id":"https:\/\/www.uilscuolaemiliaromagna.it\/public\/er\/#organization","name":"Uil Scuola Emilia Romagna","url":"https:\/\/www.uilscuolaemiliaromagna.it\/public\/er\/","logo":{"@type":"ImageObject","inLanguage":"it-IT","@id":"https:\/\/www.uilscuolaemiliaromagna.it\/public\/er\/#\/schema\/logo\/image\/","url":"https:\/\/www.uilscuolaemiliaromagna.it\/public\/er\/wp-content\/uploads\/2017\/04\/cropped-header.png","contentUrl":"https:\/\/www.uilscuolaemiliaromagna.it\/public\/er\/wp-content\/uploads\/2017\/04\/cropped-header.png","width":1000,"height":150,"caption":"Uil Scuola Emilia Romagna"},"image":{"@id":"https:\/\/www.uilscuolaemiliaromagna.it\/public\/er\/#\/schema\/logo\/image\/"}},{"@type":"Person","@id":"https:\/\/www.uilscuolaemiliaromagna.it\/public\/er\/#\/schema\/person\/f42878fd07a4b6ba2b7153d4fad5de5e","name":"admin","image":{"@type":"ImageObject","inLanguage":"it-IT","@id":"https:\/\/www.uilscuolaemiliaromagna.it\/public\/er\/#\/schema\/person\/image\/","url":"https:\/\/secure.gravatar.com\/avatar\/aebf815ae2f30ffdae8b8c247273d34c?s=96&d=mm&r=g","contentUrl":"https:\/\/secure.gravatar.com\/avatar\/aebf815ae2f30ffdae8b8c247273d34c?s=96&d=mm&r=g","caption":"admin"},"url":"https:\/\/www.uilscuolaemiliaromagna.it\/public\/er\/author\/admin\/"}]}},"views":856,"_links":{"self":[{"href":"https:\/\/www.uilscuolaemiliaromagna.it\/public\/er\/wp-json\/wp\/v2\/posts\/8384"}],"collection":[{"href":"https:\/\/www.uilscuolaemiliaromagna.it\/public\/er\/wp-json\/wp\/v2\/posts"}],"about":[{"href":"https:\/\/www.uilscuolaemiliaromagna.it\/public\/er\/wp-json\/wp\/v2\/types\/post"}],"author":[{"embeddable":true,"href":"https:\/\/www.uilscuolaemiliaromagna.it\/public\/er\/wp-json\/wp\/v2\/users\/1"}],"replies":[{"embeddable":true,"href":"https:\/\/www.uilscuolaemiliaromagna.it\/public\/er\/wp-json\/wp\/v2\/comments?post=8384"}],"version-history":[{"count":1,"href":"https:\/\/www.uilscuolaemiliaromagna.it\/public\/er\/wp-json\/wp\/v2\/posts\/8384\/revisions"}],"predecessor-version":[{"id":8386,"href":"https:\/\/www.uilscuolaemiliaromagna.it\/public\/er\/wp-json\/wp\/v2\/posts\/8384\/revisions\/8386"}],"wp:featuredmedia":[{"embeddable":true,"href":"https:\/\/www.uilscuolaemiliaromagna.it\/public\/er\/wp-json\/wp\/v2\/media\/8385"}],"wp:attachment":[{"href":"https:\/\/www.uilscuolaemiliaromagna.it\/public\/er\/wp-json\/wp\/v2\/media?parent=8384"}],"wp:term":[{"taxonomy":"category","embeddable":true,"href":"https:\/\/www.uilscuolaemiliaromagna.it\/public\/er\/wp-json\/wp\/v2\/categories?post=8384"},{"taxonomy":"post_tag","embeddable":true,"href":"https:\/\/www.uilscuolaemiliaromagna.it\/public\/er\/wp-json\/wp\/v2\/tags?post=8384"}],"curies":[{"name":"wp","href":"https:\/\/api.w.org\/{rel}","templated":true}]}}