{"id":8387,"date":"2021-06-10T22:45:50","date_gmt":"2021-06-10T20:45:50","guid":{"rendered":"http:\/\/www.uilscuolaemiliaromagna.it\/public\/er\/?p=8387"},"modified":"2021-06-14T10:49:28","modified_gmt":"2021-06-14T08:49:28","slug":"assegnazioni-provvisorie-continua-la-logica-dei-blocchi-e-si-mette-in-campo-uno-stravagante-concorso-last-minute","status":"publish","type":"post","link":"https:\/\/www.uilscuolaemiliaromagna.it\/public\/er\/2021\/06\/10\/assegnazioni-provvisorie-continua-la-logica-dei-blocchi-e-si-mette-in-campo-uno-stravagante-concorso-last-minute\/","title":{"rendered":"Assegnazioni provvisorie: continua la logica dei blocchi e si mette in campo uno stravagante concorso last minute"},"content":{"rendered":"<p style=\"text-align: justify;\">Gioved\u00ec 10 giugno si \u00e8 tenuto un incontro tra le Organizzazioni sindacali scuola e i rappresentanti del Ministero dell\u2019istruzione. L\u2019oggetto dell\u2019incontro \u00e8 stato l\u2019informativa e il confronto sulle prossime domande di assegnazione provvisoria del personale docente e ATA e la bozza del Bando di concorso STEM previsto dal decreto-legge n. 73 del 2021. Per la UIL Scuola hanno partecipato Giancarlo Turi e Paolo Pizzo.<\/p>\n<hr \/>\n<p style=\"text-align: justify;\"><strong>ASSEGNAZIONI PROVVISORIE<br \/>\nPersonale docente, possibili domande dal 15 giugno al 5 luglio 2021. Personale ATA dal 28 giugno al 12 luglio.<br \/>\n<\/strong><strong>Si vedono blocchi anche dove non sono previsti per legge.<\/strong><\/p>\n<p style=\"text-align: justify;\">Nella bozza della nota presentata alle Organizzazioni sindacali che dovrebbe dare avvio alle prossime assegnazioni provvisorie e utilizzazioni, l\u2019amministrazione, nel richiamare la non possibilit\u00e0 di ricorrere alla mobilit\u00e0 annuale 2021\/22 per tutti i docenti neo-assunti in ruolo l\u20191\/9\/2020, a seguito della legge 20 dicembre 2019, n. 159, introduce un analogo blocco, sempre per le assegnazioni provvisorie anche per i docenti che hanno partecipato al concorso straordinario per la scuola secondaria di primo e di secondo grado bandito con DDG n. 85\/18 e che sono stati immessi in ruolo il 1\u00b0 settembre 2019. Come dire, due blocchi sono meglio di uno!<\/p>\n<blockquote><p><em>L\u2019amministrazione \u00e8 talmente annebbiata dalla logica del \u201cblocco per tutti\u201d che vede vincoli anche dove non ci sono.<\/em><\/p><\/blockquote>\n<p style=\"text-align: justify;\">La UIL scuola ha fatto presente come i docenti ex percorso del 3\u00b0 anno del FIT (DDG n. 85\/18), immessi in ruolo il 1\u00b0 settembre 2019 non soggetti ad alcun blocco per quanto riguarda la mobilit\u00e0 annuale e di conseguenza neanche per le assegnazioni provvisorie.<br \/>\nProva ne \u00e8 il fatto che grazie alla sottoscrizione del Contratto sulle assegnazioni e utilizzazioni, siglato l\u20198 luglio 2020, successivamente alla legge n. 158, di fatto e di diritto l\u2019ha disapplicata. L\u2019anno scorso, si \u00e8 gi\u00e0 permesso a tale personale, di produrre domanda di assegnazione provvisoria. Non crediamo sia possibile alternare un diritto, un anno s\u00ec e un anno no, quando neanche la legge pone alcun vincolo in tal senso!<\/p>\n<hr \/>\n<p style=\"text-align: justify;\"><em><strong>La posizione della La UIL scuola: eliminazione del blocco per tutti<\/strong><\/em><\/p>\n<p style=\"text-align: justify;\">La UIL scuola ha innanzitutto\u00a0<strong>preteso l\u2019eliminazione dalla nota della parte che riguarda il blocco per i docenti che hanno partecipato al concorso straordinario per la scuola secondaria di primo e di secondo grado bandito con DDG n. 85\/18<\/strong>\u00a0e che sono stati immessi in ruolo il 1\u00b0 settembre 2019 ai quali appunto \u00e8 stato gi\u00e0 permesso di produrre domanda di assegnazione provvisoria per l\u2019a.s. 20\/21 proprio in virt\u00f9 del fatto che non c\u2019\u00e8 alcun vincolo di legge in tal senso. Sono naturalmente compresi i docenti che rientrano nel DM 631\/2018 le cui graduatorie furono pubblicate entro il 31\/12\/18.<\/p>\n<p style=\"text-align: justify;\">Tuttavia, la UIL Scuola rivendica per tutti la possibilit\u00e0 di avanzare domanda di assegnazione provvisoria, proprio in virt\u00f9 del CCNI sottoscritto successivamente alla legge n. 159 in data 8 luglio 2020,\u00a0<strong>data successiva alla legge che impone il blocco quinquennale.<\/strong><\/p>\n<p style=\"text-align: justify;\">Infatti, La\u00a0Legge 20 dicembre 2019, n. 159, che istituisce il blocco quinquennale anche per le assegnazioni provvisorie, \u00e8 antecedente alla sigla definitiva del Contratto sulle\u00a0utilizzazioni e assegnazioni provvisorie. Tale blocco non \u00e8 stato recepito dal Contratto che lo ha disapplicato ai sensi e per gli effetti dell\u2019art 2, comma 2 del decreto legislativo n. 165\/2001.<\/p>\n<p style=\"text-align: justify;\"><strong>Per cui, per la UIL, il blocco deve essere eliminato per tutti perch\u00e9 il Contratto non lo prevede e in questi casi essendo stato sottoscritto successivamente alla legge prevale su quest\u2019ultima e si riserva di farla valere in ogni sede possibile.<\/strong><\/p>\n<p style=\"text-align: justify;\">La materia della mobilit\u00e0 delle persone che lavorano deve restare nell\u2019alveo della contrattazione e non pu\u00f2 essere stravolta da atti di legge ostili verso il personale la cui gestione in termini di mobilit\u00e0 \u00e8 sancita contrattualmente.<\/p>\n<p style=\"text-align: justify;\">Questo \u00e8 stato uno dei motivi per cui il 9 giugno la UIL scuola \u00e8 scesa in piazza rivendicando l\u2019eliminazione di qualsiasi blocco sulla mobilit\u00e0 del personale attraverso una modifica al Decreto Sostegni Bis.<\/p>\n<hr \/>\n<p style=\"text-align: justify;\"><strong>CONTRATTI COVID E PENSIONAMENTI IN RITARDO<br \/>\n<\/strong>A margine dell\u2019incontro la UIL scuola ha sollevato altre due questioni.<\/p>\n<ol>\n<li style=\"text-align: justify;\">La prima riguarda i cosiddetti\u00a0<strong>contratti \u201cCOVID\u201d<\/strong>\u00a0richiamando l\u2019attenzione dell\u2019amministrazione sulla nota unitaria gi\u00e0 inviata a suo tempo in cui avevamo chiesto che per tutti i contratti Covid\u00a0<strong>ci fosse l\u2019autorizzazione alle proroghe fino al 31 agosto\u00a0mentre,<\/strong>\u00a0il Ministero, con nota n. 17060 del 1\u00b0 giugno 2021 ha comunicato agli Uffici Scolastici Regionali di dare indicazioni ai dirigenti scolastici in merito alla\u00a0<strong>possibilit\u00e0 di prorogare i\u00a0contratti\u00a0di supplenza del personale ATA<\/strong>\u00a0<strong>in pochi casi specifici.<br \/>\n<\/strong>La UIL scuola ha ribadito che in alcune realt\u00e0 la non autorizzazione delle proroghe non garantir\u00e0 per tempo la regolare ed effettiva funzionalit\u00e0 delle attivit\u00e0 scolastiche in previsione dello svolgimento degli esami di Stato e pi\u00f9 in generale non assicurer\u00e0 la presenza del personale in servizio (compresi i supplenti \u201cCOVID\u201d) per completare le operazioni necessarie alla pubblicazione delle graduatorie di terza fascia ATA entro i tempi previsti e per la gestione di tutte le altre attivit\u00e0 di competenza. Non di meno quelle comprese nel nuovo Piano Scuola Estivo (laddove deliberate).<br \/>\nInoltre, si pone il problema della scuola dell\u2019Infanzia, in cui il termine delle lezioni coincide con il 30\/6 per cui la UIL scuola ha sollecitato l\u2019amministrazione a fare chiarezza agli Uffici Regionali, anche attraverso una nota, in cui sia specificato che il \u201ctermine delle lezioni\u201d per tale ordine di scuola sia da intendere il 30\/6 e non il 12\/6. Ci\u00f2 al fine di rendere uniforme in tutte le regioni la scadenza di tutti i contratti COVID di tale personale.<\/li>\n<li style=\"text-align: justify;\">La seconda questione riguarda ci\u00f2 che si \u00e8 verificato con i\u00a0<strong>trasferimenti appena conclusi<\/strong>.<br \/>\nIn diverse province alcuni\u00a0<strong>docenti perdenti posto<\/strong>\u00a0non sono riusciti a rientrare nella ex scuola con diritto di precedenza perch\u00e9 il posto non si \u00e8 reso libero nonostante ci fosse un docente pensionando, e ci\u00f2 a causa dei ritardi dovuti dall\u2019INPS rispetto alle date di chiusura dell\u2019organico.<br \/>\nOra, si arriver\u00e0 al paradosso, per cui il docente comunque andr\u00e0 in pensione mentre il posto che si render\u00e0 libero sar\u00e0 occupato da un neo immesso in ruolo con sede definitiva che andr\u00e0 quindi ad occupare il posto che sarebbe spettato al docente perdente posto con diritto di rientro.<br \/>\nLa UIL scuola, al fine di evitare un inutile contenzioso, chiede di effettuare in tali province una rilevazione di questi casi e di risolverli, anche attraverso delle conciliazioni, prima delle operazioni di immissione in ruolo. Vorremmo evitare di andare in sede giurisdizionale per fare valere diritti quesiti.<\/li>\n<\/ol>\n<p>&nbsp;<\/p>\n\n<div class=\"twitter-share\"><a href=\"https:\/\/twitter.com\/intent\/tweet?via=UILScuolaBO_ER\" class=\"twitter-share-button\" data-size=\"large\">Tweet<\/a><\/div>\n","protected":false},"excerpt":{"rendered":"<p>Gioved\u00ec 10 giugno si \u00e8 tenuto un incontro tra le Organizzazioni sindacali scuola e i rappresentanti del Ministero dell\u2019istruzione. L\u2019oggetto dell\u2019incontro \u00e8 stato l\u2019informativa e &hellip; <\/p>\n","protected":false},"author":1,"featured_media":8388,"comment_status":"closed","ping_status":"open","sticky":false,"template":"","format":"standard","meta":{"footnotes":""},"categories":[5,12],"tags":[],"yoast_head":"<!-- This site is optimized with the Yoast SEO plugin v21.7 - https:\/\/yoast.com\/wordpress\/plugins\/seo\/ -->\r\n<title>Assegnazioni provvisorie: continua la logica dei blocchi e si mette in campo uno stravagante concorso last minute - Uil Scuola Emilia Romagna<\/title>\r\n<meta name=\"robots\" content=\"index, follow, max-snippet:-1, max-image-preview:large, max-video-preview:-1\" \/>\r\n<link rel=\"canonical\" href=\"https:\/\/www.uilscuolaemiliaromagna.it\/public\/er\/2021\/06\/10\/assegnazioni-provvisorie-continua-la-logica-dei-blocchi-e-si-mette-in-campo-uno-stravagante-concorso-last-minute\/\" \/>\r\n<meta property=\"og:locale\" content=\"it_IT\" \/>\r\n<meta property=\"og:type\" content=\"article\" \/>\r\n<meta property=\"og:title\" content=\"Assegnazioni provvisorie: continua la logica dei blocchi e si mette in campo uno stravagante concorso last minute - Uil Scuola Emilia Romagna\" \/>\r\n<meta property=\"og:description\" content=\"Gioved\u00ec 10 giugno si \u00e8 tenuto un incontro tra le Organizzazioni sindacali scuola e i rappresentanti del Ministero dell\u2019istruzione. L\u2019oggetto dell\u2019incontro \u00e8 stato l\u2019informativa e &hellip;\" \/>\r\n<meta property=\"og:url\" content=\"https:\/\/www.uilscuolaemiliaromagna.it\/public\/er\/2021\/06\/10\/assegnazioni-provvisorie-continua-la-logica-dei-blocchi-e-si-mette-in-campo-uno-stravagante-concorso-last-minute\/\" \/>\r\n<meta property=\"og:site_name\" content=\"Uil Scuola Emilia Romagna\" \/>\r\n<meta property=\"article:published_time\" content=\"2021-06-10T20:45:50+00:00\" \/>\r\n<meta property=\"article:modified_time\" content=\"2021-06-14T08:49:28+00:00\" \/>\r\n<meta property=\"og:image\" content=\"https:\/\/www.uilscuolaemiliaromagna.it\/public\/er\/wp-content\/uploads\/2021\/06\/mobilita-scuola-150x150-1.jpg\" \/>\r\n\t<meta property=\"og:image:width\" content=\"150\" \/>\r\n\t<meta property=\"og:image:height\" content=\"150\" \/>\r\n\t<meta property=\"og:image:type\" content=\"image\/jpeg\" \/>\r\n<meta name=\"author\" content=\"admin\" \/>\r\n<meta name=\"twitter:card\" content=\"summary_large_image\" \/>\r\n<meta name=\"twitter:label1\" content=\"Scritto da\" \/>\n\t<meta name=\"twitter:data1\" content=\"admin\" \/>\n\t<meta name=\"twitter:label2\" content=\"Tempo di lettura stimato\" \/>\n\t<meta name=\"twitter:data2\" content=\"5 minuti\" \/>\r\n<script type=\"application\/ld+json\" class=\"yoast-schema-graph\">{\"@context\":\"https:\/\/schema.org\",\"@graph\":[{\"@type\":\"Article\",\"@id\":\"https:\/\/www.uilscuolaemiliaromagna.it\/public\/er\/2021\/06\/10\/assegnazioni-provvisorie-continua-la-logica-dei-blocchi-e-si-mette-in-campo-uno-stravagante-concorso-last-minute\/#article\",\"isPartOf\":{\"@id\":\"https:\/\/www.uilscuolaemiliaromagna.it\/public\/er\/2021\/06\/10\/assegnazioni-provvisorie-continua-la-logica-dei-blocchi-e-si-mette-in-campo-uno-stravagante-concorso-last-minute\/\"},\"author\":{\"name\":\"admin\",\"@id\":\"https:\/\/www.uilscuolaemiliaromagna.it\/public\/er\/#\/schema\/person\/f42878fd07a4b6ba2b7153d4fad5de5e\"},\"headline\":\"Assegnazioni provvisorie: continua la logica dei blocchi e si mette in campo uno stravagante concorso last minute\",\"datePublished\":\"2021-06-10T20:45:50+00:00\",\"dateModified\":\"2021-06-14T08:49:28+00:00\",\"mainEntityOfPage\":{\"@id\":\"https:\/\/www.uilscuolaemiliaromagna.it\/public\/er\/2021\/06\/10\/assegnazioni-provvisorie-continua-la-logica-dei-blocchi-e-si-mette-in-campo-uno-stravagante-concorso-last-minute\/\"},\"wordCount\":1050,\"publisher\":{\"@id\":\"https:\/\/www.uilscuolaemiliaromagna.it\/public\/er\/#organization\"},\"articleSection\":[\"Mobilit\u00e0\",\"Notizie\"],\"inLanguage\":\"it-IT\"},{\"@type\":\"WebPage\",\"@id\":\"https:\/\/www.uilscuolaemiliaromagna.it\/public\/er\/2021\/06\/10\/assegnazioni-provvisorie-continua-la-logica-dei-blocchi-e-si-mette-in-campo-uno-stravagante-concorso-last-minute\/\",\"url\":\"https:\/\/www.uilscuolaemiliaromagna.it\/public\/er\/2021\/06\/10\/assegnazioni-provvisorie-continua-la-logica-dei-blocchi-e-si-mette-in-campo-uno-stravagante-concorso-last-minute\/\",\"name\":\"Assegnazioni provvisorie: continua la logica dei blocchi e si mette in campo uno stravagante concorso last minute - Uil Scuola Emilia Romagna\",\"isPartOf\":{\"@id\":\"https:\/\/www.uilscuolaemiliaromagna.it\/public\/er\/#website\"},\"datePublished\":\"2021-06-10T20:45:50+00:00\",\"dateModified\":\"2021-06-14T08:49:28+00:00\",\"breadcrumb\":{\"@id\":\"https:\/\/www.uilscuolaemiliaromagna.it\/public\/er\/2021\/06\/10\/assegnazioni-provvisorie-continua-la-logica-dei-blocchi-e-si-mette-in-campo-uno-stravagante-concorso-last-minute\/#breadcrumb\"},\"inLanguage\":\"it-IT\",\"potentialAction\":[{\"@type\":\"ReadAction\",\"target\":[\"https:\/\/www.uilscuolaemiliaromagna.it\/public\/er\/2021\/06\/10\/assegnazioni-provvisorie-continua-la-logica-dei-blocchi-e-si-mette-in-campo-uno-stravagante-concorso-last-minute\/\"]}]},{\"@type\":\"BreadcrumbList\",\"@id\":\"https:\/\/www.uilscuolaemiliaromagna.it\/public\/er\/2021\/06\/10\/assegnazioni-provvisorie-continua-la-logica-dei-blocchi-e-si-mette-in-campo-uno-stravagante-concorso-last-minute\/#breadcrumb\",\"itemListElement\":[{\"@type\":\"ListItem\",\"position\":1,\"name\":\"Home\",\"item\":\"https:\/\/www.uilscuolaemiliaromagna.it\/public\/er\/\"},{\"@type\":\"ListItem\",\"position\":2,\"name\":\"Assegnazioni provvisorie: continua la logica dei blocchi e si mette in campo uno stravagante concorso last minute\"}]},{\"@type\":\"WebSite\",\"@id\":\"https:\/\/www.uilscuolaemiliaromagna.it\/public\/er\/#website\",\"url\":\"https:\/\/www.uilscuolaemiliaromagna.it\/public\/er\/\",\"name\":\"Uil Scuola Emilia Romagna\",\"description\":\"La voce libera della scuola\",\"publisher\":{\"@id\":\"https:\/\/www.uilscuolaemiliaromagna.it\/public\/er\/#organization\"},\"potentialAction\":[{\"@type\":\"SearchAction\",\"target\":{\"@type\":\"EntryPoint\",\"urlTemplate\":\"https:\/\/www.uilscuolaemiliaromagna.it\/public\/er\/?s={search_term_string}\"},\"query-input\":\"required name=search_term_string\"}],\"inLanguage\":\"it-IT\"},{\"@type\":\"Organization\",\"@id\":\"https:\/\/www.uilscuolaemiliaromagna.it\/public\/er\/#organization\",\"name\":\"Uil Scuola Emilia Romagna\",\"url\":\"https:\/\/www.uilscuolaemiliaromagna.it\/public\/er\/\",\"logo\":{\"@type\":\"ImageObject\",\"inLanguage\":\"it-IT\",\"@id\":\"https:\/\/www.uilscuolaemiliaromagna.it\/public\/er\/#\/schema\/logo\/image\/\",\"url\":\"https:\/\/www.uilscuolaemiliaromagna.it\/public\/er\/wp-content\/uploads\/2017\/04\/cropped-header.png\",\"contentUrl\":\"https:\/\/www.uilscuolaemiliaromagna.it\/public\/er\/wp-content\/uploads\/2017\/04\/cropped-header.png\",\"width\":1000,\"height\":150,\"caption\":\"Uil Scuola Emilia Romagna\"},\"image\":{\"@id\":\"https:\/\/www.uilscuolaemiliaromagna.it\/public\/er\/#\/schema\/logo\/image\/\"}},{\"@type\":\"Person\",\"@id\":\"https:\/\/www.uilscuolaemiliaromagna.it\/public\/er\/#\/schema\/person\/f42878fd07a4b6ba2b7153d4fad5de5e\",\"name\":\"admin\",\"image\":{\"@type\":\"ImageObject\",\"inLanguage\":\"it-IT\",\"@id\":\"https:\/\/www.uilscuolaemiliaromagna.it\/public\/er\/#\/schema\/person\/image\/\",\"url\":\"https:\/\/secure.gravatar.com\/avatar\/aebf815ae2f30ffdae8b8c247273d34c?s=96&d=mm&r=g\",\"contentUrl\":\"https:\/\/secure.gravatar.com\/avatar\/aebf815ae2f30ffdae8b8c247273d34c?s=96&d=mm&r=g\",\"caption\":\"admin\"},\"url\":\"https:\/\/www.uilscuolaemiliaromagna.it\/public\/er\/author\/admin\/\"}]}<\/script>\r\n<!-- \/ Yoast SEO plugin. -->","yoast_head_json":{"title":"Assegnazioni provvisorie: continua la logica dei blocchi e si mette in campo uno stravagante concorso last minute - Uil Scuola Emilia Romagna","robots":{"index":"index","follow":"follow","max-snippet":"max-snippet:-1","max-image-preview":"max-image-preview:large","max-video-preview":"max-video-preview:-1"},"canonical":"https:\/\/www.uilscuolaemiliaromagna.it\/public\/er\/2021\/06\/10\/assegnazioni-provvisorie-continua-la-logica-dei-blocchi-e-si-mette-in-campo-uno-stravagante-concorso-last-minute\/","og_locale":"it_IT","og_type":"article","og_title":"Assegnazioni provvisorie: continua la logica dei blocchi e si mette in campo uno stravagante concorso last minute - Uil Scuola Emilia Romagna","og_description":"Gioved\u00ec 10 giugno si \u00e8 tenuto un incontro tra le Organizzazioni sindacali scuola e i rappresentanti del Ministero dell\u2019istruzione. L\u2019oggetto dell\u2019incontro \u00e8 stato l\u2019informativa e &hellip;","og_url":"https:\/\/www.uilscuolaemiliaromagna.it\/public\/er\/2021\/06\/10\/assegnazioni-provvisorie-continua-la-logica-dei-blocchi-e-si-mette-in-campo-uno-stravagante-concorso-last-minute\/","og_site_name":"Uil Scuola Emilia Romagna","article_published_time":"2021-06-10T20:45:50+00:00","article_modified_time":"2021-06-14T08:49:28+00:00","og_image":[{"width":150,"height":150,"url":"https:\/\/www.uilscuolaemiliaromagna.it\/public\/er\/wp-content\/uploads\/2021\/06\/mobilita-scuola-150x150-1.jpg","type":"image\/jpeg"}],"author":"admin","twitter_card":"summary_large_image","twitter_misc":{"Scritto da":"admin","Tempo di lettura stimato":"5 minuti"},"schema":{"@context":"https:\/\/schema.org","@graph":[{"@type":"Article","@id":"https:\/\/www.uilscuolaemiliaromagna.it\/public\/er\/2021\/06\/10\/assegnazioni-provvisorie-continua-la-logica-dei-blocchi-e-si-mette-in-campo-uno-stravagante-concorso-last-minute\/#article","isPartOf":{"@id":"https:\/\/www.uilscuolaemiliaromagna.it\/public\/er\/2021\/06\/10\/assegnazioni-provvisorie-continua-la-logica-dei-blocchi-e-si-mette-in-campo-uno-stravagante-concorso-last-minute\/"},"author":{"name":"admin","@id":"https:\/\/www.uilscuolaemiliaromagna.it\/public\/er\/#\/schema\/person\/f42878fd07a4b6ba2b7153d4fad5de5e"},"headline":"Assegnazioni provvisorie: continua la logica dei blocchi e si mette in campo uno stravagante concorso last minute","datePublished":"2021-06-10T20:45:50+00:00","dateModified":"2021-06-14T08:49:28+00:00","mainEntityOfPage":{"@id":"https:\/\/www.uilscuolaemiliaromagna.it\/public\/er\/2021\/06\/10\/assegnazioni-provvisorie-continua-la-logica-dei-blocchi-e-si-mette-in-campo-uno-stravagante-concorso-last-minute\/"},"wordCount":1050,"publisher":{"@id":"https:\/\/www.uilscuolaemiliaromagna.it\/public\/er\/#organization"},"articleSection":["Mobilit\u00e0","Notizie"],"inLanguage":"it-IT"},{"@type":"WebPage","@id":"https:\/\/www.uilscuolaemiliaromagna.it\/public\/er\/2021\/06\/10\/assegnazioni-provvisorie-continua-la-logica-dei-blocchi-e-si-mette-in-campo-uno-stravagante-concorso-last-minute\/","url":"https:\/\/www.uilscuolaemiliaromagna.it\/public\/er\/2021\/06\/10\/assegnazioni-provvisorie-continua-la-logica-dei-blocchi-e-si-mette-in-campo-uno-stravagante-concorso-last-minute\/","name":"Assegnazioni provvisorie: continua la logica dei blocchi e si mette in campo uno stravagante concorso last minute - Uil Scuola Emilia Romagna","isPartOf":{"@id":"https:\/\/www.uilscuolaemiliaromagna.it\/public\/er\/#website"},"datePublished":"2021-06-10T20:45:50+00:00","dateModified":"2021-06-14T08:49:28+00:00","breadcrumb":{"@id":"https:\/\/www.uilscuolaemiliaromagna.it\/public\/er\/2021\/06\/10\/assegnazioni-provvisorie-continua-la-logica-dei-blocchi-e-si-mette-in-campo-uno-stravagante-concorso-last-minute\/#breadcrumb"},"inLanguage":"it-IT","potentialAction":[{"@type":"ReadAction","target":["https:\/\/www.uilscuolaemiliaromagna.it\/public\/er\/2021\/06\/10\/assegnazioni-provvisorie-continua-la-logica-dei-blocchi-e-si-mette-in-campo-uno-stravagante-concorso-last-minute\/"]}]},{"@type":"BreadcrumbList","@id":"https:\/\/www.uilscuolaemiliaromagna.it\/public\/er\/2021\/06\/10\/assegnazioni-provvisorie-continua-la-logica-dei-blocchi-e-si-mette-in-campo-uno-stravagante-concorso-last-minute\/#breadcrumb","itemListElement":[{"@type":"ListItem","position":1,"name":"Home","item":"https:\/\/www.uilscuolaemiliaromagna.it\/public\/er\/"},{"@type":"ListItem","position":2,"name":"Assegnazioni provvisorie: continua la logica dei blocchi e si mette in campo uno stravagante concorso last minute"}]},{"@type":"WebSite","@id":"https:\/\/www.uilscuolaemiliaromagna.it\/public\/er\/#website","url":"https:\/\/www.uilscuolaemiliaromagna.it\/public\/er\/","name":"Uil Scuola Emilia Romagna","description":"La voce libera della scuola","publisher":{"@id":"https:\/\/www.uilscuolaemiliaromagna.it\/public\/er\/#organization"},"potentialAction":[{"@type":"SearchAction","target":{"@type":"EntryPoint","urlTemplate":"https:\/\/www.uilscuolaemiliaromagna.it\/public\/er\/?s={search_term_string}"},"query-input":"required name=search_term_string"}],"inLanguage":"it-IT"},{"@type":"Organization","@id":"https:\/\/www.uilscuolaemiliaromagna.it\/public\/er\/#organization","name":"Uil Scuola Emilia Romagna","url":"https:\/\/www.uilscuolaemiliaromagna.it\/public\/er\/","logo":{"@type":"ImageObject","inLanguage":"it-IT","@id":"https:\/\/www.uilscuolaemiliaromagna.it\/public\/er\/#\/schema\/logo\/image\/","url":"https:\/\/www.uilscuolaemiliaromagna.it\/public\/er\/wp-content\/uploads\/2017\/04\/cropped-header.png","contentUrl":"https:\/\/www.uilscuolaemiliaromagna.it\/public\/er\/wp-content\/uploads\/2017\/04\/cropped-header.png","width":1000,"height":150,"caption":"Uil Scuola Emilia Romagna"},"image":{"@id":"https:\/\/www.uilscuolaemiliaromagna.it\/public\/er\/#\/schema\/logo\/image\/"}},{"@type":"Person","@id":"https:\/\/www.uilscuolaemiliaromagna.it\/public\/er\/#\/schema\/person\/f42878fd07a4b6ba2b7153d4fad5de5e","name":"admin","image":{"@type":"ImageObject","inLanguage":"it-IT","@id":"https:\/\/www.uilscuolaemiliaromagna.it\/public\/er\/#\/schema\/person\/image\/","url":"https:\/\/secure.gravatar.com\/avatar\/aebf815ae2f30ffdae8b8c247273d34c?s=96&d=mm&r=g","contentUrl":"https:\/\/secure.gravatar.com\/avatar\/aebf815ae2f30ffdae8b8c247273d34c?s=96&d=mm&r=g","caption":"admin"},"url":"https:\/\/www.uilscuolaemiliaromagna.it\/public\/er\/author\/admin\/"}]}},"views":611,"_links":{"self":[{"href":"https:\/\/www.uilscuolaemiliaromagna.it\/public\/er\/wp-json\/wp\/v2\/posts\/8387"}],"collection":[{"href":"https:\/\/www.uilscuolaemiliaromagna.it\/public\/er\/wp-json\/wp\/v2\/posts"}],"about":[{"href":"https:\/\/www.uilscuolaemiliaromagna.it\/public\/er\/wp-json\/wp\/v2\/types\/post"}],"author":[{"embeddable":true,"href":"https:\/\/www.uilscuolaemiliaromagna.it\/public\/er\/wp-json\/wp\/v2\/users\/1"}],"replies":[{"embeddable":true,"href":"https:\/\/www.uilscuolaemiliaromagna.it\/public\/er\/wp-json\/wp\/v2\/comments?post=8387"}],"version-history":[{"count":1,"href":"https:\/\/www.uilscuolaemiliaromagna.it\/public\/er\/wp-json\/wp\/v2\/posts\/8387\/revisions"}],"predecessor-version":[{"id":8389,"href":"https:\/\/www.uilscuolaemiliaromagna.it\/public\/er\/wp-json\/wp\/v2\/posts\/8387\/revisions\/8389"}],"wp:featuredmedia":[{"embeddable":true,"href":"https:\/\/www.uilscuolaemiliaromagna.it\/public\/er\/wp-json\/wp\/v2\/media\/8388"}],"wp:attachment":[{"href":"https:\/\/www.uilscuolaemiliaromagna.it\/public\/er\/wp-json\/wp\/v2\/media?parent=8387"}],"wp:term":[{"taxonomy":"category","embeddable":true,"href":"https:\/\/www.uilscuolaemiliaromagna.it\/public\/er\/wp-json\/wp\/v2\/categories?post=8387"},{"taxonomy":"post_tag","embeddable":true,"href":"https:\/\/www.uilscuolaemiliaromagna.it\/public\/er\/wp-json\/wp\/v2\/tags?post=8387"}],"curies":[{"name":"wp","href":"https:\/\/api.w.org\/{rel}","templated":true}]}}