{"id":8392,"date":"2021-06-14T22:41:09","date_gmt":"2021-06-14T20:41:09","guid":{"rendered":"http:\/\/www.uilscuolaemiliaromagna.it\/public\/er\/?p=8392"},"modified":"2021-06-15T10:42:57","modified_gmt":"2021-06-15T08:42:57","slug":"riunioni-al-mi-uil-il-blocco-per-tutti-i-docenti-neo-assunti-e-inapplicabile-perche-non-previsto-dal-contratto","status":"publish","type":"post","link":"https:\/\/www.uilscuolaemiliaromagna.it\/public\/er\/2021\/06\/14\/riunioni-al-mi-uil-il-blocco-per-tutti-i-docenti-neo-assunti-e-inapplicabile-perche-non-previsto-dal-contratto\/","title":{"rendered":"RIUNIONI AL MI | UIL: il blocco per tutti i docenti neo-assunti \u00e8 inapplicabile perch\u00e9 non previsto dal contratto"},"content":{"rendered":"<p style=\"text-align: justify;\"><em>\u00c8 proseguito il confronto tra sindacati e Ministero per la risoluzione di alcune problematiche relative alle\u00a0<strong>prossime assegnazioni provvisorie del personale docente, educativo ed Ata,<\/strong>\u00a0per l\u2019anno scolastico 2021\/22 gi\u00e0 emerse nell\u2019incontro precedente. Per la UIL scuola erano presenti Giancarlo Turi e Paolo Pizzo.<\/em><\/p>\n<hr \/>\n<ol style=\"text-align: justify;\">\n<li><strong>Docenti ex percorso del 3\u00b0 anno del FIT (DDG n. 85\/18), immessi in ruolo il 1\u00b0 settembre 2019<\/strong><\/li>\n<\/ol>\n<p style=\"text-align: justify;\">Dopo l\u2019incontro svoltosi gioved\u00ec 10 giugno, in cui la UIL scuola aveva ribadito che per tutti i docenti ex percorso del 3\u00b0 anno del FIT (DDG n. 85\/18), immessi in ruolo il 1\u00b0 settembre 2019, non esiste alcun blocco per quanto riguarda la mobilit\u00e0 annuale e di conseguenza neanche per le assegnazioni provvisorie,\u00a0<strong>abbiamo appreso con favore che tale vincolo \u00e8 stato eliminato dalla bozza della nota di accompagnamento che dovr\u00e0 essere propedeutica alle prossime assegnazioni provvisorie<\/strong>.<\/p>\n<p style=\"text-align: justify;\">Per cui, come la UIL scuola aveva ampiamente sostenuto nel precedente incontro,\u00a0<strong>per tali docenti il blocco non ha riguardato le assegnazioni provvisorie per il corrente anno scolastico 20\/21 e non sar\u00e0 applicabile neanche per il prossimo anno scolastico 21\/22 perch\u00e9 non \u00e8 espressamente previsto dalla legge e naturalmente neanche dal contratto sulle assegnazioni siglato l\u20198 luglio 2020.<\/strong><\/p>\n<hr \/>\n<p style=\"text-align: justify;\">2. \u00a0<strong>Docenti neo assunti in ruolo l\u20191\/9\/20<\/strong><\/p>\n<p style=\"text-align: justify;\">Permane per tutti i neo assunti in ruolo l\u20191\/9\/20 il blocco previsto dalla Legge 20 dicembre 2019, n. 159 che riguarda\u00a0<strong>anche per le assegnazioni provvisorie<\/strong>\u00a0e per il quale il Ministero fa ancora orecchie da mercante non volendo trovare una soluzione per via contrattuale.<\/p>\n<p style=\"text-align: justify;\"><strong>La UIL scuola ha ribadito che la soluzione \u00e8 gi\u00e0 nel Contratto delle assegnazioni provvisorie siglato l\u20198 luglio 2020!<\/strong><\/p>\n<p style=\"text-align: justify;\">Anche in questa occasione abbiamo fatto presente che il blocco \u00e8 inapplicabile totalmente, quindi anche per i docenti neo assunti l\u20191\/9\/20,\u00a0<strong>perch\u00e9 il Contratto siglato l\u20198 luglio 2020 non lo prevede e in questi casi essendo stato sottoscritto successivamente alla legge prevale su quest\u2019ultima.<\/strong><\/p>\n<p style=\"text-align: justify;\">Tale blocco non \u00e8 stato infatti recepito dal Contratto sulle assegnazioni che lo ha disapplicato ai sensi e per gli effetti dell\u2019art. 2, comma 2 del decreto legislativo n. 165\/2001. Tale ultima norma, infatti, specifica chiaramente che ogni altra norma di legge o regolamento, nonch\u00e9 di contratto precedente, che prevede la propria inderogabilit\u00e0, pu\u00f2 essere modificata dal contratto, per le materie che sono oggetto di contrattazione.<\/p>\n<p style=\"text-align: justify;\">L\u2019amministrazione ha previsto di derogare tale vincolo\u00a0<strong>anche per i casi di docenti con figli minori fino ai 3 anni e ai conviventi di coniuge militare (ex legge 100\/87)<\/strong>\u00a0(al momento la legge prevede delle deroghe solo per il personale di cui all\u2019articolo 33, commi 3 e 6, della legge 5 febbraio 1992, n. 104 \u2013 disabilit\u00e0 grave e assistenza al familiare con handicap grave, purch\u00e9 le condizioni ivi previste siano intervenute successivamente alla data di iscrizione ai rispettivi bandi concorsuali ovvero all\u2019inserimento periodico nelle graduatorie ad esaurimento).<\/p>\n<p style=\"text-align: justify;\"><strong>Ci\u00f2 appare una operazione che mira solo a dividere il personale. Oltretutto tali deroghe non sono state permesse, a contratto vigente, per i trasferimenti, e di fatto ora l\u2019Amministrazione le introduce motu proprio senza riaprire il Contratto!<\/strong><\/p>\n<p style=\"text-align: justify;\">A questo punto la UIL scuola ha chiaramente riferito all\u2019amministrazione che far\u00e0 valere il diritto di tutti i docenti neo immessi in ruolo 20\/21 alla mobilit\u00e0, senza alcun vincolo,\u00a0<strong>in ogni sede possibile<\/strong>,\u00a0<strong>anche giurisdizionale<\/strong>, in virt\u00f9 di una sottoscrizione del Contratto sulle assegnazioni che non contiene blocchi di alcun genere e che per tali motivi disapplica la legge che li ha istituiti.<\/p>\n<hr \/>\n<p style=\"text-align: justify;\">3.\u00a0\u00a0<strong>DSGA: no blocco quinquennale sulle assegnazioni provvisorie<\/strong><\/p>\n<p style=\"text-align: justify;\">Come noto, il bando di concorso in base all\u2019art. 35, comma 5-bis, del decreto legislativo 30 marzo 2001, n. 165,\u00a0<strong>a parere della UIL scuola richiamato impropriamente dallo stesso bando<\/strong>, prevede che gli aventi titolo all\u2019assunzione devono permanere nella sede di prima assegnazione di titolarit\u00e0 per un periodo non inferiore a quattro anni scolastici, oltre a quello dell\u2019immissione in ruolo.<\/p>\n<p style=\"text-align: justify;\">La UIL scuola ha chiarito anche in questo caso che il blocco\u00a0<strong>non deve applicarsi alle assegnazioni provvisorie<\/strong>\u00a0sempre in virt\u00f9 del fatto che la legge non lo prevede e che il contratto non ha imposto vincoli in tal senso per la mobilit\u00e0 annuale.<\/p>\n<p style=\"text-align: justify;\">L\u2019amministrazione ha recepito tale considerazione per cui nella nota sar\u00e0 specificato che tutti i neo DSGA assunti in ruolo potranno, avendone i requisiti,\u00a0<strong>produrre domanda di assegnazione provvisoria<\/strong>.<\/p>\n<hr \/>\n<p style=\"text-align: justify;\"><strong>Le date<br \/>\n<\/strong>In ultimo, per quanto riguarda le date il ministero ha comunicato che intenderebbe rispettare quelle gi\u00e0 previste dalla bozza, ovvero\u00a0<strong>personale docente, educativo e IRC<\/strong>\u00a0dal\u00a0<strong>15 giungo al 5 luglio<\/strong>, mentre per il\u00a0<strong>personale ATA dal 28 giugno al 12 luglio<\/strong>.<\/p>\n\n<div class=\"twitter-share\"><a href=\"https:\/\/twitter.com\/intent\/tweet?via=UILScuolaBO_ER\" class=\"twitter-share-button\" data-size=\"large\">Tweet<\/a><\/div>\n","protected":false},"excerpt":{"rendered":"<p>\u00c8 proseguito il confronto tra sindacati e Ministero per la risoluzione di alcune problematiche relative alle\u00a0prossime assegnazioni provvisorie del personale docente, educativo ed Ata,\u00a0per l\u2019anno &hellip; <\/p>\n","protected":false},"author":1,"featured_media":7987,"comment_status":"closed","ping_status":"open","sticky":false,"template":"","format":"standard","meta":{"footnotes":""},"categories":[5,12],"tags":[],"yoast_head":"<!-- This site is optimized with the Yoast SEO plugin v21.7 - https:\/\/yoast.com\/wordpress\/plugins\/seo\/ -->\r\n<title>RIUNIONI AL MI | UIL: il blocco per tutti i docenti neo-assunti \u00e8 inapplicabile perch\u00e9 non previsto dal contratto - Uil Scuola Emilia Romagna<\/title>\r\n<meta name=\"robots\" content=\"index, follow, max-snippet:-1, max-image-preview:large, max-video-preview:-1\" \/>\r\n<link rel=\"canonical\" href=\"https:\/\/www.uilscuolaemiliaromagna.it\/public\/er\/2021\/06\/14\/riunioni-al-mi-uil-il-blocco-per-tutti-i-docenti-neo-assunti-e-inapplicabile-perche-non-previsto-dal-contratto\/\" \/>\r\n<meta property=\"og:locale\" content=\"it_IT\" \/>\r\n<meta property=\"og:type\" content=\"article\" \/>\r\n<meta property=\"og:title\" content=\"RIUNIONI AL MI | UIL: il blocco per tutti i docenti neo-assunti \u00e8 inapplicabile perch\u00e9 non previsto dal contratto - Uil Scuola Emilia Romagna\" \/>\r\n<meta property=\"og:description\" content=\"\u00c8 proseguito il confronto tra sindacati e Ministero per la risoluzione di alcune problematiche relative alle\u00a0prossime assegnazioni provvisorie del personale docente, educativo ed Ata,\u00a0per l\u2019anno &hellip;\" \/>\r\n<meta property=\"og:url\" content=\"https:\/\/www.uilscuolaemiliaromagna.it\/public\/er\/2021\/06\/14\/riunioni-al-mi-uil-il-blocco-per-tutti-i-docenti-neo-assunti-e-inapplicabile-perche-non-previsto-dal-contratto\/\" \/>\r\n<meta property=\"og:site_name\" content=\"Uil Scuola Emilia Romagna\" \/>\r\n<meta property=\"article:published_time\" content=\"2021-06-14T20:41:09+00:00\" \/>\r\n<meta property=\"article:modified_time\" content=\"2021-06-15T08:42:57+00:00\" \/>\r\n<meta property=\"og:image\" content=\"https:\/\/www.uilscuolaemiliaromagna.it\/public\/er\/wp-content\/uploads\/2021\/03\/Mobilita-docenti-2021.jpg\" \/>\r\n\t<meta property=\"og:image:width\" content=\"800\" \/>\r\n\t<meta property=\"og:image:height\" content=\"483\" \/>\r\n\t<meta property=\"og:image:type\" content=\"image\/jpeg\" \/>\r\n<meta name=\"author\" content=\"admin\" \/>\r\n<meta name=\"twitter:card\" content=\"summary_large_image\" \/>\r\n<meta name=\"twitter:label1\" content=\"Scritto da\" \/>\n\t<meta name=\"twitter:data1\" content=\"admin\" \/>\n\t<meta name=\"twitter:label2\" content=\"Tempo di lettura stimato\" \/>\n\t<meta name=\"twitter:data2\" content=\"4 minuti\" \/>\r\n<script type=\"application\/ld+json\" class=\"yoast-schema-graph\">{\"@context\":\"https:\/\/schema.org\",\"@graph\":[{\"@type\":\"Article\",\"@id\":\"https:\/\/www.uilscuolaemiliaromagna.it\/public\/er\/2021\/06\/14\/riunioni-al-mi-uil-il-blocco-per-tutti-i-docenti-neo-assunti-e-inapplicabile-perche-non-previsto-dal-contratto\/#article\",\"isPartOf\":{\"@id\":\"https:\/\/www.uilscuolaemiliaromagna.it\/public\/er\/2021\/06\/14\/riunioni-al-mi-uil-il-blocco-per-tutti-i-docenti-neo-assunti-e-inapplicabile-perche-non-previsto-dal-contratto\/\"},\"author\":{\"name\":\"admin\",\"@id\":\"https:\/\/www.uilscuolaemiliaromagna.it\/public\/er\/#\/schema\/person\/f42878fd07a4b6ba2b7153d4fad5de5e\"},\"headline\":\"RIUNIONI AL MI | UIL: il blocco per tutti i docenti neo-assunti \u00e8 inapplicabile perch\u00e9 non previsto dal contratto\",\"datePublished\":\"2021-06-14T20:41:09+00:00\",\"dateModified\":\"2021-06-15T08:42:57+00:00\",\"mainEntityOfPage\":{\"@id\":\"https:\/\/www.uilscuolaemiliaromagna.it\/public\/er\/2021\/06\/14\/riunioni-al-mi-uil-il-blocco-per-tutti-i-docenti-neo-assunti-e-inapplicabile-perche-non-previsto-dal-contratto\/\"},\"wordCount\":734,\"publisher\":{\"@id\":\"https:\/\/www.uilscuolaemiliaromagna.it\/public\/er\/#organization\"},\"articleSection\":[\"Mobilit\u00e0\",\"Notizie\"],\"inLanguage\":\"it-IT\"},{\"@type\":\"WebPage\",\"@id\":\"https:\/\/www.uilscuolaemiliaromagna.it\/public\/er\/2021\/06\/14\/riunioni-al-mi-uil-il-blocco-per-tutti-i-docenti-neo-assunti-e-inapplicabile-perche-non-previsto-dal-contratto\/\",\"url\":\"https:\/\/www.uilscuolaemiliaromagna.it\/public\/er\/2021\/06\/14\/riunioni-al-mi-uil-il-blocco-per-tutti-i-docenti-neo-assunti-e-inapplicabile-perche-non-previsto-dal-contratto\/\",\"name\":\"RIUNIONI AL MI | UIL: il blocco per tutti i docenti neo-assunti \u00e8 inapplicabile perch\u00e9 non previsto dal contratto - Uil Scuola Emilia Romagna\",\"isPartOf\":{\"@id\":\"https:\/\/www.uilscuolaemiliaromagna.it\/public\/er\/#website\"},\"datePublished\":\"2021-06-14T20:41:09+00:00\",\"dateModified\":\"2021-06-15T08:42:57+00:00\",\"breadcrumb\":{\"@id\":\"https:\/\/www.uilscuolaemiliaromagna.it\/public\/er\/2021\/06\/14\/riunioni-al-mi-uil-il-blocco-per-tutti-i-docenti-neo-assunti-e-inapplicabile-perche-non-previsto-dal-contratto\/#breadcrumb\"},\"inLanguage\":\"it-IT\",\"potentialAction\":[{\"@type\":\"ReadAction\",\"target\":[\"https:\/\/www.uilscuolaemiliaromagna.it\/public\/er\/2021\/06\/14\/riunioni-al-mi-uil-il-blocco-per-tutti-i-docenti-neo-assunti-e-inapplicabile-perche-non-previsto-dal-contratto\/\"]}]},{\"@type\":\"BreadcrumbList\",\"@id\":\"https:\/\/www.uilscuolaemiliaromagna.it\/public\/er\/2021\/06\/14\/riunioni-al-mi-uil-il-blocco-per-tutti-i-docenti-neo-assunti-e-inapplicabile-perche-non-previsto-dal-contratto\/#breadcrumb\",\"itemListElement\":[{\"@type\":\"ListItem\",\"position\":1,\"name\":\"Home\",\"item\":\"https:\/\/www.uilscuolaemiliaromagna.it\/public\/er\/\"},{\"@type\":\"ListItem\",\"position\":2,\"name\":\"RIUNIONI AL MI | UIL: il blocco per tutti i docenti neo-assunti \u00e8 inapplicabile perch\u00e9 non previsto dal contratto\"}]},{\"@type\":\"WebSite\",\"@id\":\"https:\/\/www.uilscuolaemiliaromagna.it\/public\/er\/#website\",\"url\":\"https:\/\/www.uilscuolaemiliaromagna.it\/public\/er\/\",\"name\":\"Uil Scuola Emilia Romagna\",\"description\":\"La voce libera della scuola\",\"publisher\":{\"@id\":\"https:\/\/www.uilscuolaemiliaromagna.it\/public\/er\/#organization\"},\"potentialAction\":[{\"@type\":\"SearchAction\",\"target\":{\"@type\":\"EntryPoint\",\"urlTemplate\":\"https:\/\/www.uilscuolaemiliaromagna.it\/public\/er\/?s={search_term_string}\"},\"query-input\":\"required name=search_term_string\"}],\"inLanguage\":\"it-IT\"},{\"@type\":\"Organization\",\"@id\":\"https:\/\/www.uilscuolaemiliaromagna.it\/public\/er\/#organization\",\"name\":\"Uil Scuola Emilia Romagna\",\"url\":\"https:\/\/www.uilscuolaemiliaromagna.it\/public\/er\/\",\"logo\":{\"@type\":\"ImageObject\",\"inLanguage\":\"it-IT\",\"@id\":\"https:\/\/www.uilscuolaemiliaromagna.it\/public\/er\/#\/schema\/logo\/image\/\",\"url\":\"https:\/\/www.uilscuolaemiliaromagna.it\/public\/er\/wp-content\/uploads\/2017\/04\/cropped-header.png\",\"contentUrl\":\"https:\/\/www.uilscuolaemiliaromagna.it\/public\/er\/wp-content\/uploads\/2017\/04\/cropped-header.png\",\"width\":1000,\"height\":150,\"caption\":\"Uil Scuola Emilia Romagna\"},\"image\":{\"@id\":\"https:\/\/www.uilscuolaemiliaromagna.it\/public\/er\/#\/schema\/logo\/image\/\"}},{\"@type\":\"Person\",\"@id\":\"https:\/\/www.uilscuolaemiliaromagna.it\/public\/er\/#\/schema\/person\/f42878fd07a4b6ba2b7153d4fad5de5e\",\"name\":\"admin\",\"image\":{\"@type\":\"ImageObject\",\"inLanguage\":\"it-IT\",\"@id\":\"https:\/\/www.uilscuolaemiliaromagna.it\/public\/er\/#\/schema\/person\/image\/\",\"url\":\"https:\/\/secure.gravatar.com\/avatar\/aebf815ae2f30ffdae8b8c247273d34c?s=96&d=mm&r=g\",\"contentUrl\":\"https:\/\/secure.gravatar.com\/avatar\/aebf815ae2f30ffdae8b8c247273d34c?s=96&d=mm&r=g\",\"caption\":\"admin\"},\"url\":\"https:\/\/www.uilscuolaemiliaromagna.it\/public\/er\/author\/admin\/\"}]}<\/script>\r\n<!-- \/ Yoast SEO plugin. -->","yoast_head_json":{"title":"RIUNIONI AL MI | UIL: il blocco per tutti i docenti neo-assunti \u00e8 inapplicabile perch\u00e9 non previsto dal contratto - Uil Scuola Emilia Romagna","robots":{"index":"index","follow":"follow","max-snippet":"max-snippet:-1","max-image-preview":"max-image-preview:large","max-video-preview":"max-video-preview:-1"},"canonical":"https:\/\/www.uilscuolaemiliaromagna.it\/public\/er\/2021\/06\/14\/riunioni-al-mi-uil-il-blocco-per-tutti-i-docenti-neo-assunti-e-inapplicabile-perche-non-previsto-dal-contratto\/","og_locale":"it_IT","og_type":"article","og_title":"RIUNIONI AL MI | UIL: il blocco per tutti i docenti neo-assunti \u00e8 inapplicabile perch\u00e9 non previsto dal contratto - Uil Scuola Emilia Romagna","og_description":"\u00c8 proseguito il confronto tra sindacati e Ministero per la risoluzione di alcune problematiche relative alle\u00a0prossime assegnazioni provvisorie del personale docente, educativo ed Ata,\u00a0per l\u2019anno &hellip;","og_url":"https:\/\/www.uilscuolaemiliaromagna.it\/public\/er\/2021\/06\/14\/riunioni-al-mi-uil-il-blocco-per-tutti-i-docenti-neo-assunti-e-inapplicabile-perche-non-previsto-dal-contratto\/","og_site_name":"Uil Scuola Emilia Romagna","article_published_time":"2021-06-14T20:41:09+00:00","article_modified_time":"2021-06-15T08:42:57+00:00","og_image":[{"width":800,"height":483,"url":"https:\/\/www.uilscuolaemiliaromagna.it\/public\/er\/wp-content\/uploads\/2021\/03\/Mobilita-docenti-2021.jpg","type":"image\/jpeg"}],"author":"admin","twitter_card":"summary_large_image","twitter_misc":{"Scritto da":"admin","Tempo di lettura stimato":"4 minuti"},"schema":{"@context":"https:\/\/schema.org","@graph":[{"@type":"Article","@id":"https:\/\/www.uilscuolaemiliaromagna.it\/public\/er\/2021\/06\/14\/riunioni-al-mi-uil-il-blocco-per-tutti-i-docenti-neo-assunti-e-inapplicabile-perche-non-previsto-dal-contratto\/#article","isPartOf":{"@id":"https:\/\/www.uilscuolaemiliaromagna.it\/public\/er\/2021\/06\/14\/riunioni-al-mi-uil-il-blocco-per-tutti-i-docenti-neo-assunti-e-inapplicabile-perche-non-previsto-dal-contratto\/"},"author":{"name":"admin","@id":"https:\/\/www.uilscuolaemiliaromagna.it\/public\/er\/#\/schema\/person\/f42878fd07a4b6ba2b7153d4fad5de5e"},"headline":"RIUNIONI AL MI | UIL: il blocco per tutti i docenti neo-assunti \u00e8 inapplicabile perch\u00e9 non previsto dal contratto","datePublished":"2021-06-14T20:41:09+00:00","dateModified":"2021-06-15T08:42:57+00:00","mainEntityOfPage":{"@id":"https:\/\/www.uilscuolaemiliaromagna.it\/public\/er\/2021\/06\/14\/riunioni-al-mi-uil-il-blocco-per-tutti-i-docenti-neo-assunti-e-inapplicabile-perche-non-previsto-dal-contratto\/"},"wordCount":734,"publisher":{"@id":"https:\/\/www.uilscuolaemiliaromagna.it\/public\/er\/#organization"},"articleSection":["Mobilit\u00e0","Notizie"],"inLanguage":"it-IT"},{"@type":"WebPage","@id":"https:\/\/www.uilscuolaemiliaromagna.it\/public\/er\/2021\/06\/14\/riunioni-al-mi-uil-il-blocco-per-tutti-i-docenti-neo-assunti-e-inapplicabile-perche-non-previsto-dal-contratto\/","url":"https:\/\/www.uilscuolaemiliaromagna.it\/public\/er\/2021\/06\/14\/riunioni-al-mi-uil-il-blocco-per-tutti-i-docenti-neo-assunti-e-inapplicabile-perche-non-previsto-dal-contratto\/","name":"RIUNIONI AL MI | UIL: il blocco per tutti i docenti neo-assunti \u00e8 inapplicabile perch\u00e9 non previsto dal contratto - Uil Scuola Emilia Romagna","isPartOf":{"@id":"https:\/\/www.uilscuolaemiliaromagna.it\/public\/er\/#website"},"datePublished":"2021-06-14T20:41:09+00:00","dateModified":"2021-06-15T08:42:57+00:00","breadcrumb":{"@id":"https:\/\/www.uilscuolaemiliaromagna.it\/public\/er\/2021\/06\/14\/riunioni-al-mi-uil-il-blocco-per-tutti-i-docenti-neo-assunti-e-inapplicabile-perche-non-previsto-dal-contratto\/#breadcrumb"},"inLanguage":"it-IT","potentialAction":[{"@type":"ReadAction","target":["https:\/\/www.uilscuolaemiliaromagna.it\/public\/er\/2021\/06\/14\/riunioni-al-mi-uil-il-blocco-per-tutti-i-docenti-neo-assunti-e-inapplicabile-perche-non-previsto-dal-contratto\/"]}]},{"@type":"BreadcrumbList","@id":"https:\/\/www.uilscuolaemiliaromagna.it\/public\/er\/2021\/06\/14\/riunioni-al-mi-uil-il-blocco-per-tutti-i-docenti-neo-assunti-e-inapplicabile-perche-non-previsto-dal-contratto\/#breadcrumb","itemListElement":[{"@type":"ListItem","position":1,"name":"Home","item":"https:\/\/www.uilscuolaemiliaromagna.it\/public\/er\/"},{"@type":"ListItem","position":2,"name":"RIUNIONI AL MI | UIL: il blocco per tutti i docenti neo-assunti \u00e8 inapplicabile perch\u00e9 non previsto dal contratto"}]},{"@type":"WebSite","@id":"https:\/\/www.uilscuolaemiliaromagna.it\/public\/er\/#website","url":"https:\/\/www.uilscuolaemiliaromagna.it\/public\/er\/","name":"Uil Scuola Emilia Romagna","description":"La voce libera della scuola","publisher":{"@id":"https:\/\/www.uilscuolaemiliaromagna.it\/public\/er\/#organization"},"potentialAction":[{"@type":"SearchAction","target":{"@type":"EntryPoint","urlTemplate":"https:\/\/www.uilscuolaemiliaromagna.it\/public\/er\/?s={search_term_string}"},"query-input":"required name=search_term_string"}],"inLanguage":"it-IT"},{"@type":"Organization","@id":"https:\/\/www.uilscuolaemiliaromagna.it\/public\/er\/#organization","name":"Uil Scuola Emilia Romagna","url":"https:\/\/www.uilscuolaemiliaromagna.it\/public\/er\/","logo":{"@type":"ImageObject","inLanguage":"it-IT","@id":"https:\/\/www.uilscuolaemiliaromagna.it\/public\/er\/#\/schema\/logo\/image\/","url":"https:\/\/www.uilscuolaemiliaromagna.it\/public\/er\/wp-content\/uploads\/2017\/04\/cropped-header.png","contentUrl":"https:\/\/www.uilscuolaemiliaromagna.it\/public\/er\/wp-content\/uploads\/2017\/04\/cropped-header.png","width":1000,"height":150,"caption":"Uil Scuola Emilia Romagna"},"image":{"@id":"https:\/\/www.uilscuolaemiliaromagna.it\/public\/er\/#\/schema\/logo\/image\/"}},{"@type":"Person","@id":"https:\/\/www.uilscuolaemiliaromagna.it\/public\/er\/#\/schema\/person\/f42878fd07a4b6ba2b7153d4fad5de5e","name":"admin","image":{"@type":"ImageObject","inLanguage":"it-IT","@id":"https:\/\/www.uilscuolaemiliaromagna.it\/public\/er\/#\/schema\/person\/image\/","url":"https:\/\/secure.gravatar.com\/avatar\/aebf815ae2f30ffdae8b8c247273d34c?s=96&d=mm&r=g","contentUrl":"https:\/\/secure.gravatar.com\/avatar\/aebf815ae2f30ffdae8b8c247273d34c?s=96&d=mm&r=g","caption":"admin"},"url":"https:\/\/www.uilscuolaemiliaromagna.it\/public\/er\/author\/admin\/"}]}},"views":1160,"_links":{"self":[{"href":"https:\/\/www.uilscuolaemiliaromagna.it\/public\/er\/wp-json\/wp\/v2\/posts\/8392"}],"collection":[{"href":"https:\/\/www.uilscuolaemiliaromagna.it\/public\/er\/wp-json\/wp\/v2\/posts"}],"about":[{"href":"https:\/\/www.uilscuolaemiliaromagna.it\/public\/er\/wp-json\/wp\/v2\/types\/post"}],"author":[{"embeddable":true,"href":"https:\/\/www.uilscuolaemiliaromagna.it\/public\/er\/wp-json\/wp\/v2\/users\/1"}],"replies":[{"embeddable":true,"href":"https:\/\/www.uilscuolaemiliaromagna.it\/public\/er\/wp-json\/wp\/v2\/comments?post=8392"}],"version-history":[{"count":1,"href":"https:\/\/www.uilscuolaemiliaromagna.it\/public\/er\/wp-json\/wp\/v2\/posts\/8392\/revisions"}],"predecessor-version":[{"id":8393,"href":"https:\/\/www.uilscuolaemiliaromagna.it\/public\/er\/wp-json\/wp\/v2\/posts\/8392\/revisions\/8393"}],"wp:featuredmedia":[{"embeddable":true,"href":"https:\/\/www.uilscuolaemiliaromagna.it\/public\/er\/wp-json\/wp\/v2\/media\/7987"}],"wp:attachment":[{"href":"https:\/\/www.uilscuolaemiliaromagna.it\/public\/er\/wp-json\/wp\/v2\/media?parent=8392"}],"wp:term":[{"taxonomy":"category","embeddable":true,"href":"https:\/\/www.uilscuolaemiliaromagna.it\/public\/er\/wp-json\/wp\/v2\/categories?post=8392"},{"taxonomy":"post_tag","embeddable":true,"href":"https:\/\/www.uilscuolaemiliaromagna.it\/public\/er\/wp-json\/wp\/v2\/tags?post=8392"}],"curies":[{"name":"wp","href":"https:\/\/api.w.org\/{rel}","templated":true}]}}