{"id":8428,"date":"2021-06-16T21:59:27","date_gmt":"2021-06-16T19:59:27","guid":{"rendered":"http:\/\/www.uilscuolaemiliaromagna.it\/public\/er\/?p=8428"},"modified":"2021-06-17T10:07:51","modified_gmt":"2021-06-17T08:07:51","slug":"pino-turi-scrive-al-ministro-bianchi-fissiamo-incontro-di-vertice-per-trovare-soluzioni-politiche","status":"publish","type":"post","link":"https:\/\/www.uilscuolaemiliaromagna.it\/public\/er\/2021\/06\/16\/pino-turi-scrive-al-ministro-bianchi-fissiamo-incontro-di-vertice-per-trovare-soluzioni-politiche\/","title":{"rendered":"Pino Turi scrive al ministro Bianchi: Fissiamo incontro di vertice per trovare soluzioni politiche"},"content":{"rendered":"<p style=\"text-align: center;\"><strong>Lettera del Segretario Generale UIL Scuola RUA Pino Turi al Ministro Bianchi<\/strong><\/p>\n<p style=\"text-align: justify;\"><em>Riunione per riannodare i fili del dialogo: sindacati, ministro e sottosegretari<\/em><\/p>\n<p style=\"text-align: justify;\">Una riunione con i sindacati che veda anche il diretto coinvolgimento dei Sottosegretari del MI, rappresentanti delle forze politiche che sostengono la maggioranza, per supportare proposte e modifiche condivise al decreto \u2013 questa la proposta politica che la Uil scuola fa al ministro Bianchi \u2013 anche al fine di conseguire quella coesione sociale a cui fa esplicito e ripetuto riferimento lo stesso Presidente del Consiglio.<\/p>\n<p style=\"text-align: justify;\">L\u2019intento \u2013 si legge nella <a href=\"https:\/\/www.uilscuolaemiliaromagna.it\/public\/er\/wp-content\/uploads\/2021\/06\/Lettera-al-Ministro-Bianchi-160621.pdf\" target=\"_blank\" rel=\"noopener noreferrer\">lettera inviata al ministro<\/a> Bianchi \u2013 \u00e8 quello di riannodare i fili di un dialogo sfilacciato con le organizzazioni sindacali e di riprendere il percorso tracciato nel Patto per la scuola sottoscritto nelle scorse settimane.<\/p>\n<p style=\"text-align: justify;\">Dopo l\u2019intesa si sarebbero dovuti attivare tavoli tematici, sede di condivisione delle scelte e degli atti regolativi. Questa la dinamica \u2013 sottolinea Turi nella lettera \u2013 che dovrebbe seguire un corretto e democratico sistema di relazioni sindacali.<\/p>\n<p style=\"text-align: justify;\">Gli accadimenti che sono seguiti alla sottoscrizione del Patto \u2013 si legge \u2013 hanno rilevato, invece, un percorso molto diverso, decisamente inatteso, al punto da mettere in discussione finanche la positivit\u00e0 del Patto stesso.<\/p>\n<p style=\"text-align: justify;\">La portata della materia avrebbe meritato una trattazione di merito specifica per realizzare quei provvedimenti in grado di dare le risposte rimaste inevase, invece \u2013 osserva Turi \u2013 abbiamo conosciuto un decreto che disciplina una pluralit\u00e0 di interventi molto disarticolati tra di loro.<\/p>\n<p style=\"text-align: justify;\">Il Decreto Sostegni bis interviene in maniera disorganica su temi di scuola molto diversi tra loro: calendario scolastico, studenti immunodepressi, funzionamento del CSPI, personale precario, concorsi, mobilit\u00e0 del personale scolastico. Il punto \u00e8 che non vengono date risposte e soluzione a questioni che meritano risposte precise, a partire dalle soluzioni unitarie al problema del precariato.<\/p>\n<p style=\"text-align: justify;\">Quel che \u00e8 pi\u00f9 grave, \u00e8 che, con un intervento legislativo, sono stati prevaricati gli ambiti propri della contrattazione. Una invasione inaccettabile. E\u2019 questa una prima grave distonia che si rileva tra il Patto e gli atti regolativi destinati a sostenerlo, che tocca il metodo, prima ancora del merito.<\/p>\n<p style=\"text-align: justify;\">Le ultime settimane hanno fatto registrare almeno tre iniziative di protesta: il 28 maggio con la nostra <a href=\"https:\/\/www.uil.it\/\" target=\"_blank\" rel=\"noopener noreferrer\">Confederazione<\/a>, il 9 giugno con tutti i sindacati scuola, ieri i precari davanti al MI. Il prossimo 26 giugno \u00e8 programmata una iniziativa nazionale con le Confederazioni CGIL, CISL e UIL.<\/p>\n<p style=\"text-align: justify;\">Al Presidio davanti a Montecitorio sono intervenuti i parlamentari di tutte le forze politiche, sia di maggioranza che di opposizione, portando significativamente la loro solidariet\u00e0 all\u2019azione sindacale, sostenendola convintamente con interventi di merito. Una volta in pi\u00f9 \u00e8 stato ribadito come il Decreto Sostegni va profondamente modificato attraverso emendamenti che ne cambino radicalmente l\u2019impostazione. Un decreto, insomma, che non ha padri.<\/p>\n<p style=\"text-align: justify;\">E\u2019 tempo di scelte unitarie \u2013 propone Turi \u2013 che consentano una ripartenza a settembre con scuole sicure e con organici stabili.<\/p>\n<ul>\n<li><a href=\"https:\/\/www.uilscuolaemiliaromagna.it\/public\/er\/wp-content\/uploads\/2021\/06\/Lettera-al-Ministro-Bianchi-160621.pdf\">la lettera inviata al Ministro<\/a><\/li>\n<\/ul>\n\n<div class=\"twitter-share\"><a href=\"https:\/\/twitter.com\/intent\/tweet?via=UILScuolaBO_ER\" class=\"twitter-share-button\" data-size=\"large\">Tweet<\/a><\/div>\n","protected":false},"excerpt":{"rendered":"<p>Lettera del Segretario Generale UIL Scuola RUA Pino Turi al Ministro Bianchi Riunione per riannodare i fili del dialogo: sindacati, ministro e sottosegretari Una riunione &hellip; <\/p>\n","protected":false},"author":1,"featured_media":8430,"comment_status":"closed","ping_status":"open","sticky":false,"template":"","format":"standard","meta":{"footnotes":""},"categories":[12],"tags":[48],"yoast_head":"<!-- This site is optimized with the Yoast SEO plugin v21.7 - https:\/\/yoast.com\/wordpress\/plugins\/seo\/ -->\r\n<title>Pino Turi scrive al ministro Bianchi: Fissiamo incontro di vertice per trovare soluzioni politiche - Uil Scuola Emilia Romagna<\/title>\r\n<meta name=\"robots\" content=\"index, follow, max-snippet:-1, max-image-preview:large, max-video-preview:-1\" \/>\r\n<link rel=\"canonical\" href=\"https:\/\/www.uilscuolaemiliaromagna.it\/public\/er\/2021\/06\/16\/pino-turi-scrive-al-ministro-bianchi-fissiamo-incontro-di-vertice-per-trovare-soluzioni-politiche\/\" \/>\r\n<meta property=\"og:locale\" content=\"it_IT\" \/>\r\n<meta property=\"og:type\" content=\"article\" \/>\r\n<meta property=\"og:title\" content=\"Pino Turi scrive al ministro Bianchi: Fissiamo incontro di vertice per trovare soluzioni politiche - Uil Scuola Emilia Romagna\" \/>\r\n<meta property=\"og:description\" content=\"Lettera del Segretario Generale UIL Scuola RUA Pino Turi al Ministro Bianchi Riunione per riannodare i fili del dialogo: sindacati, ministro e sottosegretari Una riunione &hellip;\" \/>\r\n<meta property=\"og:url\" content=\"https:\/\/www.uilscuolaemiliaromagna.it\/public\/er\/2021\/06\/16\/pino-turi-scrive-al-ministro-bianchi-fissiamo-incontro-di-vertice-per-trovare-soluzioni-politiche\/\" \/>\r\n<meta property=\"og:site_name\" content=\"Uil Scuola Emilia Romagna\" \/>\r\n<meta property=\"article:published_time\" content=\"2021-06-16T19:59:27+00:00\" \/>\r\n<meta property=\"article:modified_time\" content=\"2021-06-17T08:07:51+00:00\" \/>\r\n<meta property=\"og:image\" content=\"https:\/\/www.uilscuolaemiliaromagna.it\/public\/er\/wp-content\/uploads\/2021\/06\/Pino-150x150-1.jpg\" \/>\r\n\t<meta property=\"og:image:width\" content=\"150\" \/>\r\n\t<meta property=\"og:image:height\" content=\"150\" \/>\r\n\t<meta property=\"og:image:type\" content=\"image\/jpeg\" \/>\r\n<meta name=\"author\" content=\"admin\" \/>\r\n<meta name=\"twitter:card\" content=\"summary_large_image\" \/>\r\n<meta name=\"twitter:label1\" content=\"Scritto da\" \/>\n\t<meta name=\"twitter:data1\" content=\"admin\" \/>\n\t<meta name=\"twitter:label2\" content=\"Tempo di lettura stimato\" \/>\n\t<meta name=\"twitter:data2\" content=\"3 minuti\" \/>\r\n<script type=\"application\/ld+json\" class=\"yoast-schema-graph\">{\"@context\":\"https:\/\/schema.org\",\"@graph\":[{\"@type\":\"Article\",\"@id\":\"https:\/\/www.uilscuolaemiliaromagna.it\/public\/er\/2021\/06\/16\/pino-turi-scrive-al-ministro-bianchi-fissiamo-incontro-di-vertice-per-trovare-soluzioni-politiche\/#article\",\"isPartOf\":{\"@id\":\"https:\/\/www.uilscuolaemiliaromagna.it\/public\/er\/2021\/06\/16\/pino-turi-scrive-al-ministro-bianchi-fissiamo-incontro-di-vertice-per-trovare-soluzioni-politiche\/\"},\"author\":{\"name\":\"admin\",\"@id\":\"https:\/\/www.uilscuolaemiliaromagna.it\/public\/er\/#\/schema\/person\/f42878fd07a4b6ba2b7153d4fad5de5e\"},\"headline\":\"Pino Turi scrive al ministro Bianchi: Fissiamo incontro di vertice per trovare soluzioni politiche\",\"datePublished\":\"2021-06-16T19:59:27+00:00\",\"dateModified\":\"2021-06-17T08:07:51+00:00\",\"mainEntityOfPage\":{\"@id\":\"https:\/\/www.uilscuolaemiliaromagna.it\/public\/er\/2021\/06\/16\/pino-turi-scrive-al-ministro-bianchi-fissiamo-incontro-di-vertice-per-trovare-soluzioni-politiche\/\"},\"wordCount\":479,\"publisher\":{\"@id\":\"https:\/\/www.uilscuolaemiliaromagna.it\/public\/er\/#organization\"},\"keywords\":[\"pino turi\"],\"articleSection\":[\"Notizie\"],\"inLanguage\":\"it-IT\"},{\"@type\":\"WebPage\",\"@id\":\"https:\/\/www.uilscuolaemiliaromagna.it\/public\/er\/2021\/06\/16\/pino-turi-scrive-al-ministro-bianchi-fissiamo-incontro-di-vertice-per-trovare-soluzioni-politiche\/\",\"url\":\"https:\/\/www.uilscuolaemiliaromagna.it\/public\/er\/2021\/06\/16\/pino-turi-scrive-al-ministro-bianchi-fissiamo-incontro-di-vertice-per-trovare-soluzioni-politiche\/\",\"name\":\"Pino Turi scrive al ministro Bianchi: Fissiamo incontro di vertice per trovare soluzioni politiche - Uil Scuola Emilia Romagna\",\"isPartOf\":{\"@id\":\"https:\/\/www.uilscuolaemiliaromagna.it\/public\/er\/#website\"},\"datePublished\":\"2021-06-16T19:59:27+00:00\",\"dateModified\":\"2021-06-17T08:07:51+00:00\",\"breadcrumb\":{\"@id\":\"https:\/\/www.uilscuolaemiliaromagna.it\/public\/er\/2021\/06\/16\/pino-turi-scrive-al-ministro-bianchi-fissiamo-incontro-di-vertice-per-trovare-soluzioni-politiche\/#breadcrumb\"},\"inLanguage\":\"it-IT\",\"potentialAction\":[{\"@type\":\"ReadAction\",\"target\":[\"https:\/\/www.uilscuolaemiliaromagna.it\/public\/er\/2021\/06\/16\/pino-turi-scrive-al-ministro-bianchi-fissiamo-incontro-di-vertice-per-trovare-soluzioni-politiche\/\"]}]},{\"@type\":\"BreadcrumbList\",\"@id\":\"https:\/\/www.uilscuolaemiliaromagna.it\/public\/er\/2021\/06\/16\/pino-turi-scrive-al-ministro-bianchi-fissiamo-incontro-di-vertice-per-trovare-soluzioni-politiche\/#breadcrumb\",\"itemListElement\":[{\"@type\":\"ListItem\",\"position\":1,\"name\":\"Home\",\"item\":\"https:\/\/www.uilscuolaemiliaromagna.it\/public\/er\/\"},{\"@type\":\"ListItem\",\"position\":2,\"name\":\"Pino Turi scrive al ministro Bianchi: Fissiamo incontro di vertice per trovare soluzioni politiche\"}]},{\"@type\":\"WebSite\",\"@id\":\"https:\/\/www.uilscuolaemiliaromagna.it\/public\/er\/#website\",\"url\":\"https:\/\/www.uilscuolaemiliaromagna.it\/public\/er\/\",\"name\":\"Uil Scuola Emilia Romagna\",\"description\":\"La voce libera della scuola\",\"publisher\":{\"@id\":\"https:\/\/www.uilscuolaemiliaromagna.it\/public\/er\/#organization\"},\"potentialAction\":[{\"@type\":\"SearchAction\",\"target\":{\"@type\":\"EntryPoint\",\"urlTemplate\":\"https:\/\/www.uilscuolaemiliaromagna.it\/public\/er\/?s={search_term_string}\"},\"query-input\":\"required name=search_term_string\"}],\"inLanguage\":\"it-IT\"},{\"@type\":\"Organization\",\"@id\":\"https:\/\/www.uilscuolaemiliaromagna.it\/public\/er\/#organization\",\"name\":\"Uil Scuola Emilia Romagna\",\"url\":\"https:\/\/www.uilscuolaemiliaromagna.it\/public\/er\/\",\"logo\":{\"@type\":\"ImageObject\",\"inLanguage\":\"it-IT\",\"@id\":\"https:\/\/www.uilscuolaemiliaromagna.it\/public\/er\/#\/schema\/logo\/image\/\",\"url\":\"https:\/\/www.uilscuolaemiliaromagna.it\/public\/er\/wp-content\/uploads\/2017\/04\/cropped-header.png\",\"contentUrl\":\"https:\/\/www.uilscuolaemiliaromagna.it\/public\/er\/wp-content\/uploads\/2017\/04\/cropped-header.png\",\"width\":1000,\"height\":150,\"caption\":\"Uil Scuola Emilia Romagna\"},\"image\":{\"@id\":\"https:\/\/www.uilscuolaemiliaromagna.it\/public\/er\/#\/schema\/logo\/image\/\"}},{\"@type\":\"Person\",\"@id\":\"https:\/\/www.uilscuolaemiliaromagna.it\/public\/er\/#\/schema\/person\/f42878fd07a4b6ba2b7153d4fad5de5e\",\"name\":\"admin\",\"image\":{\"@type\":\"ImageObject\",\"inLanguage\":\"it-IT\",\"@id\":\"https:\/\/www.uilscuolaemiliaromagna.it\/public\/er\/#\/schema\/person\/image\/\",\"url\":\"https:\/\/secure.gravatar.com\/avatar\/aebf815ae2f30ffdae8b8c247273d34c?s=96&d=mm&r=g\",\"contentUrl\":\"https:\/\/secure.gravatar.com\/avatar\/aebf815ae2f30ffdae8b8c247273d34c?s=96&d=mm&r=g\",\"caption\":\"admin\"},\"url\":\"https:\/\/www.uilscuolaemiliaromagna.it\/public\/er\/author\/admin\/\"}]}<\/script>\r\n<!-- \/ Yoast SEO plugin. -->","yoast_head_json":{"title":"Pino Turi scrive al ministro Bianchi: Fissiamo incontro di vertice per trovare soluzioni politiche - Uil Scuola Emilia Romagna","robots":{"index":"index","follow":"follow","max-snippet":"max-snippet:-1","max-image-preview":"max-image-preview:large","max-video-preview":"max-video-preview:-1"},"canonical":"https:\/\/www.uilscuolaemiliaromagna.it\/public\/er\/2021\/06\/16\/pino-turi-scrive-al-ministro-bianchi-fissiamo-incontro-di-vertice-per-trovare-soluzioni-politiche\/","og_locale":"it_IT","og_type":"article","og_title":"Pino Turi scrive al ministro Bianchi: Fissiamo incontro di vertice per trovare soluzioni politiche - Uil Scuola Emilia Romagna","og_description":"Lettera del Segretario Generale UIL Scuola RUA Pino Turi al Ministro Bianchi Riunione per riannodare i fili del dialogo: sindacati, ministro e sottosegretari Una riunione &hellip;","og_url":"https:\/\/www.uilscuolaemiliaromagna.it\/public\/er\/2021\/06\/16\/pino-turi-scrive-al-ministro-bianchi-fissiamo-incontro-di-vertice-per-trovare-soluzioni-politiche\/","og_site_name":"Uil Scuola Emilia Romagna","article_published_time":"2021-06-16T19:59:27+00:00","article_modified_time":"2021-06-17T08:07:51+00:00","og_image":[{"width":150,"height":150,"url":"https:\/\/www.uilscuolaemiliaromagna.it\/public\/er\/wp-content\/uploads\/2021\/06\/Pino-150x150-1.jpg","type":"image\/jpeg"}],"author":"admin","twitter_card":"summary_large_image","twitter_misc":{"Scritto da":"admin","Tempo di lettura stimato":"3 minuti"},"schema":{"@context":"https:\/\/schema.org","@graph":[{"@type":"Article","@id":"https:\/\/www.uilscuolaemiliaromagna.it\/public\/er\/2021\/06\/16\/pino-turi-scrive-al-ministro-bianchi-fissiamo-incontro-di-vertice-per-trovare-soluzioni-politiche\/#article","isPartOf":{"@id":"https:\/\/www.uilscuolaemiliaromagna.it\/public\/er\/2021\/06\/16\/pino-turi-scrive-al-ministro-bianchi-fissiamo-incontro-di-vertice-per-trovare-soluzioni-politiche\/"},"author":{"name":"admin","@id":"https:\/\/www.uilscuolaemiliaromagna.it\/public\/er\/#\/schema\/person\/f42878fd07a4b6ba2b7153d4fad5de5e"},"headline":"Pino Turi scrive al ministro Bianchi: Fissiamo incontro di vertice per trovare soluzioni politiche","datePublished":"2021-06-16T19:59:27+00:00","dateModified":"2021-06-17T08:07:51+00:00","mainEntityOfPage":{"@id":"https:\/\/www.uilscuolaemiliaromagna.it\/public\/er\/2021\/06\/16\/pino-turi-scrive-al-ministro-bianchi-fissiamo-incontro-di-vertice-per-trovare-soluzioni-politiche\/"},"wordCount":479,"publisher":{"@id":"https:\/\/www.uilscuolaemiliaromagna.it\/public\/er\/#organization"},"keywords":["pino turi"],"articleSection":["Notizie"],"inLanguage":"it-IT"},{"@type":"WebPage","@id":"https:\/\/www.uilscuolaemiliaromagna.it\/public\/er\/2021\/06\/16\/pino-turi-scrive-al-ministro-bianchi-fissiamo-incontro-di-vertice-per-trovare-soluzioni-politiche\/","url":"https:\/\/www.uilscuolaemiliaromagna.it\/public\/er\/2021\/06\/16\/pino-turi-scrive-al-ministro-bianchi-fissiamo-incontro-di-vertice-per-trovare-soluzioni-politiche\/","name":"Pino Turi scrive al ministro Bianchi: Fissiamo incontro di vertice per trovare soluzioni politiche - Uil Scuola Emilia Romagna","isPartOf":{"@id":"https:\/\/www.uilscuolaemiliaromagna.it\/public\/er\/#website"},"datePublished":"2021-06-16T19:59:27+00:00","dateModified":"2021-06-17T08:07:51+00:00","breadcrumb":{"@id":"https:\/\/www.uilscuolaemiliaromagna.it\/public\/er\/2021\/06\/16\/pino-turi-scrive-al-ministro-bianchi-fissiamo-incontro-di-vertice-per-trovare-soluzioni-politiche\/#breadcrumb"},"inLanguage":"it-IT","potentialAction":[{"@type":"ReadAction","target":["https:\/\/www.uilscuolaemiliaromagna.it\/public\/er\/2021\/06\/16\/pino-turi-scrive-al-ministro-bianchi-fissiamo-incontro-di-vertice-per-trovare-soluzioni-politiche\/"]}]},{"@type":"BreadcrumbList","@id":"https:\/\/www.uilscuolaemiliaromagna.it\/public\/er\/2021\/06\/16\/pino-turi-scrive-al-ministro-bianchi-fissiamo-incontro-di-vertice-per-trovare-soluzioni-politiche\/#breadcrumb","itemListElement":[{"@type":"ListItem","position":1,"name":"Home","item":"https:\/\/www.uilscuolaemiliaromagna.it\/public\/er\/"},{"@type":"ListItem","position":2,"name":"Pino Turi scrive al ministro Bianchi: Fissiamo incontro di vertice per trovare soluzioni politiche"}]},{"@type":"WebSite","@id":"https:\/\/www.uilscuolaemiliaromagna.it\/public\/er\/#website","url":"https:\/\/www.uilscuolaemiliaromagna.it\/public\/er\/","name":"Uil Scuola Emilia Romagna","description":"La voce libera della scuola","publisher":{"@id":"https:\/\/www.uilscuolaemiliaromagna.it\/public\/er\/#organization"},"potentialAction":[{"@type":"SearchAction","target":{"@type":"EntryPoint","urlTemplate":"https:\/\/www.uilscuolaemiliaromagna.it\/public\/er\/?s={search_term_string}"},"query-input":"required name=search_term_string"}],"inLanguage":"it-IT"},{"@type":"Organization","@id":"https:\/\/www.uilscuolaemiliaromagna.it\/public\/er\/#organization","name":"Uil Scuola Emilia Romagna","url":"https:\/\/www.uilscuolaemiliaromagna.it\/public\/er\/","logo":{"@type":"ImageObject","inLanguage":"it-IT","@id":"https:\/\/www.uilscuolaemiliaromagna.it\/public\/er\/#\/schema\/logo\/image\/","url":"https:\/\/www.uilscuolaemiliaromagna.it\/public\/er\/wp-content\/uploads\/2017\/04\/cropped-header.png","contentUrl":"https:\/\/www.uilscuolaemiliaromagna.it\/public\/er\/wp-content\/uploads\/2017\/04\/cropped-header.png","width":1000,"height":150,"caption":"Uil Scuola Emilia Romagna"},"image":{"@id":"https:\/\/www.uilscuolaemiliaromagna.it\/public\/er\/#\/schema\/logo\/image\/"}},{"@type":"Person","@id":"https:\/\/www.uilscuolaemiliaromagna.it\/public\/er\/#\/schema\/person\/f42878fd07a4b6ba2b7153d4fad5de5e","name":"admin","image":{"@type":"ImageObject","inLanguage":"it-IT","@id":"https:\/\/www.uilscuolaemiliaromagna.it\/public\/er\/#\/schema\/person\/image\/","url":"https:\/\/secure.gravatar.com\/avatar\/aebf815ae2f30ffdae8b8c247273d34c?s=96&d=mm&r=g","contentUrl":"https:\/\/secure.gravatar.com\/avatar\/aebf815ae2f30ffdae8b8c247273d34c?s=96&d=mm&r=g","caption":"admin"},"url":"https:\/\/www.uilscuolaemiliaromagna.it\/public\/er\/author\/admin\/"}]}},"views":745,"_links":{"self":[{"href":"https:\/\/www.uilscuolaemiliaromagna.it\/public\/er\/wp-json\/wp\/v2\/posts\/8428"}],"collection":[{"href":"https:\/\/www.uilscuolaemiliaromagna.it\/public\/er\/wp-json\/wp\/v2\/posts"}],"about":[{"href":"https:\/\/www.uilscuolaemiliaromagna.it\/public\/er\/wp-json\/wp\/v2\/types\/post"}],"author":[{"embeddable":true,"href":"https:\/\/www.uilscuolaemiliaromagna.it\/public\/er\/wp-json\/wp\/v2\/users\/1"}],"replies":[{"embeddable":true,"href":"https:\/\/www.uilscuolaemiliaromagna.it\/public\/er\/wp-json\/wp\/v2\/comments?post=8428"}],"version-history":[{"count":1,"href":"https:\/\/www.uilscuolaemiliaromagna.it\/public\/er\/wp-json\/wp\/v2\/posts\/8428\/revisions"}],"predecessor-version":[{"id":8431,"href":"https:\/\/www.uilscuolaemiliaromagna.it\/public\/er\/wp-json\/wp\/v2\/posts\/8428\/revisions\/8431"}],"wp:featuredmedia":[{"embeddable":true,"href":"https:\/\/www.uilscuolaemiliaromagna.it\/public\/er\/wp-json\/wp\/v2\/media\/8430"}],"wp:attachment":[{"href":"https:\/\/www.uilscuolaemiliaromagna.it\/public\/er\/wp-json\/wp\/v2\/media?parent=8428"}],"wp:term":[{"taxonomy":"category","embeddable":true,"href":"https:\/\/www.uilscuolaemiliaromagna.it\/public\/er\/wp-json\/wp\/v2\/categories?post=8428"},{"taxonomy":"post_tag","embeddable":true,"href":"https:\/\/www.uilscuolaemiliaromagna.it\/public\/er\/wp-json\/wp\/v2\/tags?post=8428"}],"curies":[{"name":"wp","href":"https:\/\/api.w.org\/{rel}","templated":true}]}}