{"id":845,"date":"2016-08-31T12:55:34","date_gmt":"2016-08-31T10:55:34","guid":{"rendered":"http:\/\/www.uilscuolaemiliaromagna.it\/public\/er\/?p=845"},"modified":"2016-08-31T21:59:27","modified_gmt":"2016-08-31T19:59:27","slug":"di-fronte-a-errori-palesi-e-ingiustizie-da-sanare-il-miur-non-ha-risposte","status":"publish","type":"post","link":"https:\/\/www.uilscuolaemiliaromagna.it\/public\/er\/2016\/08\/31\/di-fronte-a-errori-palesi-e-ingiustizie-da-sanare-il-miur-non-ha-risposte\/","title":{"rendered":"Di fronte a errori palesi e ingiustizie da sanare il Miur non ha risposte"},"content":{"rendered":"<p><span class=\"temaNotiziaSinistra\">In salita ripida il nuovo anno scolastico. Fumata nera dopo l\u2019incontro di ieri pomeriggio. <\/span><\/p>\n<div class=\"abstractNotiziaSinistra\">\n<p style=\"text-align: justify;\"><em>Siamo al prendere o lasciare delle conciliazioni. La burocrazia ministeriale \u00e8 sorda ai suggerimenti e incapace di gestire una situazione difficile e complessa. Si continua a dimenticare che dietro a quei numeri ci sono le persone, gli alunni e le scuole e nessuna spiegazione n\u00e9 garanzia. E\u2019 evidente che occorre equit\u00e0. Un\u2019azione decisa a cui la politica ora non pu\u00f2 pi\u00f9 sottrarsi.<\/em><\/p>\n<\/div>\n<p>&nbsp;<\/p>\n<div class=\"testoNotiziaInterna\">\n<p style=\"text-align: justify;\">Una riunione surreale \u2013 quella di ieri pomeriggio al Miur \u2013 durante la quale alle proteste e alle obiezioni delle organizzazioni sindacali sono corrisposte solo strette di spalle e nessuna soluzione.<\/p>\n<p style=\"text-align: justify;\">Ci\u00f2 che \u00e8 emerso \u2013 denuncia la Uil \u2013 \u00e8 una burocrazia ministeriale incapace di gestire una situazione oggettivamente difficile e complessa. Ancora una volta le soluzioni e la gestione del personale \u00e8 stata demandata di fatto alle aule del tribunale.<\/p>\n<p style=\"text-align: justify;\">L\u2019unica possibilit\u00e0 per le persone danneggiate e sono tante (migliaia) \u00e8 affidata ai ricorsi giurisdizionali che oltre che creare effetti perversi in termini di spostamento in corso di anno scolastico con prevedibili ricadute negative sulla continuit\u00e0 didattica, rappresentano un costo individuale ed uno sociale per la gran mole di lavoro che ricadr\u00e0 sui Tribunali.<\/p>\n<p style=\"text-align: justify;\">Una situazione insostenibile che merita un intervento deciso e rapido che ridia credibilit\u00e0 all\u2019azione amministrativa di un settore strategico per il Paese come l\u2019istruzione. Durante la riunione \u2013 alla quale hanno partecipato per la Uil Scuola Giuseppe D\u2019aprile ed Antonello Lacchei, il Ministero era presente con la Direzione Generale del Personale scolastico \u2013 \u00e8 stato evidente che le procedure di conciliazione non hanno sanato gli errori anzi hanno moltiplicato le ingiustizie e le iniquit\u00e0.<br \/>\nSolo le istanze di correzione della fase \u201cC\u201d verranno parzialmente sanate, a differenza delle altre fasi totalmente ignorate, cos\u00ec come quelle della scuola secondaria di secondo grado.<\/p>\n<p style=\"text-align: justify;\">Sulla mobilita si sono addensate e sommate le scelte politiche e tecniche che hanno caratterizzato l&#8217;attuazione di una legge, la 107\/2015, una legge sbagliata ed inattuabile, segnata da errori ed incongruenze che meritano di essere corretti.<\/p>\n<p style=\"text-align: justify;\">Bisogna rifare integralmente tutte le operazioni &#8211; adeguando l&#8217;algoritmo, ha detto la Uil Scuola nell\u2019incontro &#8211; unico modo per restituire diritti ai lavoratori e serenit\u00e0 alle scuole. L\u2019insieme delle proposte Uil Scuola avrebbe consentito di:<\/p>\n<p>\u2022 garantire uniformit\u00e0 di comportamento dei diversi uffici, attraverso comunicazioni oggettive e tracciabili.<\/p>\n<p style=\"text-align: justify;\">\u2022 ritardare la presa di servizio nell&#8217;ambito assegnato per i docenti in attesa di assegnazione provvisoria, fino all&#8217;esito della stessa<\/p>\n<p style=\"text-align: justify;\">\u2022 dare la possibilit\u00e0 ai docenti di richiedere il part &#8211; time al momento della presa di servizio nella provincia di nuova titolarit\u00e0.<\/p>\n<p style=\"text-align: justify;\">\u2022 Risolvere \u2013 attraverso interventi diretti degli Uffici scolastici competenti \u2013 i casi di docenti che per errori nella procedura non compaiono nei tabulati e, pertanto, risultano in soprannumero e di coloro che sono stati trasferiti in numero maggiore rispetto a quelli del relativo ambito<\/p>\n<p>\u2022 Ricostituire l\u2019organico potenziato per dare effettiva funzionalit\u00e0 alle scuole.<\/p>\n<p style=\"text-align: justify;\">L\u2019amministrazione non ha dato alcuna apertura, probabilmente per impossibilit\u00e0 di trovare soluzioni valide alla vigilia dell\u2019avvio dell\u2019anno scolastico che si preannuncia pieno di incognite non solo per ci\u00f2 che ha rappresentato la vicenda della mobilit\u00e0, ma per la palese incapacit\u00e0 di gestione futura.<\/p>\n<p>La responsabilit\u00e0 e le risposte non possono che essere rivolte alla politica che ha attivato una riforma senza confronto e con scelte inaccettabili che devono essere assolutamente cambiate per il bene della Scuola, messa a dura prova, ma che ancora mostra la vitalit\u00e0 per risolvere al suo interno, i problemi irrisolti.<\/p>\n<p style=\"text-align: justify;\">La UIL Scuola, resta impegnata a trovare interlocutori interessati per ripristinare i diritti dei lavoratori e riportare un clima di necessaria serenit\u00e0 nel sistema scolastico.<\/p>\n<\/div>\n<div class=\"elencoAllegatiSinistra\">\n<ul class=\"elencoAllegati\">\n<li><a title=\"il report con la tabella | pdf\" href=\"http:\/\/www.uil.it\/uilscuola\/sites\/default\/files\/in_salita_ripida_il_nuovo_anno_scolastico.pdf\">il report con la tabella | pdf<\/a><\/li>\n<\/ul>\n<\/div>\n\n<div class=\"twitter-share\"><a href=\"https:\/\/twitter.com\/intent\/tweet?via=UILScuolaBO_ER\" class=\"twitter-share-button\" data-size=\"large\">Tweet<\/a><\/div>\n","protected":false},"excerpt":{"rendered":"<p>In salita ripida il nuovo anno scolastico. Fumata nera dopo l\u2019incontro di ieri pomeriggio. Siamo al prendere o lasciare delle conciliazioni. La burocrazia ministeriale \u00e8 &hellip; <\/p>\n","protected":false},"author":1,"featured_media":0,"comment_status":"closed","ping_status":"open","sticky":false,"template":"","format":"standard","meta":{"footnotes":""},"categories":[5,12,6],"tags":[],"yoast_head":"<!-- This site is optimized with the Yoast SEO plugin v21.7 - https:\/\/yoast.com\/wordpress\/plugins\/seo\/ -->\r\n<title>Di fronte a errori palesi e ingiustizie da sanare il Miur non ha risposte - Uil Scuola Emilia Romagna<\/title>\r\n<meta name=\"robots\" content=\"index, follow, max-snippet:-1, max-image-preview:large, max-video-preview:-1\" \/>\r\n<link rel=\"canonical\" href=\"https:\/\/www.uilscuolaemiliaromagna.it\/public\/er\/2016\/08\/31\/di-fronte-a-errori-palesi-e-ingiustizie-da-sanare-il-miur-non-ha-risposte\/\" \/>\r\n<meta property=\"og:locale\" content=\"it_IT\" \/>\r\n<meta property=\"og:type\" content=\"article\" \/>\r\n<meta property=\"og:title\" content=\"Di fronte a errori palesi e ingiustizie da sanare il Miur non ha risposte - Uil Scuola Emilia Romagna\" \/>\r\n<meta property=\"og:description\" content=\"In salita ripida il nuovo anno scolastico. Fumata nera dopo l\u2019incontro di ieri pomeriggio. Siamo al prendere o lasciare delle conciliazioni. La burocrazia ministeriale \u00e8 &hellip;\" \/>\r\n<meta property=\"og:url\" content=\"https:\/\/www.uilscuolaemiliaromagna.it\/public\/er\/2016\/08\/31\/di-fronte-a-errori-palesi-e-ingiustizie-da-sanare-il-miur-non-ha-risposte\/\" \/>\r\n<meta property=\"og:site_name\" content=\"Uil Scuola Emilia Romagna\" \/>\r\n<meta property=\"article:published_time\" content=\"2016-08-31T10:55:34+00:00\" \/>\r\n<meta property=\"article:modified_time\" content=\"2016-08-31T19:59:27+00:00\" \/>\r\n<meta name=\"author\" content=\"admin\" \/>\r\n<meta name=\"twitter:card\" content=\"summary_large_image\" \/>\r\n<meta name=\"twitter:label1\" content=\"Scritto da\" \/>\n\t<meta name=\"twitter:data1\" content=\"admin\" \/>\n\t<meta name=\"twitter:label2\" content=\"Tempo di lettura stimato\" \/>\n\t<meta name=\"twitter:data2\" content=\"3 minuti\" \/>\r\n<script type=\"application\/ld+json\" class=\"yoast-schema-graph\">{\"@context\":\"https:\/\/schema.org\",\"@graph\":[{\"@type\":\"Article\",\"@id\":\"https:\/\/www.uilscuolaemiliaromagna.it\/public\/er\/2016\/08\/31\/di-fronte-a-errori-palesi-e-ingiustizie-da-sanare-il-miur-non-ha-risposte\/#article\",\"isPartOf\":{\"@id\":\"https:\/\/www.uilscuolaemiliaromagna.it\/public\/er\/2016\/08\/31\/di-fronte-a-errori-palesi-e-ingiustizie-da-sanare-il-miur-non-ha-risposte\/\"},\"author\":{\"name\":\"admin\",\"@id\":\"https:\/\/www.uilscuolaemiliaromagna.it\/public\/er\/#\/schema\/person\/f42878fd07a4b6ba2b7153d4fad5de5e\"},\"headline\":\"Di fronte a errori palesi e ingiustizie da sanare il Miur non ha risposte\",\"datePublished\":\"2016-08-31T10:55:34+00:00\",\"dateModified\":\"2016-08-31T19:59:27+00:00\",\"mainEntityOfPage\":{\"@id\":\"https:\/\/www.uilscuolaemiliaromagna.it\/public\/er\/2016\/08\/31\/di-fronte-a-errori-palesi-e-ingiustizie-da-sanare-il-miur-non-ha-risposte\/\"},\"wordCount\":617,\"publisher\":{\"@id\":\"https:\/\/www.uilscuolaemiliaromagna.it\/public\/er\/#organization\"},\"articleSection\":[\"Mobilit\u00e0\",\"Notizie\",\"Personale Docente\"],\"inLanguage\":\"it-IT\"},{\"@type\":\"WebPage\",\"@id\":\"https:\/\/www.uilscuolaemiliaromagna.it\/public\/er\/2016\/08\/31\/di-fronte-a-errori-palesi-e-ingiustizie-da-sanare-il-miur-non-ha-risposte\/\",\"url\":\"https:\/\/www.uilscuolaemiliaromagna.it\/public\/er\/2016\/08\/31\/di-fronte-a-errori-palesi-e-ingiustizie-da-sanare-il-miur-non-ha-risposte\/\",\"name\":\"Di fronte a errori palesi e ingiustizie da sanare il Miur non ha risposte - Uil Scuola Emilia Romagna\",\"isPartOf\":{\"@id\":\"https:\/\/www.uilscuolaemiliaromagna.it\/public\/er\/#website\"},\"datePublished\":\"2016-08-31T10:55:34+00:00\",\"dateModified\":\"2016-08-31T19:59:27+00:00\",\"breadcrumb\":{\"@id\":\"https:\/\/www.uilscuolaemiliaromagna.it\/public\/er\/2016\/08\/31\/di-fronte-a-errori-palesi-e-ingiustizie-da-sanare-il-miur-non-ha-risposte\/#breadcrumb\"},\"inLanguage\":\"it-IT\",\"potentialAction\":[{\"@type\":\"ReadAction\",\"target\":[\"https:\/\/www.uilscuolaemiliaromagna.it\/public\/er\/2016\/08\/31\/di-fronte-a-errori-palesi-e-ingiustizie-da-sanare-il-miur-non-ha-risposte\/\"]}]},{\"@type\":\"BreadcrumbList\",\"@id\":\"https:\/\/www.uilscuolaemiliaromagna.it\/public\/er\/2016\/08\/31\/di-fronte-a-errori-palesi-e-ingiustizie-da-sanare-il-miur-non-ha-risposte\/#breadcrumb\",\"itemListElement\":[{\"@type\":\"ListItem\",\"position\":1,\"name\":\"Home\",\"item\":\"https:\/\/www.uilscuolaemiliaromagna.it\/public\/er\/\"},{\"@type\":\"ListItem\",\"position\":2,\"name\":\"Di fronte a errori palesi e ingiustizie da sanare il Miur non ha risposte\"}]},{\"@type\":\"WebSite\",\"@id\":\"https:\/\/www.uilscuolaemiliaromagna.it\/public\/er\/#website\",\"url\":\"https:\/\/www.uilscuolaemiliaromagna.it\/public\/er\/\",\"name\":\"Uil Scuola Emilia Romagna\",\"description\":\"La voce libera della scuola\",\"publisher\":{\"@id\":\"https:\/\/www.uilscuolaemiliaromagna.it\/public\/er\/#organization\"},\"potentialAction\":[{\"@type\":\"SearchAction\",\"target\":{\"@type\":\"EntryPoint\",\"urlTemplate\":\"https:\/\/www.uilscuolaemiliaromagna.it\/public\/er\/?s={search_term_string}\"},\"query-input\":\"required name=search_term_string\"}],\"inLanguage\":\"it-IT\"},{\"@type\":\"Organization\",\"@id\":\"https:\/\/www.uilscuolaemiliaromagna.it\/public\/er\/#organization\",\"name\":\"Uil Scuola Emilia Romagna\",\"url\":\"https:\/\/www.uilscuolaemiliaromagna.it\/public\/er\/\",\"logo\":{\"@type\":\"ImageObject\",\"inLanguage\":\"it-IT\",\"@id\":\"https:\/\/www.uilscuolaemiliaromagna.it\/public\/er\/#\/schema\/logo\/image\/\",\"url\":\"https:\/\/www.uilscuolaemiliaromagna.it\/public\/er\/wp-content\/uploads\/2017\/04\/cropped-header.png\",\"contentUrl\":\"https:\/\/www.uilscuolaemiliaromagna.it\/public\/er\/wp-content\/uploads\/2017\/04\/cropped-header.png\",\"width\":1000,\"height\":150,\"caption\":\"Uil Scuola Emilia Romagna\"},\"image\":{\"@id\":\"https:\/\/www.uilscuolaemiliaromagna.it\/public\/er\/#\/schema\/logo\/image\/\"}},{\"@type\":\"Person\",\"@id\":\"https:\/\/www.uilscuolaemiliaromagna.it\/public\/er\/#\/schema\/person\/f42878fd07a4b6ba2b7153d4fad5de5e\",\"name\":\"admin\",\"image\":{\"@type\":\"ImageObject\",\"inLanguage\":\"it-IT\",\"@id\":\"https:\/\/www.uilscuolaemiliaromagna.it\/public\/er\/#\/schema\/person\/image\/\",\"url\":\"https:\/\/secure.gravatar.com\/avatar\/aebf815ae2f30ffdae8b8c247273d34c?s=96&d=mm&r=g\",\"contentUrl\":\"https:\/\/secure.gravatar.com\/avatar\/aebf815ae2f30ffdae8b8c247273d34c?s=96&d=mm&r=g\",\"caption\":\"admin\"},\"url\":\"https:\/\/www.uilscuolaemiliaromagna.it\/public\/er\/author\/admin\/\"}]}<\/script>\r\n<!-- \/ Yoast SEO plugin. -->","yoast_head_json":{"title":"Di fronte a errori palesi e ingiustizie da sanare il Miur non ha risposte - Uil Scuola Emilia Romagna","robots":{"index":"index","follow":"follow","max-snippet":"max-snippet:-1","max-image-preview":"max-image-preview:large","max-video-preview":"max-video-preview:-1"},"canonical":"https:\/\/www.uilscuolaemiliaromagna.it\/public\/er\/2016\/08\/31\/di-fronte-a-errori-palesi-e-ingiustizie-da-sanare-il-miur-non-ha-risposte\/","og_locale":"it_IT","og_type":"article","og_title":"Di fronte a errori palesi e ingiustizie da sanare il Miur non ha risposte - Uil Scuola Emilia Romagna","og_description":"In salita ripida il nuovo anno scolastico. Fumata nera dopo l\u2019incontro di ieri pomeriggio. Siamo al prendere o lasciare delle conciliazioni. La burocrazia ministeriale \u00e8 &hellip;","og_url":"https:\/\/www.uilscuolaemiliaromagna.it\/public\/er\/2016\/08\/31\/di-fronte-a-errori-palesi-e-ingiustizie-da-sanare-il-miur-non-ha-risposte\/","og_site_name":"Uil Scuola Emilia Romagna","article_published_time":"2016-08-31T10:55:34+00:00","article_modified_time":"2016-08-31T19:59:27+00:00","author":"admin","twitter_card":"summary_large_image","twitter_misc":{"Scritto da":"admin","Tempo di lettura stimato":"3 minuti"},"schema":{"@context":"https:\/\/schema.org","@graph":[{"@type":"Article","@id":"https:\/\/www.uilscuolaemiliaromagna.it\/public\/er\/2016\/08\/31\/di-fronte-a-errori-palesi-e-ingiustizie-da-sanare-il-miur-non-ha-risposte\/#article","isPartOf":{"@id":"https:\/\/www.uilscuolaemiliaromagna.it\/public\/er\/2016\/08\/31\/di-fronte-a-errori-palesi-e-ingiustizie-da-sanare-il-miur-non-ha-risposte\/"},"author":{"name":"admin","@id":"https:\/\/www.uilscuolaemiliaromagna.it\/public\/er\/#\/schema\/person\/f42878fd07a4b6ba2b7153d4fad5de5e"},"headline":"Di fronte a errori palesi e ingiustizie da sanare il Miur non ha risposte","datePublished":"2016-08-31T10:55:34+00:00","dateModified":"2016-08-31T19:59:27+00:00","mainEntityOfPage":{"@id":"https:\/\/www.uilscuolaemiliaromagna.it\/public\/er\/2016\/08\/31\/di-fronte-a-errori-palesi-e-ingiustizie-da-sanare-il-miur-non-ha-risposte\/"},"wordCount":617,"publisher":{"@id":"https:\/\/www.uilscuolaemiliaromagna.it\/public\/er\/#organization"},"articleSection":["Mobilit\u00e0","Notizie","Personale Docente"],"inLanguage":"it-IT"},{"@type":"WebPage","@id":"https:\/\/www.uilscuolaemiliaromagna.it\/public\/er\/2016\/08\/31\/di-fronte-a-errori-palesi-e-ingiustizie-da-sanare-il-miur-non-ha-risposte\/","url":"https:\/\/www.uilscuolaemiliaromagna.it\/public\/er\/2016\/08\/31\/di-fronte-a-errori-palesi-e-ingiustizie-da-sanare-il-miur-non-ha-risposte\/","name":"Di fronte a errori palesi e ingiustizie da sanare il Miur non ha risposte - Uil Scuola Emilia Romagna","isPartOf":{"@id":"https:\/\/www.uilscuolaemiliaromagna.it\/public\/er\/#website"},"datePublished":"2016-08-31T10:55:34+00:00","dateModified":"2016-08-31T19:59:27+00:00","breadcrumb":{"@id":"https:\/\/www.uilscuolaemiliaromagna.it\/public\/er\/2016\/08\/31\/di-fronte-a-errori-palesi-e-ingiustizie-da-sanare-il-miur-non-ha-risposte\/#breadcrumb"},"inLanguage":"it-IT","potentialAction":[{"@type":"ReadAction","target":["https:\/\/www.uilscuolaemiliaromagna.it\/public\/er\/2016\/08\/31\/di-fronte-a-errori-palesi-e-ingiustizie-da-sanare-il-miur-non-ha-risposte\/"]}]},{"@type":"BreadcrumbList","@id":"https:\/\/www.uilscuolaemiliaromagna.it\/public\/er\/2016\/08\/31\/di-fronte-a-errori-palesi-e-ingiustizie-da-sanare-il-miur-non-ha-risposte\/#breadcrumb","itemListElement":[{"@type":"ListItem","position":1,"name":"Home","item":"https:\/\/www.uilscuolaemiliaromagna.it\/public\/er\/"},{"@type":"ListItem","position":2,"name":"Di fronte a errori palesi e ingiustizie da sanare il Miur non ha risposte"}]},{"@type":"WebSite","@id":"https:\/\/www.uilscuolaemiliaromagna.it\/public\/er\/#website","url":"https:\/\/www.uilscuolaemiliaromagna.it\/public\/er\/","name":"Uil Scuola Emilia Romagna","description":"La voce libera della scuola","publisher":{"@id":"https:\/\/www.uilscuolaemiliaromagna.it\/public\/er\/#organization"},"potentialAction":[{"@type":"SearchAction","target":{"@type":"EntryPoint","urlTemplate":"https:\/\/www.uilscuolaemiliaromagna.it\/public\/er\/?s={search_term_string}"},"query-input":"required name=search_term_string"}],"inLanguage":"it-IT"},{"@type":"Organization","@id":"https:\/\/www.uilscuolaemiliaromagna.it\/public\/er\/#organization","name":"Uil Scuola Emilia Romagna","url":"https:\/\/www.uilscuolaemiliaromagna.it\/public\/er\/","logo":{"@type":"ImageObject","inLanguage":"it-IT","@id":"https:\/\/www.uilscuolaemiliaromagna.it\/public\/er\/#\/schema\/logo\/image\/","url":"https:\/\/www.uilscuolaemiliaromagna.it\/public\/er\/wp-content\/uploads\/2017\/04\/cropped-header.png","contentUrl":"https:\/\/www.uilscuolaemiliaromagna.it\/public\/er\/wp-content\/uploads\/2017\/04\/cropped-header.png","width":1000,"height":150,"caption":"Uil Scuola Emilia Romagna"},"image":{"@id":"https:\/\/www.uilscuolaemiliaromagna.it\/public\/er\/#\/schema\/logo\/image\/"}},{"@type":"Person","@id":"https:\/\/www.uilscuolaemiliaromagna.it\/public\/er\/#\/schema\/person\/f42878fd07a4b6ba2b7153d4fad5de5e","name":"admin","image":{"@type":"ImageObject","inLanguage":"it-IT","@id":"https:\/\/www.uilscuolaemiliaromagna.it\/public\/er\/#\/schema\/person\/image\/","url":"https:\/\/secure.gravatar.com\/avatar\/aebf815ae2f30ffdae8b8c247273d34c?s=96&d=mm&r=g","contentUrl":"https:\/\/secure.gravatar.com\/avatar\/aebf815ae2f30ffdae8b8c247273d34c?s=96&d=mm&r=g","caption":"admin"},"url":"https:\/\/www.uilscuolaemiliaromagna.it\/public\/er\/author\/admin\/"}]}},"views":1156,"_links":{"self":[{"href":"https:\/\/www.uilscuolaemiliaromagna.it\/public\/er\/wp-json\/wp\/v2\/posts\/845"}],"collection":[{"href":"https:\/\/www.uilscuolaemiliaromagna.it\/public\/er\/wp-json\/wp\/v2\/posts"}],"about":[{"href":"https:\/\/www.uilscuolaemiliaromagna.it\/public\/er\/wp-json\/wp\/v2\/types\/post"}],"author":[{"embeddable":true,"href":"https:\/\/www.uilscuolaemiliaromagna.it\/public\/er\/wp-json\/wp\/v2\/users\/1"}],"replies":[{"embeddable":true,"href":"https:\/\/www.uilscuolaemiliaromagna.it\/public\/er\/wp-json\/wp\/v2\/comments?post=845"}],"version-history":[{"count":1,"href":"https:\/\/www.uilscuolaemiliaromagna.it\/public\/er\/wp-json\/wp\/v2\/posts\/845\/revisions"}],"predecessor-version":[{"id":846,"href":"https:\/\/www.uilscuolaemiliaromagna.it\/public\/er\/wp-json\/wp\/v2\/posts\/845\/revisions\/846"}],"wp:attachment":[{"href":"https:\/\/www.uilscuolaemiliaromagna.it\/public\/er\/wp-json\/wp\/v2\/media?parent=845"}],"wp:term":[{"taxonomy":"category","embeddable":true,"href":"https:\/\/www.uilscuolaemiliaromagna.it\/public\/er\/wp-json\/wp\/v2\/categories?post=845"},{"taxonomy":"post_tag","embeddable":true,"href":"https:\/\/www.uilscuolaemiliaromagna.it\/public\/er\/wp-json\/wp\/v2\/tags?post=845"}],"curies":[{"name":"wp","href":"https:\/\/api.w.org\/{rel}","templated":true}]}}