{"id":860,"date":"2016-09-02T22:46:02","date_gmt":"2016-09-02T20:46:02","guid":{"rendered":"http:\/\/www.uilscuolaemiliaromagna.it\/public\/er\/?p=860"},"modified":"2016-09-02T22:46:02","modified_gmt":"2016-09-02T20:46:02","slug":"la-formazione-obbligatoria-dei-docenti-secondo-la-legge-107-125-ore-di-lavoro-in-piu-per-la-formazione-nel-triennio","status":"publish","type":"post","link":"https:\/\/www.uilscuolaemiliaromagna.it\/public\/er\/2016\/09\/02\/la-formazione-obbligatoria-dei-docenti-secondo-la-legge-107-125-ore-di-lavoro-in-piu-per-la-formazione-nel-triennio\/","title":{"rendered":"La formazione obbligatoria dei docenti secondo la legge 107  &#8211; 125 ore di lavoro in pi\u00f9 per la formazione nel triennio"},"content":{"rendered":"<p><i>Che la formazione in servizio sia un obbligo deontologico i docenti non solo lo hanno sempre saputo, ma anche praticato e a spese loro, che sia un obbligo di servizio, lo stabilisce solo il contratto.<\/i><\/p>\n<div class=\"testoNotiziaInterna\">\n<p style=\"text-align: justify;\">Un cos\u00ec gravoso impegno, tradotto dalla legge, ancorch\u00e9 suddiviso in attivit\u00e0 frontali (40 ore) e in attivit\u00e0 di ricerca e riflessione sulla professionalit\u00e0 (85 ore) articolate in 5 unit\u00e0 formative di 25 ore da maturare in tre anni, costituisce in sintesi la reale proposta del piano nazionale di formazione per il prossimo triennio che il Miur ha presentato ai sindacati nell&#8217;incontro del primo settembre.<br \/>\nCi sembra un\u00a0pessimo inizio e non \u00e8 certo un auspicabile\u00a0augurio di buon lavoro.<\/p>\n<p style=\"text-align: justify;\">Con la procedura a bando le reti di scopo o di ambito, dovranno realizzare piani triennali di formazione delle scuole i quali dovranno intrecciare il piano nazionale ed il piano individuale di sviluppo professionale che ciascun docente dovr\u00e0 concordare con il dirigente scolastico, oltre che rendicontare nel portfolio professionale; \u00a0quest&#8217;ultimo servir\u00e0 a documentare la carriera e l&#8217;esperienza formativa quale base per le candidature alla cosiddetta \u2018chiamata diretta\u2019 in cui il dirigente sceglie il docente da applicare nella scuola.<\/p>\n<p style=\"text-align: justify;\">Grave e irresponsabile \u00e8 il principio per il quale \u201ci cattivi risultati formativi degli studenti sono messi in relazione diretta con la disponibilit\u00e0 del docente a formarsi ed aggiornarsi\u201d, dimenticando tutta la miriade di fattori che influiscono sugli esiti educativi.<\/p>\n<p>Il documento, proposto in\u00a0 sintesi:<\/p>\n<p class=\"rteindent1\" style=\"text-align: justify;\">&#8211; non si prende cura delle stesse esigenze di formazione del personale ATA e dei Dirigenti Scolastici;<br \/>\n&#8211; istituisce una cabina di regia nazionale formata da soli rappresentanti del Miur e dai &#8220;migliori esperti&#8221;;<br \/>\n&#8211; disconosce le previsioni del contratto sulla commissione bilaterale;<br \/>\n&#8211; ancor pi\u00f9 gravemente ignora tutti i passaggi e le funzioni che il contratto ha finora assegnato agli organi collegiali, riducendo la formazione solo a rapporto gerarchico\u00a0tra docente e dirigente scolastico, trascurando ogni valore della comunit\u00e0 educativa e della collegialit\u00e0.<\/p>\n<p style=\"text-align: justify;\">La UIL ha sottolineato come venga imposto in questo modo un sistema che nega di fatto i principi generali di valorizzazione dell&#8217; autonomia scolastica, solo evocata dalla legge 107, ma nei fatti, negata\u00a0 da interventi attuativi ispirati ad un nuovo unilaterale centralismo e burocratico.<\/p>\n<p style=\"text-align: justify;\">Per la UIL \u00e8 un sistema inaccettabile in quanto alla\u00a0correttezza formale di\u00a0definire un modello di formazione innovativo che valorizzi il contributo dei docenti alle continue sfide che lo sviluppo sociale ed economico impongono alla scuola, si risponde con approccio tutto ideologico e punitivo, per un&#8217;efficace formazione in servizio, bisogna\u00a0tenere conto dei diritti dei lavoratori oltre che dei loro doveri, bisogna avere rispetto della professionalit\u00e0 che posseggono ed evitare la demotivazione di una formazione obbligatoria che, peraltro abbiamo conosciuto e soppresso per il fallimento della stessa.<\/p>\n<p style=\"text-align: justify;\">La formazione imposta e decisa unilateralmente \u00e8 solo uno spreco di risorse che servono solo ai relatori e, giammai ai fruitori.<\/p>\n<p style=\"text-align: justify;\">Ci\u00f2 pu\u00f2 realizzarsi solo attraverso un accordo in sede di rinnovo contrattuale che faccia sintesi di tutti gli elementi propri della professionalit\u00e0 e della specifica funzione professionale.<\/p>\n<p style=\"text-align: justify;\">Con questa nuova prospettiva si colpiscono ancora una volta i lavoratori della scuola, i pi\u00f9 vessati dal nuovo corso.<\/p>\n<p style=\"text-align: justify;\">Per la UIL non pu\u00f2 una legge intervenire a gamba tesa aumentando i carichi di lavoro gi\u00e0 pesanti, senza alcuna contropartita.<\/p>\n<p style=\"text-align: justify;\">Pi\u00f9 interessante e da ampliare \u00e8\u00a0la scommessa che delinei, attraverso la formazione una carriera professionale fondata sulla esperienza lavorativa e sulla formazione continua, da mettere a punto anche con un uso pi\u00f9 saggio e funzionale dei finanziamenti disponibili.<\/p>\n<p style=\"text-align: justify;\">In attesa di ci\u00f2 il ministero deve avere la bont\u00e0 e la pazienza di avviare una seria riflessione su questi temi, lasciando che la formazione venga regolamentata ancora secondo il principio della attivit\u00e0 funzionale all&#8217;insegnamento, e del relativo monte ore annuo.<\/p>\n<p style=\"text-align: justify;\">Con l&#8217;auspicio che sia per poco e che il rinnovo prenda forma al pi\u00f9 presto la UIL ritiene che questo tema debba essere oggetto di confronto al pi\u00f9 alto livello politico. Ne presenter\u00e0 tutti i limiti e le contraddizioni nell&#8217;incontro chiesto unitariamente al ministro nella lettera trasmessa ieri.<\/p>\n<p style=\"text-align: justify;\">[All&#8217;incontro al ministero hanno partecipato Noemi Ranieri, Rosa Cirillo e Rosa Venuti]<\/p>\n<\/div>\n\n<div class=\"twitter-share\"><a href=\"https:\/\/twitter.com\/intent\/tweet?via=UILScuolaBO_ER\" class=\"twitter-share-button\" data-size=\"large\">Tweet<\/a><\/div>\n","protected":false},"excerpt":{"rendered":"<p>Che la formazione in servizio sia un obbligo deontologico i docenti non solo lo hanno sempre saputo, ma anche praticato e a spese loro, che &hellip; <\/p>\n","protected":false},"author":1,"featured_media":0,"comment_status":"closed","ping_status":"open","sticky":false,"template":"","format":"standard","meta":{"footnotes":""},"categories":[12,6],"tags":[],"yoast_head":"<!-- This site is optimized with the Yoast SEO plugin v21.7 - https:\/\/yoast.com\/wordpress\/plugins\/seo\/ -->\r\n<title>La formazione obbligatoria dei docenti secondo la legge 107 - 125 ore di lavoro in pi\u00f9 per la formazione nel triennio - Uil Scuola Emilia Romagna<\/title>\r\n<meta name=\"robots\" content=\"index, follow, max-snippet:-1, max-image-preview:large, max-video-preview:-1\" \/>\r\n<link rel=\"canonical\" href=\"https:\/\/www.uilscuolaemiliaromagna.it\/public\/er\/2016\/09\/02\/la-formazione-obbligatoria-dei-docenti-secondo-la-legge-107-125-ore-di-lavoro-in-piu-per-la-formazione-nel-triennio\/\" \/>\r\n<meta property=\"og:locale\" content=\"it_IT\" \/>\r\n<meta property=\"og:type\" content=\"article\" \/>\r\n<meta property=\"og:title\" content=\"La formazione obbligatoria dei docenti secondo la legge 107 - 125 ore di lavoro in pi\u00f9 per la formazione nel triennio - Uil Scuola Emilia Romagna\" \/>\r\n<meta property=\"og:description\" content=\"Che la formazione in servizio sia un obbligo deontologico i docenti non solo lo hanno sempre saputo, ma anche praticato e a spese loro, che &hellip;\" \/>\r\n<meta property=\"og:url\" content=\"https:\/\/www.uilscuolaemiliaromagna.it\/public\/er\/2016\/09\/02\/la-formazione-obbligatoria-dei-docenti-secondo-la-legge-107-125-ore-di-lavoro-in-piu-per-la-formazione-nel-triennio\/\" \/>\r\n<meta property=\"og:site_name\" content=\"Uil Scuola Emilia Romagna\" \/>\r\n<meta property=\"article:published_time\" content=\"2016-09-02T20:46:02+00:00\" \/>\r\n<meta name=\"author\" content=\"admin\" \/>\r\n<meta name=\"twitter:card\" content=\"summary_large_image\" \/>\r\n<meta name=\"twitter:label1\" content=\"Scritto da\" \/>\n\t<meta name=\"twitter:data1\" content=\"admin\" \/>\n\t<meta name=\"twitter:label2\" content=\"Tempo di lettura stimato\" \/>\n\t<meta name=\"twitter:data2\" content=\"3 minuti\" \/>\r\n<script type=\"application\/ld+json\" class=\"yoast-schema-graph\">{\"@context\":\"https:\/\/schema.org\",\"@graph\":[{\"@type\":\"Article\",\"@id\":\"https:\/\/www.uilscuolaemiliaromagna.it\/public\/er\/2016\/09\/02\/la-formazione-obbligatoria-dei-docenti-secondo-la-legge-107-125-ore-di-lavoro-in-piu-per-la-formazione-nel-triennio\/#article\",\"isPartOf\":{\"@id\":\"https:\/\/www.uilscuolaemiliaromagna.it\/public\/er\/2016\/09\/02\/la-formazione-obbligatoria-dei-docenti-secondo-la-legge-107-125-ore-di-lavoro-in-piu-per-la-formazione-nel-triennio\/\"},\"author\":{\"name\":\"admin\",\"@id\":\"https:\/\/www.uilscuolaemiliaromagna.it\/public\/er\/#\/schema\/person\/f42878fd07a4b6ba2b7153d4fad5de5e\"},\"headline\":\"La formazione obbligatoria dei docenti secondo la legge 107 &#8211; 125 ore di lavoro in pi\u00f9 per la formazione nel triennio\",\"datePublished\":\"2016-09-02T20:46:02+00:00\",\"dateModified\":\"2016-09-02T20:46:02+00:00\",\"mainEntityOfPage\":{\"@id\":\"https:\/\/www.uilscuolaemiliaromagna.it\/public\/er\/2016\/09\/02\/la-formazione-obbligatoria-dei-docenti-secondo-la-legge-107-125-ore-di-lavoro-in-piu-per-la-formazione-nel-triennio\/\"},\"wordCount\":690,\"publisher\":{\"@id\":\"https:\/\/www.uilscuolaemiliaromagna.it\/public\/er\/#organization\"},\"articleSection\":[\"Notizie\",\"Personale Docente\"],\"inLanguage\":\"it-IT\"},{\"@type\":\"WebPage\",\"@id\":\"https:\/\/www.uilscuolaemiliaromagna.it\/public\/er\/2016\/09\/02\/la-formazione-obbligatoria-dei-docenti-secondo-la-legge-107-125-ore-di-lavoro-in-piu-per-la-formazione-nel-triennio\/\",\"url\":\"https:\/\/www.uilscuolaemiliaromagna.it\/public\/er\/2016\/09\/02\/la-formazione-obbligatoria-dei-docenti-secondo-la-legge-107-125-ore-di-lavoro-in-piu-per-la-formazione-nel-triennio\/\",\"name\":\"La formazione obbligatoria dei docenti secondo la legge 107 - 125 ore di lavoro in pi\u00f9 per la formazione nel triennio - Uil Scuola Emilia Romagna\",\"isPartOf\":{\"@id\":\"https:\/\/www.uilscuolaemiliaromagna.it\/public\/er\/#website\"},\"datePublished\":\"2016-09-02T20:46:02+00:00\",\"dateModified\":\"2016-09-02T20:46:02+00:00\",\"breadcrumb\":{\"@id\":\"https:\/\/www.uilscuolaemiliaromagna.it\/public\/er\/2016\/09\/02\/la-formazione-obbligatoria-dei-docenti-secondo-la-legge-107-125-ore-di-lavoro-in-piu-per-la-formazione-nel-triennio\/#breadcrumb\"},\"inLanguage\":\"it-IT\",\"potentialAction\":[{\"@type\":\"ReadAction\",\"target\":[\"https:\/\/www.uilscuolaemiliaromagna.it\/public\/er\/2016\/09\/02\/la-formazione-obbligatoria-dei-docenti-secondo-la-legge-107-125-ore-di-lavoro-in-piu-per-la-formazione-nel-triennio\/\"]}]},{\"@type\":\"BreadcrumbList\",\"@id\":\"https:\/\/www.uilscuolaemiliaromagna.it\/public\/er\/2016\/09\/02\/la-formazione-obbligatoria-dei-docenti-secondo-la-legge-107-125-ore-di-lavoro-in-piu-per-la-formazione-nel-triennio\/#breadcrumb\",\"itemListElement\":[{\"@type\":\"ListItem\",\"position\":1,\"name\":\"Home\",\"item\":\"https:\/\/www.uilscuolaemiliaromagna.it\/public\/er\/\"},{\"@type\":\"ListItem\",\"position\":2,\"name\":\"La formazione obbligatoria dei docenti secondo la legge 107 &#8211; 125 ore di lavoro in pi\u00f9 per la formazione nel triennio\"}]},{\"@type\":\"WebSite\",\"@id\":\"https:\/\/www.uilscuolaemiliaromagna.it\/public\/er\/#website\",\"url\":\"https:\/\/www.uilscuolaemiliaromagna.it\/public\/er\/\",\"name\":\"Uil Scuola Emilia Romagna\",\"description\":\"La voce libera della scuola\",\"publisher\":{\"@id\":\"https:\/\/www.uilscuolaemiliaromagna.it\/public\/er\/#organization\"},\"potentialAction\":[{\"@type\":\"SearchAction\",\"target\":{\"@type\":\"EntryPoint\",\"urlTemplate\":\"https:\/\/www.uilscuolaemiliaromagna.it\/public\/er\/?s={search_term_string}\"},\"query-input\":\"required name=search_term_string\"}],\"inLanguage\":\"it-IT\"},{\"@type\":\"Organization\",\"@id\":\"https:\/\/www.uilscuolaemiliaromagna.it\/public\/er\/#organization\",\"name\":\"Uil Scuola Emilia Romagna\",\"url\":\"https:\/\/www.uilscuolaemiliaromagna.it\/public\/er\/\",\"logo\":{\"@type\":\"ImageObject\",\"inLanguage\":\"it-IT\",\"@id\":\"https:\/\/www.uilscuolaemiliaromagna.it\/public\/er\/#\/schema\/logo\/image\/\",\"url\":\"https:\/\/www.uilscuolaemiliaromagna.it\/public\/er\/wp-content\/uploads\/2017\/04\/cropped-header.png\",\"contentUrl\":\"https:\/\/www.uilscuolaemiliaromagna.it\/public\/er\/wp-content\/uploads\/2017\/04\/cropped-header.png\",\"width\":1000,\"height\":150,\"caption\":\"Uil Scuola Emilia Romagna\"},\"image\":{\"@id\":\"https:\/\/www.uilscuolaemiliaromagna.it\/public\/er\/#\/schema\/logo\/image\/\"}},{\"@type\":\"Person\",\"@id\":\"https:\/\/www.uilscuolaemiliaromagna.it\/public\/er\/#\/schema\/person\/f42878fd07a4b6ba2b7153d4fad5de5e\",\"name\":\"admin\",\"image\":{\"@type\":\"ImageObject\",\"inLanguage\":\"it-IT\",\"@id\":\"https:\/\/www.uilscuolaemiliaromagna.it\/public\/er\/#\/schema\/person\/image\/\",\"url\":\"https:\/\/secure.gravatar.com\/avatar\/aebf815ae2f30ffdae8b8c247273d34c?s=96&d=mm&r=g\",\"contentUrl\":\"https:\/\/secure.gravatar.com\/avatar\/aebf815ae2f30ffdae8b8c247273d34c?s=96&d=mm&r=g\",\"caption\":\"admin\"},\"url\":\"https:\/\/www.uilscuolaemiliaromagna.it\/public\/er\/author\/admin\/\"}]}<\/script>\r\n<!-- \/ Yoast SEO plugin. -->","yoast_head_json":{"title":"La formazione obbligatoria dei docenti secondo la legge 107 - 125 ore di lavoro in pi\u00f9 per la formazione nel triennio - Uil Scuola Emilia Romagna","robots":{"index":"index","follow":"follow","max-snippet":"max-snippet:-1","max-image-preview":"max-image-preview:large","max-video-preview":"max-video-preview:-1"},"canonical":"https:\/\/www.uilscuolaemiliaromagna.it\/public\/er\/2016\/09\/02\/la-formazione-obbligatoria-dei-docenti-secondo-la-legge-107-125-ore-di-lavoro-in-piu-per-la-formazione-nel-triennio\/","og_locale":"it_IT","og_type":"article","og_title":"La formazione obbligatoria dei docenti secondo la legge 107 - 125 ore di lavoro in pi\u00f9 per la formazione nel triennio - Uil Scuola Emilia Romagna","og_description":"Che la formazione in servizio sia un obbligo deontologico i docenti non solo lo hanno sempre saputo, ma anche praticato e a spese loro, che &hellip;","og_url":"https:\/\/www.uilscuolaemiliaromagna.it\/public\/er\/2016\/09\/02\/la-formazione-obbligatoria-dei-docenti-secondo-la-legge-107-125-ore-di-lavoro-in-piu-per-la-formazione-nel-triennio\/","og_site_name":"Uil Scuola Emilia Romagna","article_published_time":"2016-09-02T20:46:02+00:00","author":"admin","twitter_card":"summary_large_image","twitter_misc":{"Scritto da":"admin","Tempo di lettura stimato":"3 minuti"},"schema":{"@context":"https:\/\/schema.org","@graph":[{"@type":"Article","@id":"https:\/\/www.uilscuolaemiliaromagna.it\/public\/er\/2016\/09\/02\/la-formazione-obbligatoria-dei-docenti-secondo-la-legge-107-125-ore-di-lavoro-in-piu-per-la-formazione-nel-triennio\/#article","isPartOf":{"@id":"https:\/\/www.uilscuolaemiliaromagna.it\/public\/er\/2016\/09\/02\/la-formazione-obbligatoria-dei-docenti-secondo-la-legge-107-125-ore-di-lavoro-in-piu-per-la-formazione-nel-triennio\/"},"author":{"name":"admin","@id":"https:\/\/www.uilscuolaemiliaromagna.it\/public\/er\/#\/schema\/person\/f42878fd07a4b6ba2b7153d4fad5de5e"},"headline":"La formazione obbligatoria dei docenti secondo la legge 107 &#8211; 125 ore di lavoro in pi\u00f9 per la formazione nel triennio","datePublished":"2016-09-02T20:46:02+00:00","dateModified":"2016-09-02T20:46:02+00:00","mainEntityOfPage":{"@id":"https:\/\/www.uilscuolaemiliaromagna.it\/public\/er\/2016\/09\/02\/la-formazione-obbligatoria-dei-docenti-secondo-la-legge-107-125-ore-di-lavoro-in-piu-per-la-formazione-nel-triennio\/"},"wordCount":690,"publisher":{"@id":"https:\/\/www.uilscuolaemiliaromagna.it\/public\/er\/#organization"},"articleSection":["Notizie","Personale Docente"],"inLanguage":"it-IT"},{"@type":"WebPage","@id":"https:\/\/www.uilscuolaemiliaromagna.it\/public\/er\/2016\/09\/02\/la-formazione-obbligatoria-dei-docenti-secondo-la-legge-107-125-ore-di-lavoro-in-piu-per-la-formazione-nel-triennio\/","url":"https:\/\/www.uilscuolaemiliaromagna.it\/public\/er\/2016\/09\/02\/la-formazione-obbligatoria-dei-docenti-secondo-la-legge-107-125-ore-di-lavoro-in-piu-per-la-formazione-nel-triennio\/","name":"La formazione obbligatoria dei docenti secondo la legge 107 - 125 ore di lavoro in pi\u00f9 per la formazione nel triennio - Uil Scuola Emilia Romagna","isPartOf":{"@id":"https:\/\/www.uilscuolaemiliaromagna.it\/public\/er\/#website"},"datePublished":"2016-09-02T20:46:02+00:00","dateModified":"2016-09-02T20:46:02+00:00","breadcrumb":{"@id":"https:\/\/www.uilscuolaemiliaromagna.it\/public\/er\/2016\/09\/02\/la-formazione-obbligatoria-dei-docenti-secondo-la-legge-107-125-ore-di-lavoro-in-piu-per-la-formazione-nel-triennio\/#breadcrumb"},"inLanguage":"it-IT","potentialAction":[{"@type":"ReadAction","target":["https:\/\/www.uilscuolaemiliaromagna.it\/public\/er\/2016\/09\/02\/la-formazione-obbligatoria-dei-docenti-secondo-la-legge-107-125-ore-di-lavoro-in-piu-per-la-formazione-nel-triennio\/"]}]},{"@type":"BreadcrumbList","@id":"https:\/\/www.uilscuolaemiliaromagna.it\/public\/er\/2016\/09\/02\/la-formazione-obbligatoria-dei-docenti-secondo-la-legge-107-125-ore-di-lavoro-in-piu-per-la-formazione-nel-triennio\/#breadcrumb","itemListElement":[{"@type":"ListItem","position":1,"name":"Home","item":"https:\/\/www.uilscuolaemiliaromagna.it\/public\/er\/"},{"@type":"ListItem","position":2,"name":"La formazione obbligatoria dei docenti secondo la legge 107 &#8211; 125 ore di lavoro in pi\u00f9 per la formazione nel triennio"}]},{"@type":"WebSite","@id":"https:\/\/www.uilscuolaemiliaromagna.it\/public\/er\/#website","url":"https:\/\/www.uilscuolaemiliaromagna.it\/public\/er\/","name":"Uil Scuola Emilia Romagna","description":"La voce libera della scuola","publisher":{"@id":"https:\/\/www.uilscuolaemiliaromagna.it\/public\/er\/#organization"},"potentialAction":[{"@type":"SearchAction","target":{"@type":"EntryPoint","urlTemplate":"https:\/\/www.uilscuolaemiliaromagna.it\/public\/er\/?s={search_term_string}"},"query-input":"required name=search_term_string"}],"inLanguage":"it-IT"},{"@type":"Organization","@id":"https:\/\/www.uilscuolaemiliaromagna.it\/public\/er\/#organization","name":"Uil Scuola Emilia Romagna","url":"https:\/\/www.uilscuolaemiliaromagna.it\/public\/er\/","logo":{"@type":"ImageObject","inLanguage":"it-IT","@id":"https:\/\/www.uilscuolaemiliaromagna.it\/public\/er\/#\/schema\/logo\/image\/","url":"https:\/\/www.uilscuolaemiliaromagna.it\/public\/er\/wp-content\/uploads\/2017\/04\/cropped-header.png","contentUrl":"https:\/\/www.uilscuolaemiliaromagna.it\/public\/er\/wp-content\/uploads\/2017\/04\/cropped-header.png","width":1000,"height":150,"caption":"Uil Scuola Emilia Romagna"},"image":{"@id":"https:\/\/www.uilscuolaemiliaromagna.it\/public\/er\/#\/schema\/logo\/image\/"}},{"@type":"Person","@id":"https:\/\/www.uilscuolaemiliaromagna.it\/public\/er\/#\/schema\/person\/f42878fd07a4b6ba2b7153d4fad5de5e","name":"admin","image":{"@type":"ImageObject","inLanguage":"it-IT","@id":"https:\/\/www.uilscuolaemiliaromagna.it\/public\/er\/#\/schema\/person\/image\/","url":"https:\/\/secure.gravatar.com\/avatar\/aebf815ae2f30ffdae8b8c247273d34c?s=96&d=mm&r=g","contentUrl":"https:\/\/secure.gravatar.com\/avatar\/aebf815ae2f30ffdae8b8c247273d34c?s=96&d=mm&r=g","caption":"admin"},"url":"https:\/\/www.uilscuolaemiliaromagna.it\/public\/er\/author\/admin\/"}]}},"views":1889,"_links":{"self":[{"href":"https:\/\/www.uilscuolaemiliaromagna.it\/public\/er\/wp-json\/wp\/v2\/posts\/860"}],"collection":[{"href":"https:\/\/www.uilscuolaemiliaromagna.it\/public\/er\/wp-json\/wp\/v2\/posts"}],"about":[{"href":"https:\/\/www.uilscuolaemiliaromagna.it\/public\/er\/wp-json\/wp\/v2\/types\/post"}],"author":[{"embeddable":true,"href":"https:\/\/www.uilscuolaemiliaromagna.it\/public\/er\/wp-json\/wp\/v2\/users\/1"}],"replies":[{"embeddable":true,"href":"https:\/\/www.uilscuolaemiliaromagna.it\/public\/er\/wp-json\/wp\/v2\/comments?post=860"}],"version-history":[{"count":1,"href":"https:\/\/www.uilscuolaemiliaromagna.it\/public\/er\/wp-json\/wp\/v2\/posts\/860\/revisions"}],"predecessor-version":[{"id":861,"href":"https:\/\/www.uilscuolaemiliaromagna.it\/public\/er\/wp-json\/wp\/v2\/posts\/860\/revisions\/861"}],"wp:attachment":[{"href":"https:\/\/www.uilscuolaemiliaromagna.it\/public\/er\/wp-json\/wp\/v2\/media?parent=860"}],"wp:term":[{"taxonomy":"category","embeddable":true,"href":"https:\/\/www.uilscuolaemiliaromagna.it\/public\/er\/wp-json\/wp\/v2\/categories?post=860"},{"taxonomy":"post_tag","embeddable":true,"href":"https:\/\/www.uilscuolaemiliaromagna.it\/public\/er\/wp-json\/wp\/v2\/tags?post=860"}],"curies":[{"name":"wp","href":"https:\/\/api.w.org\/{rel}","templated":true}]}}