{"id":8609,"date":"2021-07-27T23:13:27","date_gmt":"2021-07-27T21:13:27","guid":{"rendered":"http:\/\/www.uilscuolaemiliaromagna.it\/public\/er\/?p=8609"},"modified":"2021-07-28T15:14:51","modified_gmt":"2021-07-28T13:14:51","slug":"sintesi-incontro-sindacati-ministro-lintervento-di-pino-turi","status":"publish","type":"post","link":"https:\/\/www.uilscuolaemiliaromagna.it\/public\/er\/2021\/07\/27\/sintesi-incontro-sindacati-ministro-lintervento-di-pino-turi\/","title":{"rendered":"SINTESI INCONTRO SINDACATI-MINISTRO: L\u2019INTERVENTO DI PINO TURI"},"content":{"rendered":"<h3 style=\"text-align: justify;\"><strong>\u201cRientro a scuola in presenza \u00e8 priorit\u00e0, ma il futuro della scuola passa dal rinnovo contrattuale e dalla lotta al precariato\u201d<\/strong><\/h3>\n<p style=\"text-align: justify;\"><strong>Tutti gli attori della scuola devono stare dalla stessa parte almeno per far ripartire la scuola in sicurezza \u2013 cos\u00ec il segretario generale della UIL Scuola Pino Turi durante l\u2019incontro telematico tra il Ministro Bianchi e le organizzazioni sindacali della scuola.<\/strong><\/p>\n<p style=\"text-align: justify;\">Sulla vaccinazione obbligatoria, serve una norma di legge \u2013 ha detto\u00a0<strong>Turi<\/strong>\u00a0\u2013 la politica deve assumersi la responsabilit\u00e0, alla quale noi della\u00a0<strong>UIL Scuola<\/strong>\u00a0ci atterremo.<\/p>\n<p style=\"text-align: justify;\">Il vaccino da solo non \u00e8 sufficiente a risolvere i problemi strutturali, senza dimenticare le criticit\u00e0 legate ai lavoratori fragili. Il paradosso di aver mantenuto l\u2019organico da una parte e dall\u2019altra ritrovarsi classi da 51 alunni a Roma, \u00e8 incredibile.<\/p>\n<p style=\"text-align: justify;\">C\u2019\u00e8 un problema di burocratizzazione nel nostro settore che va assolutamente risolto.<\/p>\n<p style=\"text-align: justify;\">La scuola in presenza a settembre \u00e8 madre tra tutte le priorit\u00e0, ma non \u00e8 l\u2019unica. Il Ministero deve darci risposte concrete sul rinnovo del contratto, sul protocollo sicurezza e sul tema precariato.<\/p>\n<p style=\"text-align: justify;\">Nel corso del suo intervento, Turi ha sottolineato che in questo momento,\u00a0<strong>tutte le forze devono concentrarsi sul rientro a scuola in presenza a settembre.<\/strong><\/p>\n<p style=\"text-align: justify;\">Sempre in ottica di misure per il rientro in presenza e in sicurezza Turi ha ribadito al Ministro l\u2019importanza di avere a disposizione i dati dei contagi a scuola: \u201c<em>Continueremo a chiederli, abbiamo bisogno di dati specifici di ogni singola scuola e provincia\u201d.<\/em><\/p>\n<p style=\"text-align: justify;\">Sul fronte sicurezza, il Segretario generale conferma l\u2019importanza del\u00a0<strong>protocollo sicurezza.<\/strong><br \/>\n\u00c8 il punto da cui ripartire e noi della UIL Scuola siamo disponibili a firmarlo \u2013 afferma \u2013. Vista la situazione critica va rivisto, servono poche regole ma chiare e concrete al fine di evitare interventi autoritari e burocratici.<\/p>\n<p style=\"text-align: justify;\">Non manca poi un riferimento alla difficile situazione dei precari, tema strettamente collegato al rinnovo contrattuale:\u00a0<em>\u201cIn queste condizioni \u00e8 innegabile una condizione di sfruttamento nei confronti dei precari, dei DGSA e dei collaboratori scolastici<\/em>\u00a0\u2013 dichiara.<\/p>\n<p style=\"text-align: justify;\">Nel\u00a0<strong>rinnovo del contratto<\/strong>\u00a0saranno determinanti diritti e doveri, sar\u00e0 fondamentale creare un provvedimento specifico di legge per rilanciare il nostro settore.<\/p>\n<p style=\"text-align: justify;\">A concludere l\u2019incontro la risposta del Ministro che dopo aver ringraziato le organizzazioni sindacali ha confermato che presenter\u00e0 al Governo in tempi brevi tutte le tematiche proposte.<\/p>\n\n<div class=\"twitter-share\"><a href=\"https:\/\/twitter.com\/intent\/tweet?via=UILScuolaBO_ER\" class=\"twitter-share-button\" data-size=\"large\">Tweet<\/a><\/div>\n","protected":false},"excerpt":{"rendered":"<p>\u201cRientro a scuola in presenza \u00e8 priorit\u00e0, ma il futuro della scuola passa dal rinnovo contrattuale e dalla lotta al precariato\u201d Tutti gli attori della &hellip; <\/p>\n","protected":false},"author":1,"featured_media":7481,"comment_status":"closed","ping_status":"open","sticky":false,"template":"","format":"standard","meta":{"footnotes":""},"categories":[12],"tags":[],"yoast_head":"<!-- This site is optimized with the Yoast SEO plugin v21.7 - https:\/\/yoast.com\/wordpress\/plugins\/seo\/ -->\r\n<title>SINTESI INCONTRO SINDACATI-MINISTRO: L\u2019INTERVENTO DI PINO TURI - Uil Scuola Emilia Romagna<\/title>\r\n<meta name=\"robots\" content=\"index, follow, max-snippet:-1, max-image-preview:large, max-video-preview:-1\" \/>\r\n<link rel=\"canonical\" href=\"https:\/\/www.uilscuolaemiliaromagna.it\/public\/er\/2021\/07\/27\/sintesi-incontro-sindacati-ministro-lintervento-di-pino-turi\/\" \/>\r\n<meta property=\"og:locale\" content=\"it_IT\" \/>\r\n<meta property=\"og:type\" content=\"article\" \/>\r\n<meta property=\"og:title\" content=\"SINTESI INCONTRO SINDACATI-MINISTRO: L\u2019INTERVENTO DI PINO TURI - Uil Scuola Emilia Romagna\" \/>\r\n<meta property=\"og:description\" content=\"\u201cRientro a scuola in presenza \u00e8 priorit\u00e0, ma il futuro della scuola passa dal rinnovo contrattuale e dalla lotta al precariato\u201d Tutti gli attori della &hellip;\" \/>\r\n<meta property=\"og:url\" content=\"https:\/\/www.uilscuolaemiliaromagna.it\/public\/er\/2021\/07\/27\/sintesi-incontro-sindacati-ministro-lintervento-di-pino-turi\/\" \/>\r\n<meta property=\"og:site_name\" content=\"Uil Scuola Emilia Romagna\" \/>\r\n<meta property=\"article:published_time\" content=\"2021-07-27T21:13:27+00:00\" \/>\r\n<meta property=\"article:modified_time\" content=\"2021-07-28T13:14:51+00:00\" \/>\r\n<meta property=\"og:image\" content=\"https:\/\/www.uilscuolaemiliaromagna.it\/public\/er\/wp-content\/uploads\/2021\/01\/IMG-20210113-WA0017-300x169-1.jpg\" \/>\r\n\t<meta property=\"og:image:width\" content=\"300\" \/>\r\n\t<meta property=\"og:image:height\" content=\"169\" \/>\r\n\t<meta property=\"og:image:type\" content=\"image\/jpeg\" \/>\r\n<meta name=\"author\" content=\"admin\" \/>\r\n<meta name=\"twitter:card\" content=\"summary_large_image\" \/>\r\n<meta name=\"twitter:label1\" content=\"Scritto da\" \/>\n\t<meta name=\"twitter:data1\" content=\"admin\" \/>\n\t<meta name=\"twitter:label2\" content=\"Tempo di lettura stimato\" \/>\n\t<meta name=\"twitter:data2\" content=\"2 minuti\" \/>\r\n<script type=\"application\/ld+json\" class=\"yoast-schema-graph\">{\"@context\":\"https:\/\/schema.org\",\"@graph\":[{\"@type\":\"Article\",\"@id\":\"https:\/\/www.uilscuolaemiliaromagna.it\/public\/er\/2021\/07\/27\/sintesi-incontro-sindacati-ministro-lintervento-di-pino-turi\/#article\",\"isPartOf\":{\"@id\":\"https:\/\/www.uilscuolaemiliaromagna.it\/public\/er\/2021\/07\/27\/sintesi-incontro-sindacati-ministro-lintervento-di-pino-turi\/\"},\"author\":{\"name\":\"admin\",\"@id\":\"https:\/\/www.uilscuolaemiliaromagna.it\/public\/er\/#\/schema\/person\/f42878fd07a4b6ba2b7153d4fad5de5e\"},\"headline\":\"SINTESI INCONTRO SINDACATI-MINISTRO: L\u2019INTERVENTO DI PINO TURI\",\"datePublished\":\"2021-07-27T21:13:27+00:00\",\"dateModified\":\"2021-07-28T13:14:51+00:00\",\"mainEntityOfPage\":{\"@id\":\"https:\/\/www.uilscuolaemiliaromagna.it\/public\/er\/2021\/07\/27\/sintesi-incontro-sindacati-ministro-lintervento-di-pino-turi\/\"},\"wordCount\":379,\"publisher\":{\"@id\":\"https:\/\/www.uilscuolaemiliaromagna.it\/public\/er\/#organization\"},\"articleSection\":[\"Notizie\"],\"inLanguage\":\"it-IT\"},{\"@type\":\"WebPage\",\"@id\":\"https:\/\/www.uilscuolaemiliaromagna.it\/public\/er\/2021\/07\/27\/sintesi-incontro-sindacati-ministro-lintervento-di-pino-turi\/\",\"url\":\"https:\/\/www.uilscuolaemiliaromagna.it\/public\/er\/2021\/07\/27\/sintesi-incontro-sindacati-ministro-lintervento-di-pino-turi\/\",\"name\":\"SINTESI INCONTRO SINDACATI-MINISTRO: L\u2019INTERVENTO DI PINO TURI - Uil Scuola Emilia Romagna\",\"isPartOf\":{\"@id\":\"https:\/\/www.uilscuolaemiliaromagna.it\/public\/er\/#website\"},\"datePublished\":\"2021-07-27T21:13:27+00:00\",\"dateModified\":\"2021-07-28T13:14:51+00:00\",\"breadcrumb\":{\"@id\":\"https:\/\/www.uilscuolaemiliaromagna.it\/public\/er\/2021\/07\/27\/sintesi-incontro-sindacati-ministro-lintervento-di-pino-turi\/#breadcrumb\"},\"inLanguage\":\"it-IT\",\"potentialAction\":[{\"@type\":\"ReadAction\",\"target\":[\"https:\/\/www.uilscuolaemiliaromagna.it\/public\/er\/2021\/07\/27\/sintesi-incontro-sindacati-ministro-lintervento-di-pino-turi\/\"]}]},{\"@type\":\"BreadcrumbList\",\"@id\":\"https:\/\/www.uilscuolaemiliaromagna.it\/public\/er\/2021\/07\/27\/sintesi-incontro-sindacati-ministro-lintervento-di-pino-turi\/#breadcrumb\",\"itemListElement\":[{\"@type\":\"ListItem\",\"position\":1,\"name\":\"Home\",\"item\":\"https:\/\/www.uilscuolaemiliaromagna.it\/public\/er\/\"},{\"@type\":\"ListItem\",\"position\":2,\"name\":\"SINTESI INCONTRO SINDACATI-MINISTRO: L\u2019INTERVENTO DI PINO TURI\"}]},{\"@type\":\"WebSite\",\"@id\":\"https:\/\/www.uilscuolaemiliaromagna.it\/public\/er\/#website\",\"url\":\"https:\/\/www.uilscuolaemiliaromagna.it\/public\/er\/\",\"name\":\"Uil Scuola Emilia Romagna\",\"description\":\"La voce libera della scuola\",\"publisher\":{\"@id\":\"https:\/\/www.uilscuolaemiliaromagna.it\/public\/er\/#organization\"},\"potentialAction\":[{\"@type\":\"SearchAction\",\"target\":{\"@type\":\"EntryPoint\",\"urlTemplate\":\"https:\/\/www.uilscuolaemiliaromagna.it\/public\/er\/?s={search_term_string}\"},\"query-input\":\"required name=search_term_string\"}],\"inLanguage\":\"it-IT\"},{\"@type\":\"Organization\",\"@id\":\"https:\/\/www.uilscuolaemiliaromagna.it\/public\/er\/#organization\",\"name\":\"Uil Scuola Emilia Romagna\",\"url\":\"https:\/\/www.uilscuolaemiliaromagna.it\/public\/er\/\",\"logo\":{\"@type\":\"ImageObject\",\"inLanguage\":\"it-IT\",\"@id\":\"https:\/\/www.uilscuolaemiliaromagna.it\/public\/er\/#\/schema\/logo\/image\/\",\"url\":\"https:\/\/www.uilscuolaemiliaromagna.it\/public\/er\/wp-content\/uploads\/2017\/04\/cropped-header.png\",\"contentUrl\":\"https:\/\/www.uilscuolaemiliaromagna.it\/public\/er\/wp-content\/uploads\/2017\/04\/cropped-header.png\",\"width\":1000,\"height\":150,\"caption\":\"Uil Scuola Emilia Romagna\"},\"image\":{\"@id\":\"https:\/\/www.uilscuolaemiliaromagna.it\/public\/er\/#\/schema\/logo\/image\/\"}},{\"@type\":\"Person\",\"@id\":\"https:\/\/www.uilscuolaemiliaromagna.it\/public\/er\/#\/schema\/person\/f42878fd07a4b6ba2b7153d4fad5de5e\",\"name\":\"admin\",\"image\":{\"@type\":\"ImageObject\",\"inLanguage\":\"it-IT\",\"@id\":\"https:\/\/www.uilscuolaemiliaromagna.it\/public\/er\/#\/schema\/person\/image\/\",\"url\":\"https:\/\/secure.gravatar.com\/avatar\/aebf815ae2f30ffdae8b8c247273d34c?s=96&d=mm&r=g\",\"contentUrl\":\"https:\/\/secure.gravatar.com\/avatar\/aebf815ae2f30ffdae8b8c247273d34c?s=96&d=mm&r=g\",\"caption\":\"admin\"},\"url\":\"https:\/\/www.uilscuolaemiliaromagna.it\/public\/er\/author\/admin\/\"}]}<\/script>\r\n<!-- \/ Yoast SEO plugin. -->","yoast_head_json":{"title":"SINTESI INCONTRO SINDACATI-MINISTRO: L\u2019INTERVENTO DI PINO TURI - Uil Scuola Emilia Romagna","robots":{"index":"index","follow":"follow","max-snippet":"max-snippet:-1","max-image-preview":"max-image-preview:large","max-video-preview":"max-video-preview:-1"},"canonical":"https:\/\/www.uilscuolaemiliaromagna.it\/public\/er\/2021\/07\/27\/sintesi-incontro-sindacati-ministro-lintervento-di-pino-turi\/","og_locale":"it_IT","og_type":"article","og_title":"SINTESI INCONTRO SINDACATI-MINISTRO: L\u2019INTERVENTO DI PINO TURI - Uil Scuola Emilia Romagna","og_description":"\u201cRientro a scuola in presenza \u00e8 priorit\u00e0, ma il futuro della scuola passa dal rinnovo contrattuale e dalla lotta al precariato\u201d Tutti gli attori della &hellip;","og_url":"https:\/\/www.uilscuolaemiliaromagna.it\/public\/er\/2021\/07\/27\/sintesi-incontro-sindacati-ministro-lintervento-di-pino-turi\/","og_site_name":"Uil Scuola Emilia Romagna","article_published_time":"2021-07-27T21:13:27+00:00","article_modified_time":"2021-07-28T13:14:51+00:00","og_image":[{"width":300,"height":169,"url":"https:\/\/www.uilscuolaemiliaromagna.it\/public\/er\/wp-content\/uploads\/2021\/01\/IMG-20210113-WA0017-300x169-1.jpg","type":"image\/jpeg"}],"author":"admin","twitter_card":"summary_large_image","twitter_misc":{"Scritto da":"admin","Tempo di lettura stimato":"2 minuti"},"schema":{"@context":"https:\/\/schema.org","@graph":[{"@type":"Article","@id":"https:\/\/www.uilscuolaemiliaromagna.it\/public\/er\/2021\/07\/27\/sintesi-incontro-sindacati-ministro-lintervento-di-pino-turi\/#article","isPartOf":{"@id":"https:\/\/www.uilscuolaemiliaromagna.it\/public\/er\/2021\/07\/27\/sintesi-incontro-sindacati-ministro-lintervento-di-pino-turi\/"},"author":{"name":"admin","@id":"https:\/\/www.uilscuolaemiliaromagna.it\/public\/er\/#\/schema\/person\/f42878fd07a4b6ba2b7153d4fad5de5e"},"headline":"SINTESI INCONTRO SINDACATI-MINISTRO: L\u2019INTERVENTO DI PINO TURI","datePublished":"2021-07-27T21:13:27+00:00","dateModified":"2021-07-28T13:14:51+00:00","mainEntityOfPage":{"@id":"https:\/\/www.uilscuolaemiliaromagna.it\/public\/er\/2021\/07\/27\/sintesi-incontro-sindacati-ministro-lintervento-di-pino-turi\/"},"wordCount":379,"publisher":{"@id":"https:\/\/www.uilscuolaemiliaromagna.it\/public\/er\/#organization"},"articleSection":["Notizie"],"inLanguage":"it-IT"},{"@type":"WebPage","@id":"https:\/\/www.uilscuolaemiliaromagna.it\/public\/er\/2021\/07\/27\/sintesi-incontro-sindacati-ministro-lintervento-di-pino-turi\/","url":"https:\/\/www.uilscuolaemiliaromagna.it\/public\/er\/2021\/07\/27\/sintesi-incontro-sindacati-ministro-lintervento-di-pino-turi\/","name":"SINTESI INCONTRO SINDACATI-MINISTRO: L\u2019INTERVENTO DI PINO TURI - Uil Scuola Emilia Romagna","isPartOf":{"@id":"https:\/\/www.uilscuolaemiliaromagna.it\/public\/er\/#website"},"datePublished":"2021-07-27T21:13:27+00:00","dateModified":"2021-07-28T13:14:51+00:00","breadcrumb":{"@id":"https:\/\/www.uilscuolaemiliaromagna.it\/public\/er\/2021\/07\/27\/sintesi-incontro-sindacati-ministro-lintervento-di-pino-turi\/#breadcrumb"},"inLanguage":"it-IT","potentialAction":[{"@type":"ReadAction","target":["https:\/\/www.uilscuolaemiliaromagna.it\/public\/er\/2021\/07\/27\/sintesi-incontro-sindacati-ministro-lintervento-di-pino-turi\/"]}]},{"@type":"BreadcrumbList","@id":"https:\/\/www.uilscuolaemiliaromagna.it\/public\/er\/2021\/07\/27\/sintesi-incontro-sindacati-ministro-lintervento-di-pino-turi\/#breadcrumb","itemListElement":[{"@type":"ListItem","position":1,"name":"Home","item":"https:\/\/www.uilscuolaemiliaromagna.it\/public\/er\/"},{"@type":"ListItem","position":2,"name":"SINTESI INCONTRO SINDACATI-MINISTRO: L\u2019INTERVENTO DI PINO TURI"}]},{"@type":"WebSite","@id":"https:\/\/www.uilscuolaemiliaromagna.it\/public\/er\/#website","url":"https:\/\/www.uilscuolaemiliaromagna.it\/public\/er\/","name":"Uil Scuola Emilia Romagna","description":"La voce libera della scuola","publisher":{"@id":"https:\/\/www.uilscuolaemiliaromagna.it\/public\/er\/#organization"},"potentialAction":[{"@type":"SearchAction","target":{"@type":"EntryPoint","urlTemplate":"https:\/\/www.uilscuolaemiliaromagna.it\/public\/er\/?s={search_term_string}"},"query-input":"required name=search_term_string"}],"inLanguage":"it-IT"},{"@type":"Organization","@id":"https:\/\/www.uilscuolaemiliaromagna.it\/public\/er\/#organization","name":"Uil Scuola Emilia Romagna","url":"https:\/\/www.uilscuolaemiliaromagna.it\/public\/er\/","logo":{"@type":"ImageObject","inLanguage":"it-IT","@id":"https:\/\/www.uilscuolaemiliaromagna.it\/public\/er\/#\/schema\/logo\/image\/","url":"https:\/\/www.uilscuolaemiliaromagna.it\/public\/er\/wp-content\/uploads\/2017\/04\/cropped-header.png","contentUrl":"https:\/\/www.uilscuolaemiliaromagna.it\/public\/er\/wp-content\/uploads\/2017\/04\/cropped-header.png","width":1000,"height":150,"caption":"Uil Scuola Emilia Romagna"},"image":{"@id":"https:\/\/www.uilscuolaemiliaromagna.it\/public\/er\/#\/schema\/logo\/image\/"}},{"@type":"Person","@id":"https:\/\/www.uilscuolaemiliaromagna.it\/public\/er\/#\/schema\/person\/f42878fd07a4b6ba2b7153d4fad5de5e","name":"admin","image":{"@type":"ImageObject","inLanguage":"it-IT","@id":"https:\/\/www.uilscuolaemiliaromagna.it\/public\/er\/#\/schema\/person\/image\/","url":"https:\/\/secure.gravatar.com\/avatar\/aebf815ae2f30ffdae8b8c247273d34c?s=96&d=mm&r=g","contentUrl":"https:\/\/secure.gravatar.com\/avatar\/aebf815ae2f30ffdae8b8c247273d34c?s=96&d=mm&r=g","caption":"admin"},"url":"https:\/\/www.uilscuolaemiliaromagna.it\/public\/er\/author\/admin\/"}]}},"views":709,"_links":{"self":[{"href":"https:\/\/www.uilscuolaemiliaromagna.it\/public\/er\/wp-json\/wp\/v2\/posts\/8609"}],"collection":[{"href":"https:\/\/www.uilscuolaemiliaromagna.it\/public\/er\/wp-json\/wp\/v2\/posts"}],"about":[{"href":"https:\/\/www.uilscuolaemiliaromagna.it\/public\/er\/wp-json\/wp\/v2\/types\/post"}],"author":[{"embeddable":true,"href":"https:\/\/www.uilscuolaemiliaromagna.it\/public\/er\/wp-json\/wp\/v2\/users\/1"}],"replies":[{"embeddable":true,"href":"https:\/\/www.uilscuolaemiliaromagna.it\/public\/er\/wp-json\/wp\/v2\/comments?post=8609"}],"version-history":[{"count":1,"href":"https:\/\/www.uilscuolaemiliaromagna.it\/public\/er\/wp-json\/wp\/v2\/posts\/8609\/revisions"}],"predecessor-version":[{"id":8610,"href":"https:\/\/www.uilscuolaemiliaromagna.it\/public\/er\/wp-json\/wp\/v2\/posts\/8609\/revisions\/8610"}],"wp:featuredmedia":[{"embeddable":true,"href":"https:\/\/www.uilscuolaemiliaromagna.it\/public\/er\/wp-json\/wp\/v2\/media\/7481"}],"wp:attachment":[{"href":"https:\/\/www.uilscuolaemiliaromagna.it\/public\/er\/wp-json\/wp\/v2\/media?parent=8609"}],"wp:term":[{"taxonomy":"category","embeddable":true,"href":"https:\/\/www.uilscuolaemiliaromagna.it\/public\/er\/wp-json\/wp\/v2\/categories?post=8609"},{"taxonomy":"post_tag","embeddable":true,"href":"https:\/\/www.uilscuolaemiliaromagna.it\/public\/er\/wp-json\/wp\/v2\/tags?post=8609"}],"curies":[{"name":"wp","href":"https:\/\/api.w.org\/{rel}","templated":true}]}}