{"id":8611,"date":"2021-07-27T23:15:07","date_gmt":"2021-07-27T21:15:07","guid":{"rendered":"http:\/\/www.uilscuolaemiliaromagna.it\/public\/er\/?p=8611"},"modified":"2021-07-28T15:16:00","modified_gmt":"2021-07-28T13:16:00","slug":"turi-serve-un-quadro-preciso-per-prendere-decisioni-importanti","status":"publish","type":"post","link":"https:\/\/www.uilscuolaemiliaromagna.it\/public\/er\/2021\/07\/27\/turi-serve-un-quadro-preciso-per-prendere-decisioni-importanti\/","title":{"rendered":"TURI: SERVE UN QUADRO PRECISO PER PRENDERE DECISIONI IMPORTANTI"},"content":{"rendered":"<div>\n<h3 style=\"text-align: justify;\"><strong>INCONTRO SINDACATI-MINISTRO \u2013\u00a0<em>Dialogo schietto e obiettivi chiari: sette temi che aspettano risposte<\/em><\/strong><\/h3>\n<p style=\"text-align: justify;\">E\u2019 uno sforzo di schiettezza quello che la\u00a0<strong>UIL Scuola<\/strong>\u00a0intende fare.<br \/>\nDialogo franco e obiettivi chiari: questo il metodo tracciato dal segretario generale della Uil Scuola, Pino Turi, nel suo intervento durante la riunione di oggi pomeriggio con il ministro Bianchi.<\/p>\n<p style=\"text-align: justify;\">La Uil Scuola collaborer\u00e0 in tutti i modi possibili per garantire l\u2019apertura dell\u2019anno scolastico \u2013 ha detto Turi consigliando di non mettere insieme temi tra loro diversi.<\/p>\n<p style=\"text-align: justify;\">Oggi non \u00e8 il giorno delle scale di importanza bisogna guardare alla scuola come comunit\u00e0 educante.<br \/>\nNel patto che abbiamo firmato ci sono i temi. Partiamo da quelli.<br \/>\nFar coincidere la scuola autonoma con la \u2018dirigenza scolastica\u2019 significa non partire con il piede giusto.<br \/>\nLa scuola \u00e8 comunit\u00e0, come indicato nel contratto, \u00e8 da l\u00ec che si deve partire.<\/p>\n<ol style=\"text-align: justify;\">\n<li><strong>Contratto e patto<br \/>\n<\/strong>Stanno insieme: se non si attiva il patto non si pu\u00f2 rinnovare il contratto.<\/li>\n<li><strong>Inizio anno scolastico<br \/>\n<\/strong>Ci sono ancora classi parametrate in modo standardizzato con un numero di alunni troppo alto. Bisogna agire in base alle situazioni oggettive. Servono misure mirate.<\/li>\n<li><strong>Burocrazia<br \/>\n<\/strong>E\u2019 il grande male della scuola italiana. Il carrierismo ha rovinato pezzi importanti del nostro paese.<br \/>\nNon facciamo lo stesso errore con la scuola, che pu\u00f2 cambiare e uscire dalla crisi solo come comunit\u00e0.<\/li>\n<li><strong>Interessi<br \/>\n<\/strong>La scuola \u00e8 guardata a vista da molti soggetti interessati alle modifiche che andranno realizzate.<br \/>\nIL ministro si riappropri delle scelte che sono state prese fuori dalla scuola e che, invece, intendono incidere sul sistema nazionale di istruzione.<\/li>\n<li><strong>Vaccino obbligatorio<br \/>\n<\/strong>E\u2019 ipotesi che si pu\u00f2 realizzare solo attraverso una norma di legge.<br \/>\nE\u2019 solo attraverso una legge che possono essere tutelati i \u2018lavoratori fragili\u2019 della scuola.<\/li>\n<li><strong>Precariet\u00e0<br \/>\n<\/strong>Bisogna smettere di sfruttare il personale e mettere le basi dei diritti e dei doveri.<\/li>\n<\/ol>\n<p style=\"text-align: justify;\">Per questo \u00e8 importante parlare di contratto, parlare di figure professionali, parlare di scuola comunit\u00e0.<\/p>\n<ol style=\"text-align: justify;\" start=\"7\">\n<li><strong>Dati contagi e vaccinazioni<br \/>\n<\/strong>Vorremmo conoscere il quadro esatto in relazione al sistema di istruzione nazionale.<br \/>\nScelte proficue possono essere prese solo se il quadro di intervento \u00e8 chiaro.<\/li>\n<\/ol>\n<\/div>\n<div class=\"clear\" style=\"text-align: justify;\"><\/div>\n<div id=\"allegati\"><\/div>\n\n<div class=\"twitter-share\"><a href=\"https:\/\/twitter.com\/intent\/tweet?via=UILScuolaBO_ER\" class=\"twitter-share-button\" data-size=\"large\">Tweet<\/a><\/div>\n","protected":false},"excerpt":{"rendered":"<p>INCONTRO SINDACATI-MINISTRO \u2013\u00a0Dialogo schietto e obiettivi chiari: sette temi che aspettano risposte E\u2019 uno sforzo di schiettezza quello che la\u00a0UIL Scuola\u00a0intende fare. Dialogo franco e &hellip; <\/p>\n","protected":false},"author":1,"featured_media":8366,"comment_status":"closed","ping_status":"open","sticky":false,"template":"","format":"standard","meta":{"footnotes":""},"categories":[12],"tags":[],"yoast_head":"<!-- This site is optimized with the Yoast SEO plugin v21.7 - https:\/\/yoast.com\/wordpress\/plugins\/seo\/ -->\r\n<title>TURI: SERVE UN QUADRO PRECISO PER PRENDERE DECISIONI IMPORTANTI - Uil Scuola Emilia Romagna<\/title>\r\n<meta name=\"robots\" content=\"index, follow, max-snippet:-1, max-image-preview:large, max-video-preview:-1\" \/>\r\n<link rel=\"canonical\" href=\"https:\/\/www.uilscuolaemiliaromagna.it\/public\/er\/2021\/07\/27\/turi-serve-un-quadro-preciso-per-prendere-decisioni-importanti\/\" \/>\r\n<meta property=\"og:locale\" content=\"it_IT\" \/>\r\n<meta property=\"og:type\" content=\"article\" \/>\r\n<meta property=\"og:title\" content=\"TURI: SERVE UN QUADRO PRECISO PER PRENDERE DECISIONI IMPORTANTI - Uil Scuola Emilia Romagna\" \/>\r\n<meta property=\"og:description\" content=\"INCONTRO SINDACATI-MINISTRO \u2013\u00a0Dialogo schietto e obiettivi chiari: sette temi che aspettano risposte E\u2019 uno sforzo di schiettezza quello che la\u00a0UIL Scuola\u00a0intende fare. Dialogo franco e &hellip;\" \/>\r\n<meta property=\"og:url\" content=\"https:\/\/www.uilscuolaemiliaromagna.it\/public\/er\/2021\/07\/27\/turi-serve-un-quadro-preciso-per-prendere-decisioni-importanti\/\" \/>\r\n<meta property=\"og:site_name\" content=\"Uil Scuola Emilia Romagna\" \/>\r\n<meta property=\"article:published_time\" content=\"2021-07-27T21:15:07+00:00\" \/>\r\n<meta property=\"article:modified_time\" content=\"2021-07-28T13:16:00+00:00\" \/>\r\n<meta property=\"og:image\" content=\"https:\/\/www.uilscuolaemiliaromagna.it\/public\/er\/wp-content\/uploads\/2021\/06\/IMG_20210609_153217_resized_20210610_121422512.jpg\" \/>\r\n\t<meta property=\"og:image:width\" content=\"800\" \/>\r\n\t<meta property=\"og:image:height\" content=\"600\" \/>\r\n\t<meta property=\"og:image:type\" content=\"image\/jpeg\" \/>\r\n<meta name=\"author\" content=\"admin\" \/>\r\n<meta name=\"twitter:card\" content=\"summary_large_image\" \/>\r\n<meta name=\"twitter:label1\" content=\"Scritto da\" \/>\n\t<meta name=\"twitter:data1\" content=\"admin\" \/>\n\t<meta name=\"twitter:label2\" content=\"Tempo di lettura stimato\" \/>\n\t<meta name=\"twitter:data2\" content=\"2 minuti\" \/>\r\n<script type=\"application\/ld+json\" class=\"yoast-schema-graph\">{\"@context\":\"https:\/\/schema.org\",\"@graph\":[{\"@type\":\"Article\",\"@id\":\"https:\/\/www.uilscuolaemiliaromagna.it\/public\/er\/2021\/07\/27\/turi-serve-un-quadro-preciso-per-prendere-decisioni-importanti\/#article\",\"isPartOf\":{\"@id\":\"https:\/\/www.uilscuolaemiliaromagna.it\/public\/er\/2021\/07\/27\/turi-serve-un-quadro-preciso-per-prendere-decisioni-importanti\/\"},\"author\":{\"name\":\"admin\",\"@id\":\"https:\/\/www.uilscuolaemiliaromagna.it\/public\/er\/#\/schema\/person\/f42878fd07a4b6ba2b7153d4fad5de5e\"},\"headline\":\"TURI: SERVE UN QUADRO PRECISO PER PRENDERE DECISIONI IMPORTANTI\",\"datePublished\":\"2021-07-27T21:15:07+00:00\",\"dateModified\":\"2021-07-28T13:16:00+00:00\",\"mainEntityOfPage\":{\"@id\":\"https:\/\/www.uilscuolaemiliaromagna.it\/public\/er\/2021\/07\/27\/turi-serve-un-quadro-preciso-per-prendere-decisioni-importanti\/\"},\"wordCount\":351,\"publisher\":{\"@id\":\"https:\/\/www.uilscuolaemiliaromagna.it\/public\/er\/#organization\"},\"articleSection\":[\"Notizie\"],\"inLanguage\":\"it-IT\"},{\"@type\":\"WebPage\",\"@id\":\"https:\/\/www.uilscuolaemiliaromagna.it\/public\/er\/2021\/07\/27\/turi-serve-un-quadro-preciso-per-prendere-decisioni-importanti\/\",\"url\":\"https:\/\/www.uilscuolaemiliaromagna.it\/public\/er\/2021\/07\/27\/turi-serve-un-quadro-preciso-per-prendere-decisioni-importanti\/\",\"name\":\"TURI: SERVE UN QUADRO PRECISO PER PRENDERE DECISIONI IMPORTANTI - Uil Scuola Emilia Romagna\",\"isPartOf\":{\"@id\":\"https:\/\/www.uilscuolaemiliaromagna.it\/public\/er\/#website\"},\"datePublished\":\"2021-07-27T21:15:07+00:00\",\"dateModified\":\"2021-07-28T13:16:00+00:00\",\"breadcrumb\":{\"@id\":\"https:\/\/www.uilscuolaemiliaromagna.it\/public\/er\/2021\/07\/27\/turi-serve-un-quadro-preciso-per-prendere-decisioni-importanti\/#breadcrumb\"},\"inLanguage\":\"it-IT\",\"potentialAction\":[{\"@type\":\"ReadAction\",\"target\":[\"https:\/\/www.uilscuolaemiliaromagna.it\/public\/er\/2021\/07\/27\/turi-serve-un-quadro-preciso-per-prendere-decisioni-importanti\/\"]}]},{\"@type\":\"BreadcrumbList\",\"@id\":\"https:\/\/www.uilscuolaemiliaromagna.it\/public\/er\/2021\/07\/27\/turi-serve-un-quadro-preciso-per-prendere-decisioni-importanti\/#breadcrumb\",\"itemListElement\":[{\"@type\":\"ListItem\",\"position\":1,\"name\":\"Home\",\"item\":\"https:\/\/www.uilscuolaemiliaromagna.it\/public\/er\/\"},{\"@type\":\"ListItem\",\"position\":2,\"name\":\"TURI: SERVE UN QUADRO PRECISO PER PRENDERE DECISIONI IMPORTANTI\"}]},{\"@type\":\"WebSite\",\"@id\":\"https:\/\/www.uilscuolaemiliaromagna.it\/public\/er\/#website\",\"url\":\"https:\/\/www.uilscuolaemiliaromagna.it\/public\/er\/\",\"name\":\"Uil Scuola Emilia Romagna\",\"description\":\"La voce libera della scuola\",\"publisher\":{\"@id\":\"https:\/\/www.uilscuolaemiliaromagna.it\/public\/er\/#organization\"},\"potentialAction\":[{\"@type\":\"SearchAction\",\"target\":{\"@type\":\"EntryPoint\",\"urlTemplate\":\"https:\/\/www.uilscuolaemiliaromagna.it\/public\/er\/?s={search_term_string}\"},\"query-input\":\"required name=search_term_string\"}],\"inLanguage\":\"it-IT\"},{\"@type\":\"Organization\",\"@id\":\"https:\/\/www.uilscuolaemiliaromagna.it\/public\/er\/#organization\",\"name\":\"Uil Scuola Emilia Romagna\",\"url\":\"https:\/\/www.uilscuolaemiliaromagna.it\/public\/er\/\",\"logo\":{\"@type\":\"ImageObject\",\"inLanguage\":\"it-IT\",\"@id\":\"https:\/\/www.uilscuolaemiliaromagna.it\/public\/er\/#\/schema\/logo\/image\/\",\"url\":\"https:\/\/www.uilscuolaemiliaromagna.it\/public\/er\/wp-content\/uploads\/2017\/04\/cropped-header.png\",\"contentUrl\":\"https:\/\/www.uilscuolaemiliaromagna.it\/public\/er\/wp-content\/uploads\/2017\/04\/cropped-header.png\",\"width\":1000,\"height\":150,\"caption\":\"Uil Scuola Emilia Romagna\"},\"image\":{\"@id\":\"https:\/\/www.uilscuolaemiliaromagna.it\/public\/er\/#\/schema\/logo\/image\/\"}},{\"@type\":\"Person\",\"@id\":\"https:\/\/www.uilscuolaemiliaromagna.it\/public\/er\/#\/schema\/person\/f42878fd07a4b6ba2b7153d4fad5de5e\",\"name\":\"admin\",\"image\":{\"@type\":\"ImageObject\",\"inLanguage\":\"it-IT\",\"@id\":\"https:\/\/www.uilscuolaemiliaromagna.it\/public\/er\/#\/schema\/person\/image\/\",\"url\":\"https:\/\/secure.gravatar.com\/avatar\/aebf815ae2f30ffdae8b8c247273d34c?s=96&d=mm&r=g\",\"contentUrl\":\"https:\/\/secure.gravatar.com\/avatar\/aebf815ae2f30ffdae8b8c247273d34c?s=96&d=mm&r=g\",\"caption\":\"admin\"},\"url\":\"https:\/\/www.uilscuolaemiliaromagna.it\/public\/er\/author\/admin\/\"}]}<\/script>\r\n<!-- \/ Yoast SEO plugin. -->","yoast_head_json":{"title":"TURI: SERVE UN QUADRO PRECISO PER PRENDERE DECISIONI IMPORTANTI - Uil Scuola Emilia Romagna","robots":{"index":"index","follow":"follow","max-snippet":"max-snippet:-1","max-image-preview":"max-image-preview:large","max-video-preview":"max-video-preview:-1"},"canonical":"https:\/\/www.uilscuolaemiliaromagna.it\/public\/er\/2021\/07\/27\/turi-serve-un-quadro-preciso-per-prendere-decisioni-importanti\/","og_locale":"it_IT","og_type":"article","og_title":"TURI: SERVE UN QUADRO PRECISO PER PRENDERE DECISIONI IMPORTANTI - Uil Scuola Emilia Romagna","og_description":"INCONTRO SINDACATI-MINISTRO \u2013\u00a0Dialogo schietto e obiettivi chiari: sette temi che aspettano risposte E\u2019 uno sforzo di schiettezza quello che la\u00a0UIL Scuola\u00a0intende fare. Dialogo franco e &hellip;","og_url":"https:\/\/www.uilscuolaemiliaromagna.it\/public\/er\/2021\/07\/27\/turi-serve-un-quadro-preciso-per-prendere-decisioni-importanti\/","og_site_name":"Uil Scuola Emilia Romagna","article_published_time":"2021-07-27T21:15:07+00:00","article_modified_time":"2021-07-28T13:16:00+00:00","og_image":[{"width":800,"height":600,"url":"https:\/\/www.uilscuolaemiliaromagna.it\/public\/er\/wp-content\/uploads\/2021\/06\/IMG_20210609_153217_resized_20210610_121422512.jpg","type":"image\/jpeg"}],"author":"admin","twitter_card":"summary_large_image","twitter_misc":{"Scritto da":"admin","Tempo di lettura stimato":"2 minuti"},"schema":{"@context":"https:\/\/schema.org","@graph":[{"@type":"Article","@id":"https:\/\/www.uilscuolaemiliaromagna.it\/public\/er\/2021\/07\/27\/turi-serve-un-quadro-preciso-per-prendere-decisioni-importanti\/#article","isPartOf":{"@id":"https:\/\/www.uilscuolaemiliaromagna.it\/public\/er\/2021\/07\/27\/turi-serve-un-quadro-preciso-per-prendere-decisioni-importanti\/"},"author":{"name":"admin","@id":"https:\/\/www.uilscuolaemiliaromagna.it\/public\/er\/#\/schema\/person\/f42878fd07a4b6ba2b7153d4fad5de5e"},"headline":"TURI: SERVE UN QUADRO PRECISO PER PRENDERE DECISIONI IMPORTANTI","datePublished":"2021-07-27T21:15:07+00:00","dateModified":"2021-07-28T13:16:00+00:00","mainEntityOfPage":{"@id":"https:\/\/www.uilscuolaemiliaromagna.it\/public\/er\/2021\/07\/27\/turi-serve-un-quadro-preciso-per-prendere-decisioni-importanti\/"},"wordCount":351,"publisher":{"@id":"https:\/\/www.uilscuolaemiliaromagna.it\/public\/er\/#organization"},"articleSection":["Notizie"],"inLanguage":"it-IT"},{"@type":"WebPage","@id":"https:\/\/www.uilscuolaemiliaromagna.it\/public\/er\/2021\/07\/27\/turi-serve-un-quadro-preciso-per-prendere-decisioni-importanti\/","url":"https:\/\/www.uilscuolaemiliaromagna.it\/public\/er\/2021\/07\/27\/turi-serve-un-quadro-preciso-per-prendere-decisioni-importanti\/","name":"TURI: SERVE UN QUADRO PRECISO PER PRENDERE DECISIONI IMPORTANTI - Uil Scuola Emilia Romagna","isPartOf":{"@id":"https:\/\/www.uilscuolaemiliaromagna.it\/public\/er\/#website"},"datePublished":"2021-07-27T21:15:07+00:00","dateModified":"2021-07-28T13:16:00+00:00","breadcrumb":{"@id":"https:\/\/www.uilscuolaemiliaromagna.it\/public\/er\/2021\/07\/27\/turi-serve-un-quadro-preciso-per-prendere-decisioni-importanti\/#breadcrumb"},"inLanguage":"it-IT","potentialAction":[{"@type":"ReadAction","target":["https:\/\/www.uilscuolaemiliaromagna.it\/public\/er\/2021\/07\/27\/turi-serve-un-quadro-preciso-per-prendere-decisioni-importanti\/"]}]},{"@type":"BreadcrumbList","@id":"https:\/\/www.uilscuolaemiliaromagna.it\/public\/er\/2021\/07\/27\/turi-serve-un-quadro-preciso-per-prendere-decisioni-importanti\/#breadcrumb","itemListElement":[{"@type":"ListItem","position":1,"name":"Home","item":"https:\/\/www.uilscuolaemiliaromagna.it\/public\/er\/"},{"@type":"ListItem","position":2,"name":"TURI: SERVE UN QUADRO PRECISO PER PRENDERE DECISIONI IMPORTANTI"}]},{"@type":"WebSite","@id":"https:\/\/www.uilscuolaemiliaromagna.it\/public\/er\/#website","url":"https:\/\/www.uilscuolaemiliaromagna.it\/public\/er\/","name":"Uil Scuola Emilia Romagna","description":"La voce libera della scuola","publisher":{"@id":"https:\/\/www.uilscuolaemiliaromagna.it\/public\/er\/#organization"},"potentialAction":[{"@type":"SearchAction","target":{"@type":"EntryPoint","urlTemplate":"https:\/\/www.uilscuolaemiliaromagna.it\/public\/er\/?s={search_term_string}"},"query-input":"required name=search_term_string"}],"inLanguage":"it-IT"},{"@type":"Organization","@id":"https:\/\/www.uilscuolaemiliaromagna.it\/public\/er\/#organization","name":"Uil Scuola Emilia Romagna","url":"https:\/\/www.uilscuolaemiliaromagna.it\/public\/er\/","logo":{"@type":"ImageObject","inLanguage":"it-IT","@id":"https:\/\/www.uilscuolaemiliaromagna.it\/public\/er\/#\/schema\/logo\/image\/","url":"https:\/\/www.uilscuolaemiliaromagna.it\/public\/er\/wp-content\/uploads\/2017\/04\/cropped-header.png","contentUrl":"https:\/\/www.uilscuolaemiliaromagna.it\/public\/er\/wp-content\/uploads\/2017\/04\/cropped-header.png","width":1000,"height":150,"caption":"Uil Scuola Emilia Romagna"},"image":{"@id":"https:\/\/www.uilscuolaemiliaromagna.it\/public\/er\/#\/schema\/logo\/image\/"}},{"@type":"Person","@id":"https:\/\/www.uilscuolaemiliaromagna.it\/public\/er\/#\/schema\/person\/f42878fd07a4b6ba2b7153d4fad5de5e","name":"admin","image":{"@type":"ImageObject","inLanguage":"it-IT","@id":"https:\/\/www.uilscuolaemiliaromagna.it\/public\/er\/#\/schema\/person\/image\/","url":"https:\/\/secure.gravatar.com\/avatar\/aebf815ae2f30ffdae8b8c247273d34c?s=96&d=mm&r=g","contentUrl":"https:\/\/secure.gravatar.com\/avatar\/aebf815ae2f30ffdae8b8c247273d34c?s=96&d=mm&r=g","caption":"admin"},"url":"https:\/\/www.uilscuolaemiliaromagna.it\/public\/er\/author\/admin\/"}]}},"views":758,"_links":{"self":[{"href":"https:\/\/www.uilscuolaemiliaromagna.it\/public\/er\/wp-json\/wp\/v2\/posts\/8611"}],"collection":[{"href":"https:\/\/www.uilscuolaemiliaromagna.it\/public\/er\/wp-json\/wp\/v2\/posts"}],"about":[{"href":"https:\/\/www.uilscuolaemiliaromagna.it\/public\/er\/wp-json\/wp\/v2\/types\/post"}],"author":[{"embeddable":true,"href":"https:\/\/www.uilscuolaemiliaromagna.it\/public\/er\/wp-json\/wp\/v2\/users\/1"}],"replies":[{"embeddable":true,"href":"https:\/\/www.uilscuolaemiliaromagna.it\/public\/er\/wp-json\/wp\/v2\/comments?post=8611"}],"version-history":[{"count":1,"href":"https:\/\/www.uilscuolaemiliaromagna.it\/public\/er\/wp-json\/wp\/v2\/posts\/8611\/revisions"}],"predecessor-version":[{"id":8612,"href":"https:\/\/www.uilscuolaemiliaromagna.it\/public\/er\/wp-json\/wp\/v2\/posts\/8611\/revisions\/8612"}],"wp:featuredmedia":[{"embeddable":true,"href":"https:\/\/www.uilscuolaemiliaromagna.it\/public\/er\/wp-json\/wp\/v2\/media\/8366"}],"wp:attachment":[{"href":"https:\/\/www.uilscuolaemiliaromagna.it\/public\/er\/wp-json\/wp\/v2\/media?parent=8611"}],"wp:term":[{"taxonomy":"category","embeddable":true,"href":"https:\/\/www.uilscuolaemiliaromagna.it\/public\/er\/wp-json\/wp\/v2\/categories?post=8611"},{"taxonomy":"post_tag","embeddable":true,"href":"https:\/\/www.uilscuolaemiliaromagna.it\/public\/er\/wp-json\/wp\/v2\/tags?post=8611"}],"curies":[{"name":"wp","href":"https:\/\/api.w.org\/{rel}","templated":true}]}}