{"id":863,"date":"2016-09-06T22:42:33","date_gmt":"2016-09-06T20:42:33","guid":{"rendered":"http:\/\/www.uilscuolaemiliaromagna.it\/public\/er\/?p=863"},"modified":"2016-09-07T22:43:21","modified_gmt":"2016-09-07T20:43:21","slug":"rendicontazione-spese-bonus-formazione-docenti-la-burocrazia-minaccia-anche-le-novita-positive-e-ignora-i-tempi-della-scuola","status":"publish","type":"post","link":"https:\/\/www.uilscuolaemiliaromagna.it\/public\/er\/2016\/09\/06\/rendicontazione-spese-bonus-formazione-docenti-la-burocrazia-minaccia-anche-le-novita-positive-e-ignora-i-tempi-della-scuola\/","title":{"rendered":"RENDICONTAZIONE SPESE BONUS FORMAZIONE DOCENTI  &#8211; La burocrazia minaccia anche le novit\u00e0 positive e ignora i tempi della scuola"},"content":{"rendered":"<p>Una riunione informativa sulla rendicontazione delle spese relative al bonus per l\u2019aggiornamento professionale dei docenti si \u00e8 svolta oggi presso la Direzione generale per le risorse umane e finanziarie del MIUR. Per la UIL Scuola ha partecipato Antonello Lacchei.<\/p>\n<p>I rappresentanti del Miur hanno illustrato la nota 12228 del 29 agosto 2016 con la quale il ministero fornisce alle scuole le istruzioni per raccogliere la documentazione relativa alle spese sostenute dai docenti destinatari del bonus per l&#8217;aggiornamento professionale.<\/p>\n<p>La stessa nota proroga il termine per la rendicontazione &#8211; fissato al 31 agosto dalla legge &#8211; al 15 ottobre 2016 e trasmette alle scuole i modelli necessari. Possono essere dichiarate spese effettuate entro il 31 agosto.<\/p>\n<p>La documentazione dovr\u00e0 essere consegnata dal docente all&#8217;Istituzione scolastica di ultima titolarit\u00e0. I docenti che hanno ricevuto il bonus dopo il 1 agosto possono spendere e rendicontare fino al 15 ottobre.<\/p>\n<p>La Uil Scuola ha ribadito che la tempistica di emanazione della nota (29 agosto) rivela tutti i limiti dell&#8217;approccio burocratico del MIUR che -ignorando i tempi della scuola ed il lavoro gi\u00e0 svolto dagli uffici di segreteria &#8211; fornisce istruzioni tardive a ridosso della scadenza e dell&#8217;inizio del nuovo anno scolastico. In casi come questi la duplicazione di adempimenti che ricadono sul personale pu\u00f2 essere evitata programmando per tempo la comunicazione. Questa, purtroppo, \u00e8 l&#8217;ennesima prova della distanza degli uffici del Ministero dalla realt\u00e0 e dal lavoro e dalla vita delle scuole e di chi vi opera.<\/p>\n<p>Nel corso della riunione \u00e8 stato chiesto un riscontro alla lettera indirizzata ai Ministri Giannini e Padoan sulle modalit\u00e0 di restituzione dei 500 euro da parte del Segretario Generale e della Segreteria nazionale UIL Scuola accreditati in qualit\u00e0 di docenti che ricoprono il mandato sindacale a tempo pieno, per consentire, invece, di riconoscerli al personale educativo che come \u00e8 noto \u00e8 inquadrato a pieno titolo nell&#8217;area docenti, ai sensi dell&#8217;art. 25 del CCNL. Su entrambe le questioni i rappresentanti del Ministero hanno manifestato la necessit\u00e0 di un approfondimento con le altre direzioni.<\/p>\n\n<div class=\"twitter-share\"><a href=\"https:\/\/twitter.com\/intent\/tweet?via=UILScuolaBO_ER\" class=\"twitter-share-button\" data-size=\"large\">Tweet<\/a><\/div>\n","protected":false},"excerpt":{"rendered":"<p>Una riunione informativa sulla rendicontazione delle spese relative al bonus per l\u2019aggiornamento professionale dei docenti si \u00e8 svolta oggi presso la Direzione generale per le &hellip; <\/p>\n","protected":false},"author":1,"featured_media":0,"comment_status":"closed","ping_status":"open","sticky":false,"template":"","format":"standard","meta":{"footnotes":""},"categories":[12,6],"tags":[],"yoast_head":"<!-- This site is optimized with the Yoast SEO plugin v21.7 - https:\/\/yoast.com\/wordpress\/plugins\/seo\/ -->\r\n<title>RENDICONTAZIONE SPESE BONUS FORMAZIONE DOCENTI - La burocrazia minaccia anche le novit\u00e0 positive e ignora i tempi della scuola - Uil Scuola Emilia Romagna<\/title>\r\n<meta name=\"robots\" content=\"index, follow, max-snippet:-1, max-image-preview:large, max-video-preview:-1\" \/>\r\n<link rel=\"canonical\" href=\"https:\/\/www.uilscuolaemiliaromagna.it\/public\/er\/2016\/09\/06\/rendicontazione-spese-bonus-formazione-docenti-la-burocrazia-minaccia-anche-le-novita-positive-e-ignora-i-tempi-della-scuola\/\" \/>\r\n<meta property=\"og:locale\" content=\"it_IT\" \/>\r\n<meta property=\"og:type\" content=\"article\" \/>\r\n<meta property=\"og:title\" content=\"RENDICONTAZIONE SPESE BONUS FORMAZIONE DOCENTI - La burocrazia minaccia anche le novit\u00e0 positive e ignora i tempi della scuola - Uil Scuola Emilia Romagna\" \/>\r\n<meta property=\"og:description\" content=\"Una riunione informativa sulla rendicontazione delle spese relative al bonus per l\u2019aggiornamento professionale dei docenti si \u00e8 svolta oggi presso la Direzione generale per le &hellip;\" \/>\r\n<meta property=\"og:url\" content=\"https:\/\/www.uilscuolaemiliaromagna.it\/public\/er\/2016\/09\/06\/rendicontazione-spese-bonus-formazione-docenti-la-burocrazia-minaccia-anche-le-novita-positive-e-ignora-i-tempi-della-scuola\/\" \/>\r\n<meta property=\"og:site_name\" content=\"Uil Scuola Emilia Romagna\" \/>\r\n<meta property=\"article:published_time\" content=\"2016-09-06T20:42:33+00:00\" \/>\r\n<meta property=\"article:modified_time\" content=\"2016-09-07T20:43:21+00:00\" \/>\r\n<meta name=\"author\" content=\"admin\" \/>\r\n<meta name=\"twitter:card\" content=\"summary_large_image\" \/>\r\n<meta name=\"twitter:label1\" content=\"Scritto da\" \/>\n\t<meta name=\"twitter:data1\" content=\"admin\" \/>\n\t<meta name=\"twitter:label2\" content=\"Tempo di lettura stimato\" \/>\n\t<meta name=\"twitter:data2\" content=\"2 minuti\" \/>\r\n<script type=\"application\/ld+json\" class=\"yoast-schema-graph\">{\"@context\":\"https:\/\/schema.org\",\"@graph\":[{\"@type\":\"Article\",\"@id\":\"https:\/\/www.uilscuolaemiliaromagna.it\/public\/er\/2016\/09\/06\/rendicontazione-spese-bonus-formazione-docenti-la-burocrazia-minaccia-anche-le-novita-positive-e-ignora-i-tempi-della-scuola\/#article\",\"isPartOf\":{\"@id\":\"https:\/\/www.uilscuolaemiliaromagna.it\/public\/er\/2016\/09\/06\/rendicontazione-spese-bonus-formazione-docenti-la-burocrazia-minaccia-anche-le-novita-positive-e-ignora-i-tempi-della-scuola\/\"},\"author\":{\"name\":\"admin\",\"@id\":\"https:\/\/www.uilscuolaemiliaromagna.it\/public\/er\/#\/schema\/person\/f42878fd07a4b6ba2b7153d4fad5de5e\"},\"headline\":\"RENDICONTAZIONE SPESE BONUS FORMAZIONE DOCENTI &#8211; La burocrazia minaccia anche le novit\u00e0 positive e ignora i tempi della scuola\",\"datePublished\":\"2016-09-06T20:42:33+00:00\",\"dateModified\":\"2016-09-07T20:43:21+00:00\",\"mainEntityOfPage\":{\"@id\":\"https:\/\/www.uilscuolaemiliaromagna.it\/public\/er\/2016\/09\/06\/rendicontazione-spese-bonus-formazione-docenti-la-burocrazia-minaccia-anche-le-novita-positive-e-ignora-i-tempi-della-scuola\/\"},\"wordCount\":338,\"publisher\":{\"@id\":\"https:\/\/www.uilscuolaemiliaromagna.it\/public\/er\/#organization\"},\"articleSection\":[\"Notizie\",\"Personale Docente\"],\"inLanguage\":\"it-IT\"},{\"@type\":\"WebPage\",\"@id\":\"https:\/\/www.uilscuolaemiliaromagna.it\/public\/er\/2016\/09\/06\/rendicontazione-spese-bonus-formazione-docenti-la-burocrazia-minaccia-anche-le-novita-positive-e-ignora-i-tempi-della-scuola\/\",\"url\":\"https:\/\/www.uilscuolaemiliaromagna.it\/public\/er\/2016\/09\/06\/rendicontazione-spese-bonus-formazione-docenti-la-burocrazia-minaccia-anche-le-novita-positive-e-ignora-i-tempi-della-scuola\/\",\"name\":\"RENDICONTAZIONE SPESE BONUS FORMAZIONE DOCENTI - La burocrazia minaccia anche le novit\u00e0 positive e ignora i tempi della scuola - Uil Scuola Emilia Romagna\",\"isPartOf\":{\"@id\":\"https:\/\/www.uilscuolaemiliaromagna.it\/public\/er\/#website\"},\"datePublished\":\"2016-09-06T20:42:33+00:00\",\"dateModified\":\"2016-09-07T20:43:21+00:00\",\"breadcrumb\":{\"@id\":\"https:\/\/www.uilscuolaemiliaromagna.it\/public\/er\/2016\/09\/06\/rendicontazione-spese-bonus-formazione-docenti-la-burocrazia-minaccia-anche-le-novita-positive-e-ignora-i-tempi-della-scuola\/#breadcrumb\"},\"inLanguage\":\"it-IT\",\"potentialAction\":[{\"@type\":\"ReadAction\",\"target\":[\"https:\/\/www.uilscuolaemiliaromagna.it\/public\/er\/2016\/09\/06\/rendicontazione-spese-bonus-formazione-docenti-la-burocrazia-minaccia-anche-le-novita-positive-e-ignora-i-tempi-della-scuola\/\"]}]},{\"@type\":\"BreadcrumbList\",\"@id\":\"https:\/\/www.uilscuolaemiliaromagna.it\/public\/er\/2016\/09\/06\/rendicontazione-spese-bonus-formazione-docenti-la-burocrazia-minaccia-anche-le-novita-positive-e-ignora-i-tempi-della-scuola\/#breadcrumb\",\"itemListElement\":[{\"@type\":\"ListItem\",\"position\":1,\"name\":\"Home\",\"item\":\"https:\/\/www.uilscuolaemiliaromagna.it\/public\/er\/\"},{\"@type\":\"ListItem\",\"position\":2,\"name\":\"RENDICONTAZIONE SPESE BONUS FORMAZIONE DOCENTI &#8211; La burocrazia minaccia anche le novit\u00e0 positive e ignora i tempi della scuola\"}]},{\"@type\":\"WebSite\",\"@id\":\"https:\/\/www.uilscuolaemiliaromagna.it\/public\/er\/#website\",\"url\":\"https:\/\/www.uilscuolaemiliaromagna.it\/public\/er\/\",\"name\":\"Uil Scuola Emilia Romagna\",\"description\":\"La voce libera della scuola\",\"publisher\":{\"@id\":\"https:\/\/www.uilscuolaemiliaromagna.it\/public\/er\/#organization\"},\"potentialAction\":[{\"@type\":\"SearchAction\",\"target\":{\"@type\":\"EntryPoint\",\"urlTemplate\":\"https:\/\/www.uilscuolaemiliaromagna.it\/public\/er\/?s={search_term_string}\"},\"query-input\":\"required name=search_term_string\"}],\"inLanguage\":\"it-IT\"},{\"@type\":\"Organization\",\"@id\":\"https:\/\/www.uilscuolaemiliaromagna.it\/public\/er\/#organization\",\"name\":\"Uil Scuola Emilia Romagna\",\"url\":\"https:\/\/www.uilscuolaemiliaromagna.it\/public\/er\/\",\"logo\":{\"@type\":\"ImageObject\",\"inLanguage\":\"it-IT\",\"@id\":\"https:\/\/www.uilscuolaemiliaromagna.it\/public\/er\/#\/schema\/logo\/image\/\",\"url\":\"https:\/\/www.uilscuolaemiliaromagna.it\/public\/er\/wp-content\/uploads\/2017\/04\/cropped-header.png\",\"contentUrl\":\"https:\/\/www.uilscuolaemiliaromagna.it\/public\/er\/wp-content\/uploads\/2017\/04\/cropped-header.png\",\"width\":1000,\"height\":150,\"caption\":\"Uil Scuola Emilia Romagna\"},\"image\":{\"@id\":\"https:\/\/www.uilscuolaemiliaromagna.it\/public\/er\/#\/schema\/logo\/image\/\"}},{\"@type\":\"Person\",\"@id\":\"https:\/\/www.uilscuolaemiliaromagna.it\/public\/er\/#\/schema\/person\/f42878fd07a4b6ba2b7153d4fad5de5e\",\"name\":\"admin\",\"image\":{\"@type\":\"ImageObject\",\"inLanguage\":\"it-IT\",\"@id\":\"https:\/\/www.uilscuolaemiliaromagna.it\/public\/er\/#\/schema\/person\/image\/\",\"url\":\"https:\/\/secure.gravatar.com\/avatar\/aebf815ae2f30ffdae8b8c247273d34c?s=96&d=mm&r=g\",\"contentUrl\":\"https:\/\/secure.gravatar.com\/avatar\/aebf815ae2f30ffdae8b8c247273d34c?s=96&d=mm&r=g\",\"caption\":\"admin\"},\"url\":\"https:\/\/www.uilscuolaemiliaromagna.it\/public\/er\/author\/admin\/\"}]}<\/script>\r\n<!-- \/ Yoast SEO plugin. -->","yoast_head_json":{"title":"RENDICONTAZIONE SPESE BONUS FORMAZIONE DOCENTI - La burocrazia minaccia anche le novit\u00e0 positive e ignora i tempi della scuola - Uil Scuola Emilia Romagna","robots":{"index":"index","follow":"follow","max-snippet":"max-snippet:-1","max-image-preview":"max-image-preview:large","max-video-preview":"max-video-preview:-1"},"canonical":"https:\/\/www.uilscuolaemiliaromagna.it\/public\/er\/2016\/09\/06\/rendicontazione-spese-bonus-formazione-docenti-la-burocrazia-minaccia-anche-le-novita-positive-e-ignora-i-tempi-della-scuola\/","og_locale":"it_IT","og_type":"article","og_title":"RENDICONTAZIONE SPESE BONUS FORMAZIONE DOCENTI - La burocrazia minaccia anche le novit\u00e0 positive e ignora i tempi della scuola - Uil Scuola Emilia Romagna","og_description":"Una riunione informativa sulla rendicontazione delle spese relative al bonus per l\u2019aggiornamento professionale dei docenti si \u00e8 svolta oggi presso la Direzione generale per le &hellip;","og_url":"https:\/\/www.uilscuolaemiliaromagna.it\/public\/er\/2016\/09\/06\/rendicontazione-spese-bonus-formazione-docenti-la-burocrazia-minaccia-anche-le-novita-positive-e-ignora-i-tempi-della-scuola\/","og_site_name":"Uil Scuola Emilia Romagna","article_published_time":"2016-09-06T20:42:33+00:00","article_modified_time":"2016-09-07T20:43:21+00:00","author":"admin","twitter_card":"summary_large_image","twitter_misc":{"Scritto da":"admin","Tempo di lettura stimato":"2 minuti"},"schema":{"@context":"https:\/\/schema.org","@graph":[{"@type":"Article","@id":"https:\/\/www.uilscuolaemiliaromagna.it\/public\/er\/2016\/09\/06\/rendicontazione-spese-bonus-formazione-docenti-la-burocrazia-minaccia-anche-le-novita-positive-e-ignora-i-tempi-della-scuola\/#article","isPartOf":{"@id":"https:\/\/www.uilscuolaemiliaromagna.it\/public\/er\/2016\/09\/06\/rendicontazione-spese-bonus-formazione-docenti-la-burocrazia-minaccia-anche-le-novita-positive-e-ignora-i-tempi-della-scuola\/"},"author":{"name":"admin","@id":"https:\/\/www.uilscuolaemiliaromagna.it\/public\/er\/#\/schema\/person\/f42878fd07a4b6ba2b7153d4fad5de5e"},"headline":"RENDICONTAZIONE SPESE BONUS FORMAZIONE DOCENTI &#8211; La burocrazia minaccia anche le novit\u00e0 positive e ignora i tempi della scuola","datePublished":"2016-09-06T20:42:33+00:00","dateModified":"2016-09-07T20:43:21+00:00","mainEntityOfPage":{"@id":"https:\/\/www.uilscuolaemiliaromagna.it\/public\/er\/2016\/09\/06\/rendicontazione-spese-bonus-formazione-docenti-la-burocrazia-minaccia-anche-le-novita-positive-e-ignora-i-tempi-della-scuola\/"},"wordCount":338,"publisher":{"@id":"https:\/\/www.uilscuolaemiliaromagna.it\/public\/er\/#organization"},"articleSection":["Notizie","Personale Docente"],"inLanguage":"it-IT"},{"@type":"WebPage","@id":"https:\/\/www.uilscuolaemiliaromagna.it\/public\/er\/2016\/09\/06\/rendicontazione-spese-bonus-formazione-docenti-la-burocrazia-minaccia-anche-le-novita-positive-e-ignora-i-tempi-della-scuola\/","url":"https:\/\/www.uilscuolaemiliaromagna.it\/public\/er\/2016\/09\/06\/rendicontazione-spese-bonus-formazione-docenti-la-burocrazia-minaccia-anche-le-novita-positive-e-ignora-i-tempi-della-scuola\/","name":"RENDICONTAZIONE SPESE BONUS FORMAZIONE DOCENTI - La burocrazia minaccia anche le novit\u00e0 positive e ignora i tempi della scuola - Uil Scuola Emilia Romagna","isPartOf":{"@id":"https:\/\/www.uilscuolaemiliaromagna.it\/public\/er\/#website"},"datePublished":"2016-09-06T20:42:33+00:00","dateModified":"2016-09-07T20:43:21+00:00","breadcrumb":{"@id":"https:\/\/www.uilscuolaemiliaromagna.it\/public\/er\/2016\/09\/06\/rendicontazione-spese-bonus-formazione-docenti-la-burocrazia-minaccia-anche-le-novita-positive-e-ignora-i-tempi-della-scuola\/#breadcrumb"},"inLanguage":"it-IT","potentialAction":[{"@type":"ReadAction","target":["https:\/\/www.uilscuolaemiliaromagna.it\/public\/er\/2016\/09\/06\/rendicontazione-spese-bonus-formazione-docenti-la-burocrazia-minaccia-anche-le-novita-positive-e-ignora-i-tempi-della-scuola\/"]}]},{"@type":"BreadcrumbList","@id":"https:\/\/www.uilscuolaemiliaromagna.it\/public\/er\/2016\/09\/06\/rendicontazione-spese-bonus-formazione-docenti-la-burocrazia-minaccia-anche-le-novita-positive-e-ignora-i-tempi-della-scuola\/#breadcrumb","itemListElement":[{"@type":"ListItem","position":1,"name":"Home","item":"https:\/\/www.uilscuolaemiliaromagna.it\/public\/er\/"},{"@type":"ListItem","position":2,"name":"RENDICONTAZIONE SPESE BONUS FORMAZIONE DOCENTI &#8211; La burocrazia minaccia anche le novit\u00e0 positive e ignora i tempi della scuola"}]},{"@type":"WebSite","@id":"https:\/\/www.uilscuolaemiliaromagna.it\/public\/er\/#website","url":"https:\/\/www.uilscuolaemiliaromagna.it\/public\/er\/","name":"Uil Scuola Emilia Romagna","description":"La voce libera della scuola","publisher":{"@id":"https:\/\/www.uilscuolaemiliaromagna.it\/public\/er\/#organization"},"potentialAction":[{"@type":"SearchAction","target":{"@type":"EntryPoint","urlTemplate":"https:\/\/www.uilscuolaemiliaromagna.it\/public\/er\/?s={search_term_string}"},"query-input":"required name=search_term_string"}],"inLanguage":"it-IT"},{"@type":"Organization","@id":"https:\/\/www.uilscuolaemiliaromagna.it\/public\/er\/#organization","name":"Uil Scuola Emilia Romagna","url":"https:\/\/www.uilscuolaemiliaromagna.it\/public\/er\/","logo":{"@type":"ImageObject","inLanguage":"it-IT","@id":"https:\/\/www.uilscuolaemiliaromagna.it\/public\/er\/#\/schema\/logo\/image\/","url":"https:\/\/www.uilscuolaemiliaromagna.it\/public\/er\/wp-content\/uploads\/2017\/04\/cropped-header.png","contentUrl":"https:\/\/www.uilscuolaemiliaromagna.it\/public\/er\/wp-content\/uploads\/2017\/04\/cropped-header.png","width":1000,"height":150,"caption":"Uil Scuola Emilia Romagna"},"image":{"@id":"https:\/\/www.uilscuolaemiliaromagna.it\/public\/er\/#\/schema\/logo\/image\/"}},{"@type":"Person","@id":"https:\/\/www.uilscuolaemiliaromagna.it\/public\/er\/#\/schema\/person\/f42878fd07a4b6ba2b7153d4fad5de5e","name":"admin","image":{"@type":"ImageObject","inLanguage":"it-IT","@id":"https:\/\/www.uilscuolaemiliaromagna.it\/public\/er\/#\/schema\/person\/image\/","url":"https:\/\/secure.gravatar.com\/avatar\/aebf815ae2f30ffdae8b8c247273d34c?s=96&d=mm&r=g","contentUrl":"https:\/\/secure.gravatar.com\/avatar\/aebf815ae2f30ffdae8b8c247273d34c?s=96&d=mm&r=g","caption":"admin"},"url":"https:\/\/www.uilscuolaemiliaromagna.it\/public\/er\/author\/admin\/"}]}},"views":895,"_links":{"self":[{"href":"https:\/\/www.uilscuolaemiliaromagna.it\/public\/er\/wp-json\/wp\/v2\/posts\/863"}],"collection":[{"href":"https:\/\/www.uilscuolaemiliaromagna.it\/public\/er\/wp-json\/wp\/v2\/posts"}],"about":[{"href":"https:\/\/www.uilscuolaemiliaromagna.it\/public\/er\/wp-json\/wp\/v2\/types\/post"}],"author":[{"embeddable":true,"href":"https:\/\/www.uilscuolaemiliaromagna.it\/public\/er\/wp-json\/wp\/v2\/users\/1"}],"replies":[{"embeddable":true,"href":"https:\/\/www.uilscuolaemiliaromagna.it\/public\/er\/wp-json\/wp\/v2\/comments?post=863"}],"version-history":[{"count":1,"href":"https:\/\/www.uilscuolaemiliaromagna.it\/public\/er\/wp-json\/wp\/v2\/posts\/863\/revisions"}],"predecessor-version":[{"id":864,"href":"https:\/\/www.uilscuolaemiliaromagna.it\/public\/er\/wp-json\/wp\/v2\/posts\/863\/revisions\/864"}],"wp:attachment":[{"href":"https:\/\/www.uilscuolaemiliaromagna.it\/public\/er\/wp-json\/wp\/v2\/media?parent=863"}],"wp:term":[{"taxonomy":"category","embeddable":true,"href":"https:\/\/www.uilscuolaemiliaromagna.it\/public\/er\/wp-json\/wp\/v2\/categories?post=863"},{"taxonomy":"post_tag","embeddable":true,"href":"https:\/\/www.uilscuolaemiliaromagna.it\/public\/er\/wp-json\/wp\/v2\/tags?post=863"}],"curies":[{"name":"wp","href":"https:\/\/api.w.org\/{rel}","templated":true}]}}