{"id":8635,"date":"2021-07-31T14:48:41","date_gmt":"2021-07-31T12:48:41","guid":{"rendered":"http:\/\/www.uilscuolaemiliaromagna.it\/public\/er\/?p=8635"},"modified":"2021-07-31T14:48:41","modified_gmt":"2021-07-31T12:48:41","slug":"uil-scuola-no-alla-dittatura-digitale","status":"publish","type":"post","link":"https:\/\/www.uilscuolaemiliaromagna.it\/public\/er\/2021\/07\/31\/uil-scuola-no-alla-dittatura-digitale\/","title":{"rendered":"UIL SCUOLA: NO ALLA DITTATURA DIGITALE"},"content":{"rendered":"<div>\n<h3 style=\"text-align: justify;\"><strong>Procedura online GPS I Fascia e Supplenze al 31\/8 e 30\/6 (da GAE e GPS). Ancora una volta sar\u00e0 un algoritmo a decidere le sorti della scuola e del personale.<\/strong><\/h3>\n<p style=\"text-align: justify;\">L\u2019apertura delle funzioni online per il personale docente per i contratti a tempo determinato finalizzate alle immissioni in ruolo, per le supplenze annuali e fino al termine delle attivit\u00e0 didattiche, \u00e8 stato l\u2019argomento trattato nel corso dell\u2019incontro tra le organizzazioni sindacali e il Ministero dell\u2019istruzione.<\/p>\n<p style=\"text-align: justify;\">Un incontro principalmente tecnico durante il quale l\u2019Amministrazione ha illustrato la nuova piattaforma attraverso la quale si svolgeranno le procedure informatizzate sul portale POLIS \u2013 istanze on line.<\/p>\n<h3 style=\"text-align: justify;\"><strong>LA NUOVA PROCEDURA<\/strong><\/h3>\n<p style=\"text-align: justify;\">La piattaforma prevede, al momento, la possibilit\u00e0 di presentare un\u2019istanza unica sia per le operazioni previste per i contratti a tempo determinato per docenti assunti dalla I fascia dalle GPS, che per quelle relative alle supplenze annuali e fino al termine delle attivit\u00e0 didattiche.<\/p>\n<p style=\"text-align: justify;\">L\u2019Amministrazione ha comunicato che sar\u00e0 possibile presentare le domande gi\u00e0 all\u2019inizio della prossima settimana.<\/p>\n<p style=\"text-align: justify;\">Verranno prese in considerazione solo 100 preferenze espresse nella in domanda.<\/p>\n<p style=\"text-align: justify;\">Non \u00e8 prevista l\u2019assegnazione d\u2019ufficio della sede.<\/p>\n<p style=\"text-align: justify;\">La procedura per l\u2019attribuzione delle supplenze annuali finalizzate alle immissioni in ruolo sar\u00e0 propedeutica a quella per le supplenze annuali e fino al termine delle attivit\u00e0 didattiche.<\/p>\n<p style=\"text-align: justify;\">Assunzioni da prima fascia e da elenchi aggiuntivi GPS \u2013 contratto a tempo determinato per docenti abilitati e specializzati<\/p>\n<p style=\"text-align: justify;\">Potranno accedere a questa funzione i candidati inseriti nelle graduatorie provinciali per le supplenze di prima fascia (GPS) e negli elenchi aggiuntivi, per coprire i posti vacanti e disponibili eventualmente residuati al termine di tutte le operazioni di immissione in ruolo.<\/p>\n<p style=\"text-align: justify;\">I requisiti per l\u2019assunzione con contratto a tempo determinato finalizzata alle immissioni in ruolo sono:<\/p>\n<p style=\"text-align: justify;\">\u2022 Posti di sostegno \u2013 docenti specializzati sul posto di sostegno presenti nelle GPS di prima fascia e negli elenchi aggiuntivi (Non \u00e8 richiesto alcun requisito in merito al servizio prestato);<br \/>\n\u2022 Posti comuni \u2013 docenti abilitati presenti nelle GPS di prima fascia e negli elenchi aggiuntivi, che abbiano svolto su posto comune, entro l\u2019anno scolastico 2020\/2021, almeno tre annualit\u00e0 di servizio, anche non consecutive, negli ultimi dieci anni scolastici oltre quello in corso, nelle istituzioni scolastiche statali.<\/p>\n<h3 style=\"text-align: justify;\"><strong>Indicazioni delle preferenze<\/strong><\/h3>\n<p style=\"text-align: justify;\">Gli aspiranti potranno indicare fino a 100 preferenze tra puntuali (scuole) e sintetiche (comuni e distretti) alternando scuole, comuni, distretti, posti, classi di concorso e tipologie di cattedra per le quali si concorre.<\/p>\n<p style=\"text-align: justify;\">L\u2019aspirante che rinuncia alla proposta di assunzione potr\u00e0 concorrere alla successiva fase per l\u2019attribuzione delle supplenze annuali e fino al termine delle attivit\u00e0 didattiche.<\/p>\n<h3 style=\"text-align: justify;\"><strong>Supplenze annuali e fino al termine delle attivit\u00e0 didattiche (GAE e GPS)<\/strong><\/h3>\n<p style=\"text-align: justify;\">Partecipano tutti i docenti inseriti nelle GAE e nelle graduatorie provinciali per le supplenze (GPS) di prima fascia, elenchi aggiuntivi e seconda fascia.<br \/>\nI docenti inseriti nelle GAE partecipano con priorit\u00e0 rispetto a quelli inseriti nelle GPS (si attinge infatti alle GPS solo se residuano posti dalle GAE).<\/p>\n<h3 style=\"text-align: justify;\"><strong>Indicazioni delle preferenze<\/strong><\/h3>\n<p style=\"text-align: justify;\">Gli aspiranti potranno indicare fino a 100 preferenze tra puntuali (scuole) e sintetiche (comuni e distretti) alternando scuole, comuni, distretti, posti, classi di concorso e tipologie di cattedra per le quali si concorre. Inoltre l\u2019aspirante potr\u00e0 richiedere anche spezzoni orario ed eventualmente chiedere il completamento cattedra.<\/p>\n<h3 style=\"text-align: justify;\"><strong>LA POSIZIONE DELLA UIL SCUOLA<\/strong><\/h3>\n<p style=\"text-align: justify;\">La UIL Scuola ha innanzitutto segnalato all\u2019amministrazione le seguenti criticit\u00e0:<\/p>\n<p style=\"text-align: justify;\">\u2013 gli aspiranti, al momento della presentazione delle domande, non avranno a disposizione l\u2019elenco delle sedi disponibili e si troveranno a scegliere le stesso in modo casuale con il rischio, soprattutto nelle grandi province, di precludere le possibilit\u00e0 lavorative;<\/p>\n<p style=\"text-align: justify;\">\u2013 le graduatorie GPS, epurate dagli errori derivanti dall\u2019ultimo aggiornamento\/inserimento, non sono state ancora pubblicate;<\/p>\n<p style=\"text-align: justify;\">\u2013 la simultaneit\u00e0 di presentazione delle domande rischia di creare confusione con un elevato numero di errori che inevitabilmente comprometteranno il futuro lavorativo delle persone.<\/p>\n<p style=\"text-align: justify;\">Ha poi rivendicato chiarezza e trasparenza nelle operazioni e soprattutto risposte al personale che al momento vede preclusa la possibilit\u00e0 di accedere alla procedura straordinaria. A tutti i docenti interessati alle varie procedure devono essere riconosciuti gli stessi diritti.<\/p>\n<p style=\"text-align: justify;\"><strong>Per tali motivi la UIL scuola ha chiesto di:<\/strong><\/p>\n<p style=\"text-align: justify;\">\u2013 chiarire formalmente, onde evitare di generare disparit\u00e0 di comportamento tra i vari uffici territoriali, che i docenti gi\u00e0 a tempo indeterminato assunti fino all\u2019a.s. 2019\/20 possano usufruire dell\u2019art. 36 del CCNL per l\u2019attribuzione delle supplenze annuali finalizzate alle immissioni in ruolo. Allo stesso modo chiarire che i docenti individuati per l\u2019a.s. 2021\/22 possano optare per l\u2019accettazione della nuova proposta anche se a tempo determinato;<\/p>\n<p style=\"text-align: justify;\">\u2013 posticipare le operazioni relative all\u2019assunzione con contratto a tempo determinato finalizzata alle immissioni in ruolo al fine di consentire agli aspiranti di conoscere le sedi disponibili e agli uffici territoriali di pubblicarle contestualmente alle graduatorie aggiornate;<\/p>\n<p style=\"text-align: justify;\">\u2013 rinviare ad una data di scadenza successiva la procedura per l\u2019attribuzione delle supplenze annuali e fino al termine delle attivit\u00e0 didattiche, in modo che gli aspiranti possano avere un quadro anche delle sedi residuate e conoscere per tempo le disposizioni della circolare MI (istruzioni operative supplenze) per la stesura della quale non \u00e8 stato calendarizzato alcun incontro.<\/p>\n<p style=\"text-align: justify;\">A parere della UIL Scuola, al fine di non creare disparit\u00e0 di trattamento tra i docenti gi\u00e0 a tempo indeterminato, i docenti immessi in ruolo a partire dall\u2019a.s. 2020\/21, ai quali \u00e8 stata preclusa la possibilit\u00e0, dalla legge di bilancio 2020, di accettare una nomina a tempo determinato, devono poter partecipare all\u2019attuale procedura straordinaria introdotta successivamente alla legge stessa.<\/p>\n<p style=\"text-align: justify;\">L\u2019amministrazione sembra pi\u00f9 legata alla velocit\u00e0 delle operazioni che alla buona riuscita delle stesse. Un film gi\u00e0 visto la scorsa estate del quale conosciamo gi\u00e0 il finale.<\/p>\n<p style=\"text-align: justify;\">Per evitare ci\u00f2 rivendichiamo il ruolo di supporto e verifica dei lavoratori che non possono essere alla merc\u00e9 di una piattaforma.<\/p>\n<p style=\"text-align: justify;\">Per la UIL scuola, infatti, devono essere i vari uffici periferici che dovranno concertare tempo e modi per dare risposte ai lavoratori che non possono essere condannati a stare dietro uno schermo.<\/p>\n<p style=\"text-align: justify;\">La fretta non pu\u00f2 essere lesiva di diritti, cos\u00ec come creder\u00e0 ulteriore caos la stessa fretta di dare una sede che con le molteplicit\u00e0 di concorsi vari sar\u00e0 destinata a cambiare continuamente.<\/p>\n<p style=\"text-align: justify;\">Sarebbe inoltre auspicabile, prima dell\u2019avvio delle operazioni, un ulteriore momento di confronto al fine di chiarire e affrontare tutte le criticit\u00e0 emerse durante l\u2019incontro onde evitare un\u2019ennesima stagione di contenziosi.<\/p>\n<p style=\"text-align: justify;\">Per la UIL scuola erano presenti\u00a0<strong>Mauro Panzieri<\/strong>\u00a0e\u00a0<strong>Pasquale Raimondo<\/strong>.<\/p>\n<\/div>\n<div class=\"clear\" style=\"text-align: justify;\"><\/div>\n<div id=\"allegati\"><\/div>\n\n<div class=\"twitter-share\"><a href=\"https:\/\/twitter.com\/intent\/tweet?via=UILScuolaBO_ER\" class=\"twitter-share-button\" data-size=\"large\">Tweet<\/a><\/div>\n","protected":false},"excerpt":{"rendered":"<p>Procedura online GPS I Fascia e Supplenze al 31\/8 e 30\/6 (da GAE e GPS). Ancora una volta sar\u00e0 un algoritmo a decidere le sorti &hellip; <\/p>\n","protected":false},"author":1,"featured_media":6816,"comment_status":"closed","ping_status":"open","sticky":false,"template":"","format":"standard","meta":{"footnotes":""},"categories":[12,6],"tags":[],"yoast_head":"<!-- This site is optimized with the Yoast SEO plugin v21.7 - https:\/\/yoast.com\/wordpress\/plugins\/seo\/ -->\r\n<title>UIL SCUOLA: NO ALLA DITTATURA DIGITALE - Uil Scuola Emilia Romagna<\/title>\r\n<meta name=\"robots\" content=\"index, follow, max-snippet:-1, max-image-preview:large, max-video-preview:-1\" \/>\r\n<link rel=\"canonical\" href=\"https:\/\/www.uilscuolaemiliaromagna.it\/public\/er\/2021\/07\/31\/uil-scuola-no-alla-dittatura-digitale\/\" \/>\r\n<meta property=\"og:locale\" content=\"it_IT\" \/>\r\n<meta property=\"og:type\" content=\"article\" \/>\r\n<meta property=\"og:title\" content=\"UIL SCUOLA: NO ALLA DITTATURA DIGITALE - Uil Scuola Emilia Romagna\" \/>\r\n<meta property=\"og:description\" content=\"Procedura online GPS I Fascia e Supplenze al 31\/8 e 30\/6 (da GAE e GPS). Ancora una volta sar\u00e0 un algoritmo a decidere le sorti &hellip;\" \/>\r\n<meta property=\"og:url\" content=\"https:\/\/www.uilscuolaemiliaromagna.it\/public\/er\/2021\/07\/31\/uil-scuola-no-alla-dittatura-digitale\/\" \/>\r\n<meta property=\"og:site_name\" content=\"Uil Scuola Emilia Romagna\" \/>\r\n<meta property=\"article:published_time\" content=\"2021-07-31T12:48:41+00:00\" \/>\r\n<meta property=\"og:image\" content=\"https:\/\/www.uilscuolaemiliaromagna.it\/public\/er\/wp-content\/uploads\/2020\/10\/Dirigenti-1.jpg\" \/>\r\n\t<meta property=\"og:image:width\" content=\"512\" \/>\r\n\t<meta property=\"og:image:height\" content=\"293\" \/>\r\n\t<meta property=\"og:image:type\" content=\"image\/jpeg\" \/>\r\n<meta name=\"author\" content=\"admin\" \/>\r\n<meta name=\"twitter:card\" content=\"summary_large_image\" \/>\r\n<meta name=\"twitter:label1\" content=\"Scritto da\" \/>\n\t<meta name=\"twitter:data1\" content=\"admin\" \/>\n\t<meta name=\"twitter:label2\" content=\"Tempo di lettura stimato\" \/>\n\t<meta name=\"twitter:data2\" content=\"5 minuti\" \/>\r\n<script type=\"application\/ld+json\" class=\"yoast-schema-graph\">{\"@context\":\"https:\/\/schema.org\",\"@graph\":[{\"@type\":\"Article\",\"@id\":\"https:\/\/www.uilscuolaemiliaromagna.it\/public\/er\/2021\/07\/31\/uil-scuola-no-alla-dittatura-digitale\/#article\",\"isPartOf\":{\"@id\":\"https:\/\/www.uilscuolaemiliaromagna.it\/public\/er\/2021\/07\/31\/uil-scuola-no-alla-dittatura-digitale\/\"},\"author\":{\"name\":\"admin\",\"@id\":\"https:\/\/www.uilscuolaemiliaromagna.it\/public\/er\/#\/schema\/person\/f42878fd07a4b6ba2b7153d4fad5de5e\"},\"headline\":\"UIL SCUOLA: NO ALLA DITTATURA DIGITALE\",\"datePublished\":\"2021-07-31T12:48:41+00:00\",\"dateModified\":\"2021-07-31T12:48:41+00:00\",\"mainEntityOfPage\":{\"@id\":\"https:\/\/www.uilscuolaemiliaromagna.it\/public\/er\/2021\/07\/31\/uil-scuola-no-alla-dittatura-digitale\/\"},\"wordCount\":1059,\"publisher\":{\"@id\":\"https:\/\/www.uilscuolaemiliaromagna.it\/public\/er\/#organization\"},\"articleSection\":[\"Notizie\",\"Personale Docente\"],\"inLanguage\":\"it-IT\"},{\"@type\":\"WebPage\",\"@id\":\"https:\/\/www.uilscuolaemiliaromagna.it\/public\/er\/2021\/07\/31\/uil-scuola-no-alla-dittatura-digitale\/\",\"url\":\"https:\/\/www.uilscuolaemiliaromagna.it\/public\/er\/2021\/07\/31\/uil-scuola-no-alla-dittatura-digitale\/\",\"name\":\"UIL SCUOLA: NO ALLA DITTATURA DIGITALE - Uil Scuola Emilia Romagna\",\"isPartOf\":{\"@id\":\"https:\/\/www.uilscuolaemiliaromagna.it\/public\/er\/#website\"},\"datePublished\":\"2021-07-31T12:48:41+00:00\",\"dateModified\":\"2021-07-31T12:48:41+00:00\",\"breadcrumb\":{\"@id\":\"https:\/\/www.uilscuolaemiliaromagna.it\/public\/er\/2021\/07\/31\/uil-scuola-no-alla-dittatura-digitale\/#breadcrumb\"},\"inLanguage\":\"it-IT\",\"potentialAction\":[{\"@type\":\"ReadAction\",\"target\":[\"https:\/\/www.uilscuolaemiliaromagna.it\/public\/er\/2021\/07\/31\/uil-scuola-no-alla-dittatura-digitale\/\"]}]},{\"@type\":\"BreadcrumbList\",\"@id\":\"https:\/\/www.uilscuolaemiliaromagna.it\/public\/er\/2021\/07\/31\/uil-scuola-no-alla-dittatura-digitale\/#breadcrumb\",\"itemListElement\":[{\"@type\":\"ListItem\",\"position\":1,\"name\":\"Home\",\"item\":\"https:\/\/www.uilscuolaemiliaromagna.it\/public\/er\/\"},{\"@type\":\"ListItem\",\"position\":2,\"name\":\"UIL SCUOLA: NO ALLA DITTATURA DIGITALE\"}]},{\"@type\":\"WebSite\",\"@id\":\"https:\/\/www.uilscuolaemiliaromagna.it\/public\/er\/#website\",\"url\":\"https:\/\/www.uilscuolaemiliaromagna.it\/public\/er\/\",\"name\":\"Uil Scuola Emilia Romagna\",\"description\":\"La voce libera della scuola\",\"publisher\":{\"@id\":\"https:\/\/www.uilscuolaemiliaromagna.it\/public\/er\/#organization\"},\"potentialAction\":[{\"@type\":\"SearchAction\",\"target\":{\"@type\":\"EntryPoint\",\"urlTemplate\":\"https:\/\/www.uilscuolaemiliaromagna.it\/public\/er\/?s={search_term_string}\"},\"query-input\":\"required name=search_term_string\"}],\"inLanguage\":\"it-IT\"},{\"@type\":\"Organization\",\"@id\":\"https:\/\/www.uilscuolaemiliaromagna.it\/public\/er\/#organization\",\"name\":\"Uil Scuola Emilia Romagna\",\"url\":\"https:\/\/www.uilscuolaemiliaromagna.it\/public\/er\/\",\"logo\":{\"@type\":\"ImageObject\",\"inLanguage\":\"it-IT\",\"@id\":\"https:\/\/www.uilscuolaemiliaromagna.it\/public\/er\/#\/schema\/logo\/image\/\",\"url\":\"https:\/\/www.uilscuolaemiliaromagna.it\/public\/er\/wp-content\/uploads\/2017\/04\/cropped-header.png\",\"contentUrl\":\"https:\/\/www.uilscuolaemiliaromagna.it\/public\/er\/wp-content\/uploads\/2017\/04\/cropped-header.png\",\"width\":1000,\"height\":150,\"caption\":\"Uil Scuola Emilia Romagna\"},\"image\":{\"@id\":\"https:\/\/www.uilscuolaemiliaromagna.it\/public\/er\/#\/schema\/logo\/image\/\"}},{\"@type\":\"Person\",\"@id\":\"https:\/\/www.uilscuolaemiliaromagna.it\/public\/er\/#\/schema\/person\/f42878fd07a4b6ba2b7153d4fad5de5e\",\"name\":\"admin\",\"image\":{\"@type\":\"ImageObject\",\"inLanguage\":\"it-IT\",\"@id\":\"https:\/\/www.uilscuolaemiliaromagna.it\/public\/er\/#\/schema\/person\/image\/\",\"url\":\"https:\/\/secure.gravatar.com\/avatar\/aebf815ae2f30ffdae8b8c247273d34c?s=96&d=mm&r=g\",\"contentUrl\":\"https:\/\/secure.gravatar.com\/avatar\/aebf815ae2f30ffdae8b8c247273d34c?s=96&d=mm&r=g\",\"caption\":\"admin\"},\"url\":\"https:\/\/www.uilscuolaemiliaromagna.it\/public\/er\/author\/admin\/\"}]}<\/script>\r\n<!-- \/ Yoast SEO plugin. -->","yoast_head_json":{"title":"UIL SCUOLA: NO ALLA DITTATURA DIGITALE - Uil Scuola Emilia Romagna","robots":{"index":"index","follow":"follow","max-snippet":"max-snippet:-1","max-image-preview":"max-image-preview:large","max-video-preview":"max-video-preview:-1"},"canonical":"https:\/\/www.uilscuolaemiliaromagna.it\/public\/er\/2021\/07\/31\/uil-scuola-no-alla-dittatura-digitale\/","og_locale":"it_IT","og_type":"article","og_title":"UIL SCUOLA: NO ALLA DITTATURA DIGITALE - Uil Scuola Emilia Romagna","og_description":"Procedura online GPS I Fascia e Supplenze al 31\/8 e 30\/6 (da GAE e GPS). Ancora una volta sar\u00e0 un algoritmo a decidere le sorti &hellip;","og_url":"https:\/\/www.uilscuolaemiliaromagna.it\/public\/er\/2021\/07\/31\/uil-scuola-no-alla-dittatura-digitale\/","og_site_name":"Uil Scuola Emilia Romagna","article_published_time":"2021-07-31T12:48:41+00:00","og_image":[{"width":512,"height":293,"url":"https:\/\/www.uilscuolaemiliaromagna.it\/public\/er\/wp-content\/uploads\/2020\/10\/Dirigenti-1.jpg","type":"image\/jpeg"}],"author":"admin","twitter_card":"summary_large_image","twitter_misc":{"Scritto da":"admin","Tempo di lettura stimato":"5 minuti"},"schema":{"@context":"https:\/\/schema.org","@graph":[{"@type":"Article","@id":"https:\/\/www.uilscuolaemiliaromagna.it\/public\/er\/2021\/07\/31\/uil-scuola-no-alla-dittatura-digitale\/#article","isPartOf":{"@id":"https:\/\/www.uilscuolaemiliaromagna.it\/public\/er\/2021\/07\/31\/uil-scuola-no-alla-dittatura-digitale\/"},"author":{"name":"admin","@id":"https:\/\/www.uilscuolaemiliaromagna.it\/public\/er\/#\/schema\/person\/f42878fd07a4b6ba2b7153d4fad5de5e"},"headline":"UIL SCUOLA: NO ALLA DITTATURA DIGITALE","datePublished":"2021-07-31T12:48:41+00:00","dateModified":"2021-07-31T12:48:41+00:00","mainEntityOfPage":{"@id":"https:\/\/www.uilscuolaemiliaromagna.it\/public\/er\/2021\/07\/31\/uil-scuola-no-alla-dittatura-digitale\/"},"wordCount":1059,"publisher":{"@id":"https:\/\/www.uilscuolaemiliaromagna.it\/public\/er\/#organization"},"articleSection":["Notizie","Personale Docente"],"inLanguage":"it-IT"},{"@type":"WebPage","@id":"https:\/\/www.uilscuolaemiliaromagna.it\/public\/er\/2021\/07\/31\/uil-scuola-no-alla-dittatura-digitale\/","url":"https:\/\/www.uilscuolaemiliaromagna.it\/public\/er\/2021\/07\/31\/uil-scuola-no-alla-dittatura-digitale\/","name":"UIL SCUOLA: NO ALLA DITTATURA DIGITALE - Uil Scuola Emilia Romagna","isPartOf":{"@id":"https:\/\/www.uilscuolaemiliaromagna.it\/public\/er\/#website"},"datePublished":"2021-07-31T12:48:41+00:00","dateModified":"2021-07-31T12:48:41+00:00","breadcrumb":{"@id":"https:\/\/www.uilscuolaemiliaromagna.it\/public\/er\/2021\/07\/31\/uil-scuola-no-alla-dittatura-digitale\/#breadcrumb"},"inLanguage":"it-IT","potentialAction":[{"@type":"ReadAction","target":["https:\/\/www.uilscuolaemiliaromagna.it\/public\/er\/2021\/07\/31\/uil-scuola-no-alla-dittatura-digitale\/"]}]},{"@type":"BreadcrumbList","@id":"https:\/\/www.uilscuolaemiliaromagna.it\/public\/er\/2021\/07\/31\/uil-scuola-no-alla-dittatura-digitale\/#breadcrumb","itemListElement":[{"@type":"ListItem","position":1,"name":"Home","item":"https:\/\/www.uilscuolaemiliaromagna.it\/public\/er\/"},{"@type":"ListItem","position":2,"name":"UIL SCUOLA: NO ALLA DITTATURA DIGITALE"}]},{"@type":"WebSite","@id":"https:\/\/www.uilscuolaemiliaromagna.it\/public\/er\/#website","url":"https:\/\/www.uilscuolaemiliaromagna.it\/public\/er\/","name":"Uil Scuola Emilia Romagna","description":"La voce libera della scuola","publisher":{"@id":"https:\/\/www.uilscuolaemiliaromagna.it\/public\/er\/#organization"},"potentialAction":[{"@type":"SearchAction","target":{"@type":"EntryPoint","urlTemplate":"https:\/\/www.uilscuolaemiliaromagna.it\/public\/er\/?s={search_term_string}"},"query-input":"required name=search_term_string"}],"inLanguage":"it-IT"},{"@type":"Organization","@id":"https:\/\/www.uilscuolaemiliaromagna.it\/public\/er\/#organization","name":"Uil Scuola Emilia Romagna","url":"https:\/\/www.uilscuolaemiliaromagna.it\/public\/er\/","logo":{"@type":"ImageObject","inLanguage":"it-IT","@id":"https:\/\/www.uilscuolaemiliaromagna.it\/public\/er\/#\/schema\/logo\/image\/","url":"https:\/\/www.uilscuolaemiliaromagna.it\/public\/er\/wp-content\/uploads\/2017\/04\/cropped-header.png","contentUrl":"https:\/\/www.uilscuolaemiliaromagna.it\/public\/er\/wp-content\/uploads\/2017\/04\/cropped-header.png","width":1000,"height":150,"caption":"Uil Scuola Emilia Romagna"},"image":{"@id":"https:\/\/www.uilscuolaemiliaromagna.it\/public\/er\/#\/schema\/logo\/image\/"}},{"@type":"Person","@id":"https:\/\/www.uilscuolaemiliaromagna.it\/public\/er\/#\/schema\/person\/f42878fd07a4b6ba2b7153d4fad5de5e","name":"admin","image":{"@type":"ImageObject","inLanguage":"it-IT","@id":"https:\/\/www.uilscuolaemiliaromagna.it\/public\/er\/#\/schema\/person\/image\/","url":"https:\/\/secure.gravatar.com\/avatar\/aebf815ae2f30ffdae8b8c247273d34c?s=96&d=mm&r=g","contentUrl":"https:\/\/secure.gravatar.com\/avatar\/aebf815ae2f30ffdae8b8c247273d34c?s=96&d=mm&r=g","caption":"admin"},"url":"https:\/\/www.uilscuolaemiliaromagna.it\/public\/er\/author\/admin\/"}]}},"views":833,"_links":{"self":[{"href":"https:\/\/www.uilscuolaemiliaromagna.it\/public\/er\/wp-json\/wp\/v2\/posts\/8635"}],"collection":[{"href":"https:\/\/www.uilscuolaemiliaromagna.it\/public\/er\/wp-json\/wp\/v2\/posts"}],"about":[{"href":"https:\/\/www.uilscuolaemiliaromagna.it\/public\/er\/wp-json\/wp\/v2\/types\/post"}],"author":[{"embeddable":true,"href":"https:\/\/www.uilscuolaemiliaromagna.it\/public\/er\/wp-json\/wp\/v2\/users\/1"}],"replies":[{"embeddable":true,"href":"https:\/\/www.uilscuolaemiliaromagna.it\/public\/er\/wp-json\/wp\/v2\/comments?post=8635"}],"version-history":[{"count":1,"href":"https:\/\/www.uilscuolaemiliaromagna.it\/public\/er\/wp-json\/wp\/v2\/posts\/8635\/revisions"}],"predecessor-version":[{"id":8636,"href":"https:\/\/www.uilscuolaemiliaromagna.it\/public\/er\/wp-json\/wp\/v2\/posts\/8635\/revisions\/8636"}],"wp:featuredmedia":[{"embeddable":true,"href":"https:\/\/www.uilscuolaemiliaromagna.it\/public\/er\/wp-json\/wp\/v2\/media\/6816"}],"wp:attachment":[{"href":"https:\/\/www.uilscuolaemiliaromagna.it\/public\/er\/wp-json\/wp\/v2\/media?parent=8635"}],"wp:term":[{"taxonomy":"category","embeddable":true,"href":"https:\/\/www.uilscuolaemiliaromagna.it\/public\/er\/wp-json\/wp\/v2\/categories?post=8635"},{"taxonomy":"post_tag","embeddable":true,"href":"https:\/\/www.uilscuolaemiliaromagna.it\/public\/er\/wp-json\/wp\/v2\/tags?post=8635"}],"curies":[{"name":"wp","href":"https:\/\/api.w.org\/{rel}","templated":true}]}}