{"id":8642,"date":"2021-08-23T21:47:34","date_gmt":"2021-08-23T19:47:34","guid":{"rendered":"http:\/\/www.uilscuolaemiliaromagna.it\/public\/er\/?p=8642"},"modified":"2021-09-29T12:20:35","modified_gmt":"2021-09-29T10:20:35","slug":"irase-emilia-romagna-corso-outdoor-education","status":"publish","type":"post","link":"https:\/\/www.uilscuolaemiliaromagna.it\/public\/er\/2021\/08\/23\/irase-emilia-romagna-corso-outdoor-education\/","title":{"rendered":"IRASE Emilia Romagna | Corso Outdoor education"},"content":{"rendered":"<p style=\"text-align: justify;\">L\u2019IRASE regionale Emilia Romagna, sezione periferica di IRASE Nazionale (Ente qualificato per la formazione del personale della Scuola \u2013 decreto MIUR prot. n. 1222 del 05.07.05 \u2013 1 dicembre DIRETTIVA 170\/2016) promuove un&#8217;iniziativa formativa sul tema Outdoor education &#8211; laboratori pratici per gli insegnanti della scuola primaria.<\/p>\n<h2 style=\"text-align: center;\"><strong>23 e 30 Settembre 2021 ore 17\/19<\/strong><\/h2>\n<h3 style=\"text-align: center;\">Agriturismo LA CASA DI CAMPAGNA &#8211; Via Giuseppe Torelli n. 7 &#8211; Reggio Emilia<\/h3>\n<p><a href=\"https:\/\/www.uilscuolaemiliaromagna.it\/public\/er\/wp-content\/uploads\/2021\/08\/Outdoor-education_page-0001.jpg\"><img loading=\"lazy\" decoding=\"async\" class=\"aligncenter size-full wp-image-8653\" src=\"https:\/\/www.uilscuolaemiliaromagna.it\/public\/er\/wp-content\/uploads\/2021\/08\/Outdoor-education_page-0001.jpg\" alt=\"\" width=\"464\" height=\"600\" srcset=\"https:\/\/www.uilscuolaemiliaromagna.it\/public\/er\/wp-content\/uploads\/2021\/08\/Outdoor-education_page-0001.jpg 464w, https:\/\/www.uilscuolaemiliaromagna.it\/public\/er\/wp-content\/uploads\/2021\/08\/Outdoor-education_page-0001-232x300.jpg 232w\" sizes=\"(max-width: 464px) 100vw, 464px\" \/><\/a><\/p>\n<p style=\"text-align: justify;\">Il primo incontro si svolger\u00e0 in due fasi:<\/p>\n<ul style=\"text-align: justify;\">\n<li>Nella prima fase si illustrer\u00e0 in linea teorica come l\u2019ambiente esterno alla scuola possa diventare spazio di apprendimento, relazione e cura educativa. Di come la dimensione del corpo e del movimento, l\u2019esplorazione dell\u2019ambiente, gli stimoli alla curiosit\u00e0 di apprendere, possano essere base stimolante per pratiche educative e didattiche.<\/li>\n<li>Nella seconda parte saranno presentate alcune pratiche di didattica linguistica all\u2019aperto nella scuola primaria, di come in un laboratorio di lettura e scrittura creativa all\u2019aperto ci si possa avvicinare ad un modo inedito di vedere e sentire il mondo basato sulle percezioni, lasciandosi suggestionare dall\u2019abbraccio di un albero mentre si legge \u201cIl barone rampante\u201d o \u201cIl vento nei salici\u201d, progettare reading in luoghi evocativi, scrivere familiarizzando con i discorsi del vento o i racconti degli uccelli, sperimentare tecniche di scrittura creativa (come il flusso di Mih\u00e1ly Cs\u00edkszentmih\u00e1lyi, o gli esercizi di stile di R. Queneau), arricchendo il lessico, la relazione con il personale tempo interiore e l\u2019immaginario fantastico, individuale e collettivo.<\/li>\n<\/ul>\n<p style=\"text-align: justify;\">Nel secondo incontro si illustrer\u00e0 la metodologia \u201coutdoor learning\u201d esponendo \u00a0in modo dettagliato le sei fasi della ricerca:<\/p>\n<ul style=\"text-align: justify;\">\n<li>Fase uno: uscire (come? Dove?)<\/li>\n<li>Fase due: suscitare domande e curiosit\u00e0 (come stabilire un clima di stimoli alla curiosit\u00e0 e alla ricerca)<\/li>\n<li>Fase tre: organizzare le domande, strutturare il pensiero)<\/li>\n<li>Fase quattro: organizzare la ricerca (come, da che fonti)<\/li>\n<li>Fase cinque: condivisione (le diverse modalit\u00e0, apertura al territorio)<\/li>\n<li>Fase sei: feedback (sia dei bambini che degli insegnanti)<\/li>\n<\/ul>\n<p style=\"text-align: justify;\">Ogni incontro si concluder\u00e0 con una sessione di domande e risposte.<\/p>\n<p><strong>Costi:<\/strong><\/p>\n<ul>\n<li>50 euro iscritti e iscrivendi UIL SCUOLA RUA<\/li>\n<li>120 euro non iscritti<\/li>\n<\/ul>\n<p style=\"text-align: justify;\"><strong>L\u2018iscrizione al corso dovr\u00e0 essere effettuata entro il 10 settembre 2021 compilando il modulo google al seguente il link:<\/strong><\/p>\n<h1 style=\"text-align: center;\"><a href=\"https:\/\/forms.gle\/GKWfV8oqYoPH7oQ58\" target=\"_blank\" rel=\"noopener noreferrer\">https:\/\/forms.gle\/GKWfV8oqYoPH7oQ58<\/a><\/h1>\n<p><strong>e inviando la ricevuta di bonifico ( sempre entro il 10 settembre 2021) alla seguente mail: <a href=\"mailto:emiliaromagna@irase.it\">emiliaromagna@irase.it<\/a><\/strong><\/p>\n<p style=\"text-align: justify;\"><strong>Modalit\u00e0 di pagamento: Bonifico bancario intestato a: IRASE REGIONALE EMILIA ROMAGNA IBAN: IT77D0538702402000003174987 \u2013 BPER BANCA Ag. 2 Bologna Causale da inserire: \u201cCognome e Nome \u2013 Introduzione O<em>utdoor education\u201d<\/em><\/strong><\/p>\n<p><strong>Per info: Direttore del corso Emidio Del Paggio &#8211; cell.338 3858144.<\/strong><\/p>\n<ul>\n<li><a href=\"https:\/\/www.uilscuolaemiliaromagna.it\/public\/er\/wp-content\/uploads\/2021\/08\/Outdoor-education.pdf\" target=\"_blank\" rel=\"noopener noreferrer\">la locandina in formato pdf<\/a><\/li>\n<\/ul>\n<h3 style=\"text-align: center;\"><a href=\"https:\/\/www.irasemiliaromagna.it\/\" target=\"_blank\" rel=\"noopener noreferrer\">Clicca qui per il sito internet di IRASE regionale Emilia Romagna<\/a><\/h3>\n<h3 style=\"text-align: center;\"><a href=\"https:\/\/www.facebook.com\/pages\/category\/Education-Website\/IRASE-Emilia-Romagna-108635834094313\/\" target=\"_blank\" rel=\"noopener noreferrer\">Clicca qui per la pagina Facebook di IRASE regionale Emilia Romagna<\/a><\/h3>\n<h3 style=\"text-align: center;\"><a href=\"https:\/\/www.youtube.com\/channel\/UCL2Ea_jzRA6rcKfswvrEssA\" target=\"_blank\" rel=\"noopener noreferrer\">Clicca qui per il canale YouTube di Irase regionale Emilia Romagna<\/a><\/h3>\n\n<div class=\"twitter-share\"><a href=\"https:\/\/twitter.com\/intent\/tweet?via=UILScuolaBO_ER\" class=\"twitter-share-button\" data-size=\"large\">Tweet<\/a><\/div>\n","protected":false},"excerpt":{"rendered":"<p>L\u2019IRASE regionale Emilia Romagna, sezione periferica di IRASE Nazionale (Ente qualificato per la formazione del personale della Scuola \u2013 decreto MIUR prot. n. 1222 del &hellip; <\/p>\n","protected":false},"author":1,"featured_media":8634,"comment_status":"closed","ping_status":"open","sticky":false,"template":"","format":"standard","meta":{"footnotes":""},"categories":[27,12],"tags":[],"yoast_head":"<!-- This site is optimized with the Yoast SEO plugin v21.7 - https:\/\/yoast.com\/wordpress\/plugins\/seo\/ -->\r\n<title>IRASE Emilia Romagna | Corso Outdoor education - Uil Scuola Emilia Romagna<\/title>\r\n<meta name=\"robots\" content=\"index, follow, max-snippet:-1, max-image-preview:large, max-video-preview:-1\" \/>\r\n<link rel=\"canonical\" href=\"https:\/\/www.uilscuolaemiliaromagna.it\/public\/er\/2021\/08\/23\/irase-emilia-romagna-corso-outdoor-education\/\" \/>\r\n<meta property=\"og:locale\" content=\"it_IT\" \/>\r\n<meta property=\"og:type\" content=\"article\" \/>\r\n<meta property=\"og:title\" content=\"IRASE Emilia Romagna | Corso Outdoor education - Uil Scuola Emilia Romagna\" \/>\r\n<meta property=\"og:description\" content=\"L\u2019IRASE regionale Emilia Romagna, sezione periferica di IRASE Nazionale (Ente qualificato per la formazione del personale della Scuola \u2013 decreto MIUR prot. n. 1222 del &hellip;\" \/>\r\n<meta property=\"og:url\" content=\"https:\/\/www.uilscuolaemiliaromagna.it\/public\/er\/2021\/08\/23\/irase-emilia-romagna-corso-outdoor-education\/\" \/>\r\n<meta property=\"og:site_name\" content=\"Uil Scuola Emilia Romagna\" \/>\r\n<meta property=\"article:published_time\" content=\"2021-08-23T19:47:34+00:00\" \/>\r\n<meta property=\"article:modified_time\" content=\"2021-09-29T10:20:35+00:00\" \/>\r\n<meta property=\"og:image\" content=\"https:\/\/www.uilscuolaemiliaromagna.it\/public\/er\/wp-content\/uploads\/2021\/07\/Irase-EMILIA-ROMAGNA.jpg\" \/>\r\n\t<meta property=\"og:image:width\" content=\"800\" \/>\r\n\t<meta property=\"og:image:height\" content=\"454\" \/>\r\n\t<meta property=\"og:image:type\" content=\"image\/jpeg\" \/>\r\n<meta name=\"author\" content=\"admin\" \/>\r\n<meta name=\"twitter:card\" content=\"summary_large_image\" \/>\r\n<meta name=\"twitter:label1\" content=\"Scritto da\" \/>\n\t<meta name=\"twitter:data1\" content=\"admin\" \/>\n\t<meta name=\"twitter:label2\" content=\"Tempo di lettura stimato\" \/>\n\t<meta name=\"twitter:data2\" content=\"3 minuti\" \/>\r\n<script type=\"application\/ld+json\" class=\"yoast-schema-graph\">{\"@context\":\"https:\/\/schema.org\",\"@graph\":[{\"@type\":\"Article\",\"@id\":\"https:\/\/www.uilscuolaemiliaromagna.it\/public\/er\/2021\/08\/23\/irase-emilia-romagna-corso-outdoor-education\/#article\",\"isPartOf\":{\"@id\":\"https:\/\/www.uilscuolaemiliaromagna.it\/public\/er\/2021\/08\/23\/irase-emilia-romagna-corso-outdoor-education\/\"},\"author\":{\"name\":\"admin\",\"@id\":\"https:\/\/www.uilscuolaemiliaromagna.it\/public\/er\/#\/schema\/person\/f42878fd07a4b6ba2b7153d4fad5de5e\"},\"headline\":\"IRASE Emilia Romagna | Corso Outdoor education\",\"datePublished\":\"2021-08-23T19:47:34+00:00\",\"dateModified\":\"2021-09-29T10:20:35+00:00\",\"mainEntityOfPage\":{\"@id\":\"https:\/\/www.uilscuolaemiliaromagna.it\/public\/er\/2021\/08\/23\/irase-emilia-romagna-corso-outdoor-education\/\"},\"wordCount\":453,\"publisher\":{\"@id\":\"https:\/\/www.uilscuolaemiliaromagna.it\/public\/er\/#organization\"},\"articleSection\":[\"Formazione\",\"Notizie\"],\"inLanguage\":\"it-IT\"},{\"@type\":\"WebPage\",\"@id\":\"https:\/\/www.uilscuolaemiliaromagna.it\/public\/er\/2021\/08\/23\/irase-emilia-romagna-corso-outdoor-education\/\",\"url\":\"https:\/\/www.uilscuolaemiliaromagna.it\/public\/er\/2021\/08\/23\/irase-emilia-romagna-corso-outdoor-education\/\",\"name\":\"IRASE Emilia Romagna | Corso Outdoor education - Uil Scuola Emilia Romagna\",\"isPartOf\":{\"@id\":\"https:\/\/www.uilscuolaemiliaromagna.it\/public\/er\/#website\"},\"datePublished\":\"2021-08-23T19:47:34+00:00\",\"dateModified\":\"2021-09-29T10:20:35+00:00\",\"breadcrumb\":{\"@id\":\"https:\/\/www.uilscuolaemiliaromagna.it\/public\/er\/2021\/08\/23\/irase-emilia-romagna-corso-outdoor-education\/#breadcrumb\"},\"inLanguage\":\"it-IT\",\"potentialAction\":[{\"@type\":\"ReadAction\",\"target\":[\"https:\/\/www.uilscuolaemiliaromagna.it\/public\/er\/2021\/08\/23\/irase-emilia-romagna-corso-outdoor-education\/\"]}]},{\"@type\":\"BreadcrumbList\",\"@id\":\"https:\/\/www.uilscuolaemiliaromagna.it\/public\/er\/2021\/08\/23\/irase-emilia-romagna-corso-outdoor-education\/#breadcrumb\",\"itemListElement\":[{\"@type\":\"ListItem\",\"position\":1,\"name\":\"Home\",\"item\":\"https:\/\/www.uilscuolaemiliaromagna.it\/public\/er\/\"},{\"@type\":\"ListItem\",\"position\":2,\"name\":\"IRASE Emilia Romagna | Corso Outdoor education\"}]},{\"@type\":\"WebSite\",\"@id\":\"https:\/\/www.uilscuolaemiliaromagna.it\/public\/er\/#website\",\"url\":\"https:\/\/www.uilscuolaemiliaromagna.it\/public\/er\/\",\"name\":\"Uil Scuola Emilia Romagna\",\"description\":\"La voce libera della scuola\",\"publisher\":{\"@id\":\"https:\/\/www.uilscuolaemiliaromagna.it\/public\/er\/#organization\"},\"potentialAction\":[{\"@type\":\"SearchAction\",\"target\":{\"@type\":\"EntryPoint\",\"urlTemplate\":\"https:\/\/www.uilscuolaemiliaromagna.it\/public\/er\/?s={search_term_string}\"},\"query-input\":\"required name=search_term_string\"}],\"inLanguage\":\"it-IT\"},{\"@type\":\"Organization\",\"@id\":\"https:\/\/www.uilscuolaemiliaromagna.it\/public\/er\/#organization\",\"name\":\"Uil Scuola Emilia Romagna\",\"url\":\"https:\/\/www.uilscuolaemiliaromagna.it\/public\/er\/\",\"logo\":{\"@type\":\"ImageObject\",\"inLanguage\":\"it-IT\",\"@id\":\"https:\/\/www.uilscuolaemiliaromagna.it\/public\/er\/#\/schema\/logo\/image\/\",\"url\":\"https:\/\/www.uilscuolaemiliaromagna.it\/public\/er\/wp-content\/uploads\/2017\/04\/cropped-header.png\",\"contentUrl\":\"https:\/\/www.uilscuolaemiliaromagna.it\/public\/er\/wp-content\/uploads\/2017\/04\/cropped-header.png\",\"width\":1000,\"height\":150,\"caption\":\"Uil Scuola Emilia Romagna\"},\"image\":{\"@id\":\"https:\/\/www.uilscuolaemiliaromagna.it\/public\/er\/#\/schema\/logo\/image\/\"}},{\"@type\":\"Person\",\"@id\":\"https:\/\/www.uilscuolaemiliaromagna.it\/public\/er\/#\/schema\/person\/f42878fd07a4b6ba2b7153d4fad5de5e\",\"name\":\"admin\",\"image\":{\"@type\":\"ImageObject\",\"inLanguage\":\"it-IT\",\"@id\":\"https:\/\/www.uilscuolaemiliaromagna.it\/public\/er\/#\/schema\/person\/image\/\",\"url\":\"https:\/\/secure.gravatar.com\/avatar\/aebf815ae2f30ffdae8b8c247273d34c?s=96&d=mm&r=g\",\"contentUrl\":\"https:\/\/secure.gravatar.com\/avatar\/aebf815ae2f30ffdae8b8c247273d34c?s=96&d=mm&r=g\",\"caption\":\"admin\"},\"url\":\"https:\/\/www.uilscuolaemiliaromagna.it\/public\/er\/author\/admin\/\"}]}<\/script>\r\n<!-- \/ Yoast SEO plugin. -->","yoast_head_json":{"title":"IRASE Emilia Romagna | Corso Outdoor education - Uil Scuola Emilia Romagna","robots":{"index":"index","follow":"follow","max-snippet":"max-snippet:-1","max-image-preview":"max-image-preview:large","max-video-preview":"max-video-preview:-1"},"canonical":"https:\/\/www.uilscuolaemiliaromagna.it\/public\/er\/2021\/08\/23\/irase-emilia-romagna-corso-outdoor-education\/","og_locale":"it_IT","og_type":"article","og_title":"IRASE Emilia Romagna | Corso Outdoor education - Uil Scuola Emilia Romagna","og_description":"L\u2019IRASE regionale Emilia Romagna, sezione periferica di IRASE Nazionale (Ente qualificato per la formazione del personale della Scuola \u2013 decreto MIUR prot. n. 1222 del &hellip;","og_url":"https:\/\/www.uilscuolaemiliaromagna.it\/public\/er\/2021\/08\/23\/irase-emilia-romagna-corso-outdoor-education\/","og_site_name":"Uil Scuola Emilia Romagna","article_published_time":"2021-08-23T19:47:34+00:00","article_modified_time":"2021-09-29T10:20:35+00:00","og_image":[{"width":800,"height":454,"url":"https:\/\/www.uilscuolaemiliaromagna.it\/public\/er\/wp-content\/uploads\/2021\/07\/Irase-EMILIA-ROMAGNA.jpg","type":"image\/jpeg"}],"author":"admin","twitter_card":"summary_large_image","twitter_misc":{"Scritto da":"admin","Tempo di lettura stimato":"3 minuti"},"schema":{"@context":"https:\/\/schema.org","@graph":[{"@type":"Article","@id":"https:\/\/www.uilscuolaemiliaromagna.it\/public\/er\/2021\/08\/23\/irase-emilia-romagna-corso-outdoor-education\/#article","isPartOf":{"@id":"https:\/\/www.uilscuolaemiliaromagna.it\/public\/er\/2021\/08\/23\/irase-emilia-romagna-corso-outdoor-education\/"},"author":{"name":"admin","@id":"https:\/\/www.uilscuolaemiliaromagna.it\/public\/er\/#\/schema\/person\/f42878fd07a4b6ba2b7153d4fad5de5e"},"headline":"IRASE Emilia Romagna | Corso Outdoor education","datePublished":"2021-08-23T19:47:34+00:00","dateModified":"2021-09-29T10:20:35+00:00","mainEntityOfPage":{"@id":"https:\/\/www.uilscuolaemiliaromagna.it\/public\/er\/2021\/08\/23\/irase-emilia-romagna-corso-outdoor-education\/"},"wordCount":453,"publisher":{"@id":"https:\/\/www.uilscuolaemiliaromagna.it\/public\/er\/#organization"},"articleSection":["Formazione","Notizie"],"inLanguage":"it-IT"},{"@type":"WebPage","@id":"https:\/\/www.uilscuolaemiliaromagna.it\/public\/er\/2021\/08\/23\/irase-emilia-romagna-corso-outdoor-education\/","url":"https:\/\/www.uilscuolaemiliaromagna.it\/public\/er\/2021\/08\/23\/irase-emilia-romagna-corso-outdoor-education\/","name":"IRASE Emilia Romagna | Corso Outdoor education - Uil Scuola Emilia Romagna","isPartOf":{"@id":"https:\/\/www.uilscuolaemiliaromagna.it\/public\/er\/#website"},"datePublished":"2021-08-23T19:47:34+00:00","dateModified":"2021-09-29T10:20:35+00:00","breadcrumb":{"@id":"https:\/\/www.uilscuolaemiliaromagna.it\/public\/er\/2021\/08\/23\/irase-emilia-romagna-corso-outdoor-education\/#breadcrumb"},"inLanguage":"it-IT","potentialAction":[{"@type":"ReadAction","target":["https:\/\/www.uilscuolaemiliaromagna.it\/public\/er\/2021\/08\/23\/irase-emilia-romagna-corso-outdoor-education\/"]}]},{"@type":"BreadcrumbList","@id":"https:\/\/www.uilscuolaemiliaromagna.it\/public\/er\/2021\/08\/23\/irase-emilia-romagna-corso-outdoor-education\/#breadcrumb","itemListElement":[{"@type":"ListItem","position":1,"name":"Home","item":"https:\/\/www.uilscuolaemiliaromagna.it\/public\/er\/"},{"@type":"ListItem","position":2,"name":"IRASE Emilia Romagna | Corso Outdoor education"}]},{"@type":"WebSite","@id":"https:\/\/www.uilscuolaemiliaromagna.it\/public\/er\/#website","url":"https:\/\/www.uilscuolaemiliaromagna.it\/public\/er\/","name":"Uil Scuola Emilia Romagna","description":"La voce libera della scuola","publisher":{"@id":"https:\/\/www.uilscuolaemiliaromagna.it\/public\/er\/#organization"},"potentialAction":[{"@type":"SearchAction","target":{"@type":"EntryPoint","urlTemplate":"https:\/\/www.uilscuolaemiliaromagna.it\/public\/er\/?s={search_term_string}"},"query-input":"required name=search_term_string"}],"inLanguage":"it-IT"},{"@type":"Organization","@id":"https:\/\/www.uilscuolaemiliaromagna.it\/public\/er\/#organization","name":"Uil Scuola Emilia Romagna","url":"https:\/\/www.uilscuolaemiliaromagna.it\/public\/er\/","logo":{"@type":"ImageObject","inLanguage":"it-IT","@id":"https:\/\/www.uilscuolaemiliaromagna.it\/public\/er\/#\/schema\/logo\/image\/","url":"https:\/\/www.uilscuolaemiliaromagna.it\/public\/er\/wp-content\/uploads\/2017\/04\/cropped-header.png","contentUrl":"https:\/\/www.uilscuolaemiliaromagna.it\/public\/er\/wp-content\/uploads\/2017\/04\/cropped-header.png","width":1000,"height":150,"caption":"Uil Scuola Emilia Romagna"},"image":{"@id":"https:\/\/www.uilscuolaemiliaromagna.it\/public\/er\/#\/schema\/logo\/image\/"}},{"@type":"Person","@id":"https:\/\/www.uilscuolaemiliaromagna.it\/public\/er\/#\/schema\/person\/f42878fd07a4b6ba2b7153d4fad5de5e","name":"admin","image":{"@type":"ImageObject","inLanguage":"it-IT","@id":"https:\/\/www.uilscuolaemiliaromagna.it\/public\/er\/#\/schema\/person\/image\/","url":"https:\/\/secure.gravatar.com\/avatar\/aebf815ae2f30ffdae8b8c247273d34c?s=96&d=mm&r=g","contentUrl":"https:\/\/secure.gravatar.com\/avatar\/aebf815ae2f30ffdae8b8c247273d34c?s=96&d=mm&r=g","caption":"admin"},"url":"https:\/\/www.uilscuolaemiliaromagna.it\/public\/er\/author\/admin\/"}]}},"views":3125,"_links":{"self":[{"href":"https:\/\/www.uilscuolaemiliaromagna.it\/public\/er\/wp-json\/wp\/v2\/posts\/8642"}],"collection":[{"href":"https:\/\/www.uilscuolaemiliaromagna.it\/public\/er\/wp-json\/wp\/v2\/posts"}],"about":[{"href":"https:\/\/www.uilscuolaemiliaromagna.it\/public\/er\/wp-json\/wp\/v2\/types\/post"}],"author":[{"embeddable":true,"href":"https:\/\/www.uilscuolaemiliaromagna.it\/public\/er\/wp-json\/wp\/v2\/users\/1"}],"replies":[{"embeddable":true,"href":"https:\/\/www.uilscuolaemiliaromagna.it\/public\/er\/wp-json\/wp\/v2\/comments?post=8642"}],"version-history":[{"count":3,"href":"https:\/\/www.uilscuolaemiliaromagna.it\/public\/er\/wp-json\/wp\/v2\/posts\/8642\/revisions"}],"predecessor-version":[{"id":8659,"href":"https:\/\/www.uilscuolaemiliaromagna.it\/public\/er\/wp-json\/wp\/v2\/posts\/8642\/revisions\/8659"}],"wp:featuredmedia":[{"embeddable":true,"href":"https:\/\/www.uilscuolaemiliaromagna.it\/public\/er\/wp-json\/wp\/v2\/media\/8634"}],"wp:attachment":[{"href":"https:\/\/www.uilscuolaemiliaromagna.it\/public\/er\/wp-json\/wp\/v2\/media?parent=8642"}],"wp:term":[{"taxonomy":"category","embeddable":true,"href":"https:\/\/www.uilscuolaemiliaromagna.it\/public\/er\/wp-json\/wp\/v2\/categories?post=8642"},{"taxonomy":"post_tag","embeddable":true,"href":"https:\/\/www.uilscuolaemiliaromagna.it\/public\/er\/wp-json\/wp\/v2\/tags?post=8642"}],"curies":[{"name":"wp","href":"https:\/\/api.w.org\/{rel}","templated":true}]}}