{"id":8647,"date":"2021-08-02T22:24:02","date_gmt":"2021-08-02T20:24:02","guid":{"rendered":"http:\/\/www.uilscuolaemiliaromagna.it\/public\/er\/?p=8647"},"modified":"2021-08-02T22:24:02","modified_gmt":"2021-08-02T20:24:02","slug":"usr-emilia-romagna-immissioni-in-ruolo-personale-docente-a-s-2021-22-c-d-c-a026-a041-concorso-stem","status":"publish","type":"post","link":"https:\/\/www.uilscuolaemiliaromagna.it\/public\/er\/2021\/08\/02\/usr-emilia-romagna-immissioni-in-ruolo-personale-docente-a-s-2021-22-c-d-c-a026-a041-concorso-stem\/","title":{"rendered":"USR Emilia Romagna | Immissioni in ruolo personale docente a.s 2021\/22\u2013c.d.c. A026-A041 CONCORSO STEM"},"content":{"rendered":"<p style=\"text-align: justify;\">Al seguente link l\u2019avviso pubblicato sul sito internet dell&#8217;USR ER prot. n. 17981 del 02\/08\/2021 relativo alle operazioni finalizzate all\u2019assunzione del personale docente con contratto a tempo indeterminato dal CONCORSO STEM con riguardo alle CLASSI DI CONCORSO A026 e A041 \u2013 Anno scolastico 2021\/22<\/p>\n<p style=\"text-align: justify;\">I candidati,\u00a0<strong><em>a partire da oggi 02\/08\/2021 e fino alle ore 10 di mercoled\u00ec 04\/08\/2021<\/em><\/strong>\u00a0dovranno inviare all\u2019Ufficio scolastico regionale per l\u2019Emilia-Romagna, via mail, all\u2019indirizzo drer.ufficio1@istruzione.it l\u2019elenco con l\u2019indicazione di tutte le province in ordine di preferenza, corredato da copia di un documento di identit\u00e0 in corso di validit\u00e0 del richiedente, utilizzando il modello allegato. Nella mail occorrer\u00e0 specificare il seguente oggetto \u201cRUOLO DA CONCORSO STEM: ____________ (cognome e nome candidato\/a), posizione n._______, __________________ (classe di concorso) \u2013 Elenco preferenziale province\u201d.<\/p>\n<p style=\"text-align: justify;\">Gli aspiranti non interessati alla nomina potranno far pervenire rinuncia scritta, corredata da copia del documento di identit\u00e0 in corso di validit\u00e0, tramite all\u2019indirizzo drer.ufficio1@istruzione.it, specificando nell\u2019oggetto: \u201cRINUNCIA RUOLO DA CONCORSO STEM: ____________ (cognome e nome candidato\/a), __________________ (classe di concorso)\u201d.<\/p>\n<ul>\n<li><a href=\"https:\/\/www.istruzioneer.gov.it\/2021\/08\/02\/immissioni-in-ruolo-personale-docente-a-s-2021-22-c-d-c-a026-a041-concorso-stem\/\" target=\"_blank\" rel=\"noopener noreferrer\">mmissioni in ruolo personale docente a.s 2021\/22\u2013c.d.c. A026-A041 CONCORSO STEM<\/a><\/li>\n<li><a href=\"https:\/\/www.uilscuolaemiliaromagna.it\/public\/er\/wp-content\/uploads\/2021\/08\/m_pi.AOODRER.REGISTRO-UFFICIALEU.0017981.02-08-2021.pdf\" target=\"_blank\" rel=\"noopener noreferrer\">m_pi.AOODRER.REGISTRO-UFFICIALEU.0017981.02-08-2021<\/a><\/li>\n<\/ul>\n<p>&nbsp;<\/p>\n<h6>fonte:\u00a0<a href=\"https:\/\/www.istruzioneer.gov.it\/2021\/08\/02\/immissioni-in-ruolo-personale-docente-a-s-2021-22-c-d-c-a026-a041-concorso-stem\/\" target=\"_blank\" rel=\"noopener noreferrer\">USR Emilia Romagna<\/a><\/h6>\n\n<div class=\"twitter-share\"><a href=\"https:\/\/twitter.com\/intent\/tweet?via=UILScuolaBO_ER\" class=\"twitter-share-button\" data-size=\"large\">Tweet<\/a><\/div>\n","protected":false},"excerpt":{"rendered":"<p>Al seguente link l\u2019avviso pubblicato sul sito internet dell&#8217;USR ER prot. n. 17981 del 02\/08\/2021 relativo alle operazioni finalizzate all\u2019assunzione del personale docente con contratto &hellip; <\/p>\n","protected":false},"author":1,"featured_media":6822,"comment_status":"closed","ping_status":"open","sticky":false,"template":"","format":"standard","meta":{"footnotes":""},"categories":[12,6],"tags":[],"yoast_head":"<!-- This site is optimized with the Yoast SEO plugin v21.7 - https:\/\/yoast.com\/wordpress\/plugins\/seo\/ -->\r\n<title>USR Emilia Romagna | Immissioni in ruolo personale docente a.s 2021\/22\u2013c.d.c. A026-A041 CONCORSO STEM - Uil Scuola Emilia Romagna<\/title>\r\n<meta name=\"robots\" content=\"index, follow, max-snippet:-1, max-image-preview:large, max-video-preview:-1\" \/>\r\n<link rel=\"canonical\" href=\"https:\/\/www.uilscuolaemiliaromagna.it\/public\/er\/2021\/08\/02\/usr-emilia-romagna-immissioni-in-ruolo-personale-docente-a-s-2021-22-c-d-c-a026-a041-concorso-stem\/\" \/>\r\n<meta property=\"og:locale\" content=\"it_IT\" \/>\r\n<meta property=\"og:type\" content=\"article\" \/>\r\n<meta property=\"og:title\" content=\"USR Emilia Romagna | Immissioni in ruolo personale docente a.s 2021\/22\u2013c.d.c. A026-A041 CONCORSO STEM - Uil Scuola Emilia Romagna\" \/>\r\n<meta property=\"og:description\" content=\"Al seguente link l\u2019avviso pubblicato sul sito internet dell&#8217;USR ER prot. n. 17981 del 02\/08\/2021 relativo alle operazioni finalizzate all\u2019assunzione del personale docente con contratto &hellip;\" \/>\r\n<meta property=\"og:url\" content=\"https:\/\/www.uilscuolaemiliaromagna.it\/public\/er\/2021\/08\/02\/usr-emilia-romagna-immissioni-in-ruolo-personale-docente-a-s-2021-22-c-d-c-a026-a041-concorso-stem\/\" \/>\r\n<meta property=\"og:site_name\" content=\"Uil Scuola Emilia Romagna\" \/>\r\n<meta property=\"article:published_time\" content=\"2021-08-02T20:24:02+00:00\" \/>\r\n<meta property=\"og:image\" content=\"https:\/\/www.uilscuolaemiliaromagna.it\/public\/er\/wp-content\/uploads\/2020\/10\/docenti-4.jpg\" \/>\r\n\t<meta property=\"og:image:width\" content=\"800\" \/>\r\n\t<meta property=\"og:image:height\" content=\"500\" \/>\r\n\t<meta property=\"og:image:type\" content=\"image\/jpeg\" \/>\r\n<meta name=\"author\" content=\"admin\" \/>\r\n<meta name=\"twitter:card\" content=\"summary_large_image\" \/>\r\n<meta name=\"twitter:label1\" content=\"Scritto da\" \/>\n\t<meta name=\"twitter:data1\" content=\"admin\" \/>\n\t<meta name=\"twitter:label2\" content=\"Tempo di lettura stimato\" \/>\n\t<meta name=\"twitter:data2\" content=\"1 minuto\" \/>\r\n<script type=\"application\/ld+json\" class=\"yoast-schema-graph\">{\"@context\":\"https:\/\/schema.org\",\"@graph\":[{\"@type\":\"Article\",\"@id\":\"https:\/\/www.uilscuolaemiliaromagna.it\/public\/er\/2021\/08\/02\/usr-emilia-romagna-immissioni-in-ruolo-personale-docente-a-s-2021-22-c-d-c-a026-a041-concorso-stem\/#article\",\"isPartOf\":{\"@id\":\"https:\/\/www.uilscuolaemiliaromagna.it\/public\/er\/2021\/08\/02\/usr-emilia-romagna-immissioni-in-ruolo-personale-docente-a-s-2021-22-c-d-c-a026-a041-concorso-stem\/\"},\"author\":{\"name\":\"admin\",\"@id\":\"https:\/\/www.uilscuolaemiliaromagna.it\/public\/er\/#\/schema\/person\/f42878fd07a4b6ba2b7153d4fad5de5e\"},\"headline\":\"USR Emilia Romagna | Immissioni in ruolo personale docente a.s 2021\/22\u2013c.d.c. A026-A041 CONCORSO STEM\",\"datePublished\":\"2021-08-02T20:24:02+00:00\",\"dateModified\":\"2021-08-02T20:24:02+00:00\",\"mainEntityOfPage\":{\"@id\":\"https:\/\/www.uilscuolaemiliaromagna.it\/public\/er\/2021\/08\/02\/usr-emilia-romagna-immissioni-in-ruolo-personale-docente-a-s-2021-22-c-d-c-a026-a041-concorso-stem\/\"},\"wordCount\":213,\"publisher\":{\"@id\":\"https:\/\/www.uilscuolaemiliaromagna.it\/public\/er\/#organization\"},\"articleSection\":[\"Notizie\",\"Personale Docente\"],\"inLanguage\":\"it-IT\"},{\"@type\":\"WebPage\",\"@id\":\"https:\/\/www.uilscuolaemiliaromagna.it\/public\/er\/2021\/08\/02\/usr-emilia-romagna-immissioni-in-ruolo-personale-docente-a-s-2021-22-c-d-c-a026-a041-concorso-stem\/\",\"url\":\"https:\/\/www.uilscuolaemiliaromagna.it\/public\/er\/2021\/08\/02\/usr-emilia-romagna-immissioni-in-ruolo-personale-docente-a-s-2021-22-c-d-c-a026-a041-concorso-stem\/\",\"name\":\"USR Emilia Romagna | Immissioni in ruolo personale docente a.s 2021\/22\u2013c.d.c. A026-A041 CONCORSO STEM - Uil Scuola Emilia Romagna\",\"isPartOf\":{\"@id\":\"https:\/\/www.uilscuolaemiliaromagna.it\/public\/er\/#website\"},\"datePublished\":\"2021-08-02T20:24:02+00:00\",\"dateModified\":\"2021-08-02T20:24:02+00:00\",\"breadcrumb\":{\"@id\":\"https:\/\/www.uilscuolaemiliaromagna.it\/public\/er\/2021\/08\/02\/usr-emilia-romagna-immissioni-in-ruolo-personale-docente-a-s-2021-22-c-d-c-a026-a041-concorso-stem\/#breadcrumb\"},\"inLanguage\":\"it-IT\",\"potentialAction\":[{\"@type\":\"ReadAction\",\"target\":[\"https:\/\/www.uilscuolaemiliaromagna.it\/public\/er\/2021\/08\/02\/usr-emilia-romagna-immissioni-in-ruolo-personale-docente-a-s-2021-22-c-d-c-a026-a041-concorso-stem\/\"]}]},{\"@type\":\"BreadcrumbList\",\"@id\":\"https:\/\/www.uilscuolaemiliaromagna.it\/public\/er\/2021\/08\/02\/usr-emilia-romagna-immissioni-in-ruolo-personale-docente-a-s-2021-22-c-d-c-a026-a041-concorso-stem\/#breadcrumb\",\"itemListElement\":[{\"@type\":\"ListItem\",\"position\":1,\"name\":\"Home\",\"item\":\"https:\/\/www.uilscuolaemiliaromagna.it\/public\/er\/\"},{\"@type\":\"ListItem\",\"position\":2,\"name\":\"USR Emilia Romagna | Immissioni in ruolo personale docente a.s 2021\/22\u2013c.d.c. A026-A041 CONCORSO STEM\"}]},{\"@type\":\"WebSite\",\"@id\":\"https:\/\/www.uilscuolaemiliaromagna.it\/public\/er\/#website\",\"url\":\"https:\/\/www.uilscuolaemiliaromagna.it\/public\/er\/\",\"name\":\"Uil Scuola Emilia Romagna\",\"description\":\"La voce libera della scuola\",\"publisher\":{\"@id\":\"https:\/\/www.uilscuolaemiliaromagna.it\/public\/er\/#organization\"},\"potentialAction\":[{\"@type\":\"SearchAction\",\"target\":{\"@type\":\"EntryPoint\",\"urlTemplate\":\"https:\/\/www.uilscuolaemiliaromagna.it\/public\/er\/?s={search_term_string}\"},\"query-input\":\"required name=search_term_string\"}],\"inLanguage\":\"it-IT\"},{\"@type\":\"Organization\",\"@id\":\"https:\/\/www.uilscuolaemiliaromagna.it\/public\/er\/#organization\",\"name\":\"Uil Scuola Emilia Romagna\",\"url\":\"https:\/\/www.uilscuolaemiliaromagna.it\/public\/er\/\",\"logo\":{\"@type\":\"ImageObject\",\"inLanguage\":\"it-IT\",\"@id\":\"https:\/\/www.uilscuolaemiliaromagna.it\/public\/er\/#\/schema\/logo\/image\/\",\"url\":\"https:\/\/www.uilscuolaemiliaromagna.it\/public\/er\/wp-content\/uploads\/2017\/04\/cropped-header.png\",\"contentUrl\":\"https:\/\/www.uilscuolaemiliaromagna.it\/public\/er\/wp-content\/uploads\/2017\/04\/cropped-header.png\",\"width\":1000,\"height\":150,\"caption\":\"Uil Scuola Emilia Romagna\"},\"image\":{\"@id\":\"https:\/\/www.uilscuolaemiliaromagna.it\/public\/er\/#\/schema\/logo\/image\/\"}},{\"@type\":\"Person\",\"@id\":\"https:\/\/www.uilscuolaemiliaromagna.it\/public\/er\/#\/schema\/person\/f42878fd07a4b6ba2b7153d4fad5de5e\",\"name\":\"admin\",\"image\":{\"@type\":\"ImageObject\",\"inLanguage\":\"it-IT\",\"@id\":\"https:\/\/www.uilscuolaemiliaromagna.it\/public\/er\/#\/schema\/person\/image\/\",\"url\":\"https:\/\/secure.gravatar.com\/avatar\/aebf815ae2f30ffdae8b8c247273d34c?s=96&d=mm&r=g\",\"contentUrl\":\"https:\/\/secure.gravatar.com\/avatar\/aebf815ae2f30ffdae8b8c247273d34c?s=96&d=mm&r=g\",\"caption\":\"admin\"},\"url\":\"https:\/\/www.uilscuolaemiliaromagna.it\/public\/er\/author\/admin\/\"}]}<\/script>\r\n<!-- \/ Yoast SEO plugin. -->","yoast_head_json":{"title":"USR Emilia Romagna | Immissioni in ruolo personale docente a.s 2021\/22\u2013c.d.c. A026-A041 CONCORSO STEM - Uil Scuola Emilia Romagna","robots":{"index":"index","follow":"follow","max-snippet":"max-snippet:-1","max-image-preview":"max-image-preview:large","max-video-preview":"max-video-preview:-1"},"canonical":"https:\/\/www.uilscuolaemiliaromagna.it\/public\/er\/2021\/08\/02\/usr-emilia-romagna-immissioni-in-ruolo-personale-docente-a-s-2021-22-c-d-c-a026-a041-concorso-stem\/","og_locale":"it_IT","og_type":"article","og_title":"USR Emilia Romagna | Immissioni in ruolo personale docente a.s 2021\/22\u2013c.d.c. A026-A041 CONCORSO STEM - Uil Scuola Emilia Romagna","og_description":"Al seguente link l\u2019avviso pubblicato sul sito internet dell&#8217;USR ER prot. n. 17981 del 02\/08\/2021 relativo alle operazioni finalizzate all\u2019assunzione del personale docente con contratto &hellip;","og_url":"https:\/\/www.uilscuolaemiliaromagna.it\/public\/er\/2021\/08\/02\/usr-emilia-romagna-immissioni-in-ruolo-personale-docente-a-s-2021-22-c-d-c-a026-a041-concorso-stem\/","og_site_name":"Uil Scuola Emilia Romagna","article_published_time":"2021-08-02T20:24:02+00:00","og_image":[{"width":800,"height":500,"url":"https:\/\/www.uilscuolaemiliaromagna.it\/public\/er\/wp-content\/uploads\/2020\/10\/docenti-4.jpg","type":"image\/jpeg"}],"author":"admin","twitter_card":"summary_large_image","twitter_misc":{"Scritto da":"admin","Tempo di lettura stimato":"1 minuto"},"schema":{"@context":"https:\/\/schema.org","@graph":[{"@type":"Article","@id":"https:\/\/www.uilscuolaemiliaromagna.it\/public\/er\/2021\/08\/02\/usr-emilia-romagna-immissioni-in-ruolo-personale-docente-a-s-2021-22-c-d-c-a026-a041-concorso-stem\/#article","isPartOf":{"@id":"https:\/\/www.uilscuolaemiliaromagna.it\/public\/er\/2021\/08\/02\/usr-emilia-romagna-immissioni-in-ruolo-personale-docente-a-s-2021-22-c-d-c-a026-a041-concorso-stem\/"},"author":{"name":"admin","@id":"https:\/\/www.uilscuolaemiliaromagna.it\/public\/er\/#\/schema\/person\/f42878fd07a4b6ba2b7153d4fad5de5e"},"headline":"USR Emilia Romagna | Immissioni in ruolo personale docente a.s 2021\/22\u2013c.d.c. A026-A041 CONCORSO STEM","datePublished":"2021-08-02T20:24:02+00:00","dateModified":"2021-08-02T20:24:02+00:00","mainEntityOfPage":{"@id":"https:\/\/www.uilscuolaemiliaromagna.it\/public\/er\/2021\/08\/02\/usr-emilia-romagna-immissioni-in-ruolo-personale-docente-a-s-2021-22-c-d-c-a026-a041-concorso-stem\/"},"wordCount":213,"publisher":{"@id":"https:\/\/www.uilscuolaemiliaromagna.it\/public\/er\/#organization"},"articleSection":["Notizie","Personale Docente"],"inLanguage":"it-IT"},{"@type":"WebPage","@id":"https:\/\/www.uilscuolaemiliaromagna.it\/public\/er\/2021\/08\/02\/usr-emilia-romagna-immissioni-in-ruolo-personale-docente-a-s-2021-22-c-d-c-a026-a041-concorso-stem\/","url":"https:\/\/www.uilscuolaemiliaromagna.it\/public\/er\/2021\/08\/02\/usr-emilia-romagna-immissioni-in-ruolo-personale-docente-a-s-2021-22-c-d-c-a026-a041-concorso-stem\/","name":"USR Emilia Romagna | Immissioni in ruolo personale docente a.s 2021\/22\u2013c.d.c. A026-A041 CONCORSO STEM - Uil Scuola Emilia Romagna","isPartOf":{"@id":"https:\/\/www.uilscuolaemiliaromagna.it\/public\/er\/#website"},"datePublished":"2021-08-02T20:24:02+00:00","dateModified":"2021-08-02T20:24:02+00:00","breadcrumb":{"@id":"https:\/\/www.uilscuolaemiliaromagna.it\/public\/er\/2021\/08\/02\/usr-emilia-romagna-immissioni-in-ruolo-personale-docente-a-s-2021-22-c-d-c-a026-a041-concorso-stem\/#breadcrumb"},"inLanguage":"it-IT","potentialAction":[{"@type":"ReadAction","target":["https:\/\/www.uilscuolaemiliaromagna.it\/public\/er\/2021\/08\/02\/usr-emilia-romagna-immissioni-in-ruolo-personale-docente-a-s-2021-22-c-d-c-a026-a041-concorso-stem\/"]}]},{"@type":"BreadcrumbList","@id":"https:\/\/www.uilscuolaemiliaromagna.it\/public\/er\/2021\/08\/02\/usr-emilia-romagna-immissioni-in-ruolo-personale-docente-a-s-2021-22-c-d-c-a026-a041-concorso-stem\/#breadcrumb","itemListElement":[{"@type":"ListItem","position":1,"name":"Home","item":"https:\/\/www.uilscuolaemiliaromagna.it\/public\/er\/"},{"@type":"ListItem","position":2,"name":"USR Emilia Romagna | Immissioni in ruolo personale docente a.s 2021\/22\u2013c.d.c. A026-A041 CONCORSO STEM"}]},{"@type":"WebSite","@id":"https:\/\/www.uilscuolaemiliaromagna.it\/public\/er\/#website","url":"https:\/\/www.uilscuolaemiliaromagna.it\/public\/er\/","name":"Uil Scuola Emilia Romagna","description":"La voce libera della scuola","publisher":{"@id":"https:\/\/www.uilscuolaemiliaromagna.it\/public\/er\/#organization"},"potentialAction":[{"@type":"SearchAction","target":{"@type":"EntryPoint","urlTemplate":"https:\/\/www.uilscuolaemiliaromagna.it\/public\/er\/?s={search_term_string}"},"query-input":"required name=search_term_string"}],"inLanguage":"it-IT"},{"@type":"Organization","@id":"https:\/\/www.uilscuolaemiliaromagna.it\/public\/er\/#organization","name":"Uil Scuola Emilia Romagna","url":"https:\/\/www.uilscuolaemiliaromagna.it\/public\/er\/","logo":{"@type":"ImageObject","inLanguage":"it-IT","@id":"https:\/\/www.uilscuolaemiliaromagna.it\/public\/er\/#\/schema\/logo\/image\/","url":"https:\/\/www.uilscuolaemiliaromagna.it\/public\/er\/wp-content\/uploads\/2017\/04\/cropped-header.png","contentUrl":"https:\/\/www.uilscuolaemiliaromagna.it\/public\/er\/wp-content\/uploads\/2017\/04\/cropped-header.png","width":1000,"height":150,"caption":"Uil Scuola Emilia Romagna"},"image":{"@id":"https:\/\/www.uilscuolaemiliaromagna.it\/public\/er\/#\/schema\/logo\/image\/"}},{"@type":"Person","@id":"https:\/\/www.uilscuolaemiliaromagna.it\/public\/er\/#\/schema\/person\/f42878fd07a4b6ba2b7153d4fad5de5e","name":"admin","image":{"@type":"ImageObject","inLanguage":"it-IT","@id":"https:\/\/www.uilscuolaemiliaromagna.it\/public\/er\/#\/schema\/person\/image\/","url":"https:\/\/secure.gravatar.com\/avatar\/aebf815ae2f30ffdae8b8c247273d34c?s=96&d=mm&r=g","contentUrl":"https:\/\/secure.gravatar.com\/avatar\/aebf815ae2f30ffdae8b8c247273d34c?s=96&d=mm&r=g","caption":"admin"},"url":"https:\/\/www.uilscuolaemiliaromagna.it\/public\/er\/author\/admin\/"}]}},"views":754,"_links":{"self":[{"href":"https:\/\/www.uilscuolaemiliaromagna.it\/public\/er\/wp-json\/wp\/v2\/posts\/8647"}],"collection":[{"href":"https:\/\/www.uilscuolaemiliaromagna.it\/public\/er\/wp-json\/wp\/v2\/posts"}],"about":[{"href":"https:\/\/www.uilscuolaemiliaromagna.it\/public\/er\/wp-json\/wp\/v2\/types\/post"}],"author":[{"embeddable":true,"href":"https:\/\/www.uilscuolaemiliaromagna.it\/public\/er\/wp-json\/wp\/v2\/users\/1"}],"replies":[{"embeddable":true,"href":"https:\/\/www.uilscuolaemiliaromagna.it\/public\/er\/wp-json\/wp\/v2\/comments?post=8647"}],"version-history":[{"count":1,"href":"https:\/\/www.uilscuolaemiliaromagna.it\/public\/er\/wp-json\/wp\/v2\/posts\/8647\/revisions"}],"predecessor-version":[{"id":8649,"href":"https:\/\/www.uilscuolaemiliaromagna.it\/public\/er\/wp-json\/wp\/v2\/posts\/8647\/revisions\/8649"}],"wp:featuredmedia":[{"embeddable":true,"href":"https:\/\/www.uilscuolaemiliaromagna.it\/public\/er\/wp-json\/wp\/v2\/media\/6822"}],"wp:attachment":[{"href":"https:\/\/www.uilscuolaemiliaromagna.it\/public\/er\/wp-json\/wp\/v2\/media?parent=8647"}],"wp:term":[{"taxonomy":"category","embeddable":true,"href":"https:\/\/www.uilscuolaemiliaromagna.it\/public\/er\/wp-json\/wp\/v2\/categories?post=8647"},{"taxonomy":"post_tag","embeddable":true,"href":"https:\/\/www.uilscuolaemiliaromagna.it\/public\/er\/wp-json\/wp\/v2\/tags?post=8647"}],"curies":[{"name":"wp","href":"https:\/\/api.w.org\/{rel}","templated":true}]}}