{"id":8667,"date":"2021-08-03T22:04:29","date_gmt":"2021-08-03T20:04:29","guid":{"rendered":"http:\/\/www.uilscuolaemiliaromagna.it\/public\/er\/?p=8667"},"modified":"2021-08-03T22:04:29","modified_gmt":"2021-08-03T20:04:29","slug":"procedura-online-gps-i-fascia-e-supplenze-il-resoconto-dellincontro-ministero-sindacati","status":"publish","type":"post","link":"https:\/\/www.uilscuolaemiliaromagna.it\/public\/er\/2021\/08\/03\/procedura-online-gps-i-fascia-e-supplenze-il-resoconto-dellincontro-ministero-sindacati\/","title":{"rendered":"Procedura online GPS I Fascia e Supplenze: il resoconto dell\u2019incontro Ministero-Sindacati"},"content":{"rendered":"<h3 style=\"text-align: justify;\"><strong>Procedura online GPS I Fascia e Supplenze al 31\/8 e 30\/6 (da GAE e GPS): dal 5 al 16 agosto apertura funzioni. Solo il 10 la pubblicazione delle disponibilit\u00e0. Continua la pressione della UIL Scuola per rivendicare la tutela dei diritti dei lavoratori. Solo la chiarezza e la trasparenza delle operazioni tutelano i diritti dei docenti che non possono essere messi in discussione dalla fretta della politica.<\/strong><\/h3>\n<p style=\"text-align: justify;\">La procedura online per il personale docente per le supplenze annuali e fino al termine delle attivit\u00e0 didattiche \u00e8 stato l\u2019argomento trattato nel corso dell\u2019incontro tra le organizzazioni sindacali e il Ministero dell\u2019istruzione. Il tutto \u00e8 avvenuto a seguito della richiesta di apertura del confronto richiesto unitariamente dalle organizzazioni sindacali.<\/p>\n<p style=\"text-align: justify;\">Per l\u2019Amministrazione erano presenti il\u00a0<strong>Dott. Versari<\/strong>, il\u00a0<strong>Dott. Serra<\/strong>\u00a0e la\u00a0<strong>Dott.ssa Alonzo<\/strong>.<\/p>\n<p style=\"text-align: justify;\">Per la\u00a0<strong>UIL Scuola<\/strong>\u00a0hanno partecipato\u00a0<strong>Paolo Pizzo, Mauro Panzieri<\/strong>\u00a0e\u00a0<strong>Pasquale Raimondo<\/strong>.<\/p>\n<p style=\"text-align: justify;\">A seguito dell\u2019incontro del 31 luglio, principalmente tecnico, durante il quale l\u2019Amministrazione ha illustrato la nuova piattaforma attraverso cui si svolgeranno le procedure informatizzate sul portale POLIS \u2013 istanze on line, sia per la procedura di assunzione da I fascia GPS (come previsto dal decreto sostegni bis), che per gli incarichi di supplenza al 30\/6 e 31\/8 del personale docente, \u00e8 stato immediatamente richiesto dalla\u00a0<strong>UIL Scuola<\/strong>, unitariamente alle altre organizzazioni sindacali, il confronto su tale materia, ai sensi dell\u2019art. 22 comma 8 del CCNL 2016\/18, al fine di affrontare e chiarire tutte le criticit\u00e0 emerse durante il precedente incontro onde evitare un\u2019ennesima stagione di contenziosi.<\/p>\n<h3 style=\"text-align: justify;\"><strong>Incarichi di supplenza al 30\/6 e 31\/8<\/strong><\/h3>\n<p style=\"text-align: justify;\">La procedura online riguarda tutti i docenti inseriti nelle\u00a0<strong>GAE<\/strong>\u00a0e nelle graduatorie provinciali per le supplenze (<strong>GPS<\/strong>) di prima fascia, elenchi aggiuntivi e di seconda fascia. Posti comuni e di sostegno.<\/p>\n<p style=\"text-align: justify;\">I docenti inseriti nelle GAE partecipano con priorit\u00e0 rispetto a quelli inseriti nelle GPS (si attinge infatti alle GPS solo se residuano posti dalle GAE).<\/p>\n<p style=\"text-align: justify;\">Secondo quanto riferito dall\u2019Amministrazione nel precedente incontro, ciascun aspirante\u00a0<strong>potr\u00e0 indicare fino a 100 preferenze tra puntuali<\/strong>\u00a0(scuole)<strong>\u00a0e sintetiche<\/strong>\u00a0(comuni e distretti) alternando scuole, comuni, distretti, posti, classi di concorso e tipologie di cattedra per le quali si concorre. Inoltre \u00e8 possibile richiedere anche spezzoni orario ed eventualmente chiedere il completamento cattedra.<\/p>\n<h3 style=\"text-align: justify;\"><strong>La UIL Scuola ha ribadito le criticit\u00e0 su tali operazioni e rivendicato le giuste soluzioni:<\/strong><\/h3>\n<p style=\"text-align: justify;\">\u2013\u00a0 E\u2019 innanzitutto necessario separare le procedure e operare in due momenti diversi: la procedura relativa all\u2019assunzione dalla I fascia GPS con contratto a tempo determinato finalizzata alle immissioni in ruolo (decreto sostegno bis) deve essere svolta prima e in modo completamente separato rispetto a quella per gli incarichi di supplenza al 30\/6 e 31\/8 da svolgersi in un successivo momento.<\/p>\n<p style=\"text-align: justify;\">\u00c8 da considerare che tanti docenti hanno diritto a partecipare ad entrambe le procedure, per cui la simultaneit\u00e0 di presentazione delle domande generer\u00e0 confusione con un elevato numero di errori che inevitabilmente comprometteranno il futuro lavorativo delle persone e genereranno inevitabili contenziosi.<\/p>\n<p style=\"text-align: justify;\">\u2013\u00a0 Prima della scelta online gli aspiranti hanno il diritto di conoscere le sedi disponibili cos\u00ec come avveniva con le convocazioni in presenza.<\/p>\n<p style=\"text-align: justify;\">Gli aspiranti, al momento della presentazione della domanda, hanno il diritto di conoscere le sedi disponibili cos\u00ec come avveniva quando le convocazioni si svolgevano in presenza per effettuare delle scelte consapevoli e non al buio.<\/p>\n<p style=\"text-align: justify;\">Non avendo a disposizione l\u2019elenco delle sedi disponibili, infatti, i docenti si troveranno a scegliere le stesse in modo casuale con il rischio, soprattutto nelle grandi province, di precludere le loro possibilit\u00e0 lavorative.<\/p>\n<p style=\"text-align: justify;\">Su tale punto la UIL Scuola ha chiesto che il sistema informatico intervenga permettendo all\u2019aspirante di visualizzare solo le sedi disponibili comprese quelle che hanno un completamento orario.<\/p>\n<p style=\"text-align: justify;\">A parere della UIL, su questo punto ci sarebbe anche la violazione dell\u2019art. 12 dell\u2019O.M. 60\/2020 in cui \u00e8 chiaramente specificato che \u201cAl fine di garantire il regolare e ordinato inizio delle lezioni, le operazioni di conferimento delle supplenze annuali o delle supplenze temporanee sino al termine delle attivit\u00e0 didattiche sono disposte annualmente assicurando preventivamente la pubblicizzazione nell\u2019albo e nel sito web di ciascun ambito territoriale provinciale:<\/p>\n<ol style=\"text-align: justify;\">\n<li><strong>a)\u00a0 del quadro complessivo delle disponibilit\u00e0 e delle relative sedi cui si riferiscono;<\/strong><\/li>\n<li><strong>b)\u00a0 del calendario delle convocazioni.<\/strong><\/li>\n<\/ol>\n<p style=\"text-align: justify;\">Per tali motivi \u00e8 necessario rinviare ad una data di scadenza successiva la procedura per l\u2019attribuzione delle supplenze annuali e fino al termine delle attivit\u00e0 didattiche, rispetto a quella relativa alle assunzioni da I fascia GPS (come previsto dal decreto sostegni bis), in modo che gli aspiranti possano avere un quadro completo anche delle sedi residuate e conoscere anche per tempo le disposizioni della circolare MI (istruzioni operative supplenze).<\/p>\n<p style=\"text-align: justify;\">In questo modo si darebbe anche il tempo ad ogni ufficio territoriale di pubblicarle contestualmente alle graduatorie aggiornate.<\/p>\n<h3 style=\"text-align: justify;\"><strong>Assunzioni GPS I fascia (Decreto Sostegni bis)<\/strong><\/h3>\n<p style=\"text-align: justify;\">La UIL Scuola ha ribadito la necessit\u00e0 di chiarire, da parte dell\u2019Amministrazione, con nota apposita, che\u00a0<strong>i docenti gi\u00e0 a tempo indeterminato assunti fino all\u2019a.s. 2019\/20 possano usufruire dell\u2019art. 36 del CCNL<\/strong>\u00a0per l\u2019attribuzione delle supplenze annuali finalizzate alle immissioni in ruolo che avverranno con un primi incarico a tempo determinato.<\/p>\n<p style=\"text-align: justify;\">Su questo punto, la UIL scuola ha sostenuto la posizione secondo la quale anche i docenti immessi i ruolo l\u2019a.s. 2020\/21 possono optare per l\u2019accettazione della nuova proposta, anche se a tempo determinato, nonostante la legge del blocco dei tre anni vieti l\u2019art. 36 (a meno che ovviamente non si rientri nelle particolari deroghe previste), perch\u00e9 si tratta di una procedura straordinaria e non \u00e8 possibile generare disparit\u00e0 di trattamento tra i docenti.<\/p>\n<h3 style=\"text-align: justify;\"><strong>La risposta dell\u2019Amministrazione<\/strong><\/h3>\n<p style=\"text-align: justify;\">L\u2019Amministrazione nel corso dell\u2019incontro ha comunicato che entro oggi ci sar\u00e0 la convocazione per l\u2019incontro sulla circolare annuale per le istruzioni operative per le supplenze che dovrebbe svolgersi nella giornata di domani.<\/p>\n<p style=\"text-align: justify;\">Sulla questione delle presentazione delle domande, per l\u2019Amministrazione le due operazioni non possono essere distinte come tempi, ma si svolgeranno congiuntamente.<\/p>\n<p style=\"text-align: justify;\">Sar\u00e0 poi il sistema a separare le operazioni: una volta concluse le istanze, gli uffici andranno a valutare prima le domande per la procedura dell\u2019assunzione della I fascia GPS (decreto sostegni bis).<\/p>\n<p style=\"text-align: justify;\">Una volta terminata questa fase, ci sar\u00e0 la valutazione e l\u2019estrazione delle domande per gli incarichi di supplenza.<\/p>\n<p style=\"text-align: justify;\">Ha inoltre comunicato che\u00a0<strong>dal 5 al 16 agosto saranno aperte le funzioni<\/strong>\u00a0(per entrambe le procedure) mentre solo\u00a0<strong>il 10 di agosto saranno pubblicate le disponibilit\u00e0 da parte degli Uffici<\/strong>\u00a0(per entrambe le procedure).<\/p>\n<p style=\"text-align: justify;\">Su questo punto la\u00a0<strong>UIL Scuola<\/strong>, insieme alle altre organizzazioni sindacali, ha chiesto che la data di apertura sia pi\u00f9 vicina possibile alla data del 10 agosto in modo che i docenti siano consapevoli della scelta delle sedi, come rivendicata dalla UIL scuola, e che la data di chiusura delle istanze sia posticipata rispetto al 16 agosto.<\/p>\n<p style=\"text-align: justify;\">Su questi punti l\u2019Amministrazione si \u00e8 riservata di accogliere le richieste.<\/p>\n<p style=\"text-align: justify;\">La UIL Scuola anche domani,\u00a0<strong>nell\u2019incontro che ci sar\u00e0 sulle istruzioni operative per le supplenze<\/strong>, ribadir\u00e0 la propria posizione al fine di tutelare i diritti di tutti i docenti.<\/p>\n\n<div class=\"twitter-share\"><a href=\"https:\/\/twitter.com\/intent\/tweet?via=UILScuolaBO_ER\" class=\"twitter-share-button\" data-size=\"large\">Tweet<\/a><\/div>\n","protected":false},"excerpt":{"rendered":"<p>Procedura online GPS I Fascia e Supplenze al 31\/8 e 30\/6 (da GAE e GPS): dal 5 al 16 agosto apertura funzioni. Solo il 10 &hellip; <\/p>\n","protected":false},"author":1,"featured_media":7987,"comment_status":"closed","ping_status":"open","sticky":false,"template":"","format":"standard","meta":{"footnotes":""},"categories":[12,6],"tags":[],"yoast_head":"<!-- This site is optimized with the Yoast SEO plugin v21.7 - https:\/\/yoast.com\/wordpress\/plugins\/seo\/ -->\r\n<title>Procedura online GPS I Fascia e Supplenze: il resoconto dell\u2019incontro Ministero-Sindacati - Uil Scuola Emilia Romagna<\/title>\r\n<meta name=\"robots\" content=\"index, follow, max-snippet:-1, max-image-preview:large, max-video-preview:-1\" \/>\r\n<link rel=\"canonical\" href=\"https:\/\/www.uilscuolaemiliaromagna.it\/public\/er\/2021\/08\/03\/procedura-online-gps-i-fascia-e-supplenze-il-resoconto-dellincontro-ministero-sindacati\/\" \/>\r\n<meta property=\"og:locale\" content=\"it_IT\" \/>\r\n<meta property=\"og:type\" content=\"article\" \/>\r\n<meta property=\"og:title\" content=\"Procedura online GPS I Fascia e Supplenze: il resoconto dell\u2019incontro Ministero-Sindacati - Uil Scuola Emilia Romagna\" \/>\r\n<meta property=\"og:description\" content=\"Procedura online GPS I Fascia e Supplenze al 31\/8 e 30\/6 (da GAE e GPS): dal 5 al 16 agosto apertura funzioni. Solo il 10 &hellip;\" \/>\r\n<meta property=\"og:url\" content=\"https:\/\/www.uilscuolaemiliaromagna.it\/public\/er\/2021\/08\/03\/procedura-online-gps-i-fascia-e-supplenze-il-resoconto-dellincontro-ministero-sindacati\/\" \/>\r\n<meta property=\"og:site_name\" content=\"Uil Scuola Emilia Romagna\" \/>\r\n<meta property=\"article:published_time\" content=\"2021-08-03T20:04:29+00:00\" \/>\r\n<meta property=\"og:image\" content=\"https:\/\/www.uilscuolaemiliaromagna.it\/public\/er\/wp-content\/uploads\/2021\/03\/Mobilita-docenti-2021.jpg\" \/>\r\n\t<meta property=\"og:image:width\" content=\"800\" \/>\r\n\t<meta property=\"og:image:height\" content=\"483\" \/>\r\n\t<meta property=\"og:image:type\" content=\"image\/jpeg\" \/>\r\n<meta name=\"author\" content=\"admin\" \/>\r\n<meta name=\"twitter:card\" content=\"summary_large_image\" \/>\r\n<meta name=\"twitter:label1\" content=\"Scritto da\" \/>\n\t<meta name=\"twitter:data1\" content=\"admin\" \/>\n\t<meta name=\"twitter:label2\" content=\"Tempo di lettura stimato\" \/>\n\t<meta name=\"twitter:data2\" content=\"6 minuti\" \/>\r\n<script type=\"application\/ld+json\" class=\"yoast-schema-graph\">{\"@context\":\"https:\/\/schema.org\",\"@graph\":[{\"@type\":\"Article\",\"@id\":\"https:\/\/www.uilscuolaemiliaromagna.it\/public\/er\/2021\/08\/03\/procedura-online-gps-i-fascia-e-supplenze-il-resoconto-dellincontro-ministero-sindacati\/#article\",\"isPartOf\":{\"@id\":\"https:\/\/www.uilscuolaemiliaromagna.it\/public\/er\/2021\/08\/03\/procedura-online-gps-i-fascia-e-supplenze-il-resoconto-dellincontro-ministero-sindacati\/\"},\"author\":{\"name\":\"admin\",\"@id\":\"https:\/\/www.uilscuolaemiliaromagna.it\/public\/er\/#\/schema\/person\/f42878fd07a4b6ba2b7153d4fad5de5e\"},\"headline\":\"Procedura online GPS I Fascia e Supplenze: il resoconto dell\u2019incontro Ministero-Sindacati\",\"datePublished\":\"2021-08-03T20:04:29+00:00\",\"dateModified\":\"2021-08-03T20:04:29+00:00\",\"mainEntityOfPage\":{\"@id\":\"https:\/\/www.uilscuolaemiliaromagna.it\/public\/er\/2021\/08\/03\/procedura-online-gps-i-fascia-e-supplenze-il-resoconto-dellincontro-ministero-sindacati\/\"},\"wordCount\":1154,\"publisher\":{\"@id\":\"https:\/\/www.uilscuolaemiliaromagna.it\/public\/er\/#organization\"},\"articleSection\":[\"Notizie\",\"Personale Docente\"],\"inLanguage\":\"it-IT\"},{\"@type\":\"WebPage\",\"@id\":\"https:\/\/www.uilscuolaemiliaromagna.it\/public\/er\/2021\/08\/03\/procedura-online-gps-i-fascia-e-supplenze-il-resoconto-dellincontro-ministero-sindacati\/\",\"url\":\"https:\/\/www.uilscuolaemiliaromagna.it\/public\/er\/2021\/08\/03\/procedura-online-gps-i-fascia-e-supplenze-il-resoconto-dellincontro-ministero-sindacati\/\",\"name\":\"Procedura online GPS I Fascia e Supplenze: il resoconto dell\u2019incontro Ministero-Sindacati - Uil Scuola Emilia Romagna\",\"isPartOf\":{\"@id\":\"https:\/\/www.uilscuolaemiliaromagna.it\/public\/er\/#website\"},\"datePublished\":\"2021-08-03T20:04:29+00:00\",\"dateModified\":\"2021-08-03T20:04:29+00:00\",\"breadcrumb\":{\"@id\":\"https:\/\/www.uilscuolaemiliaromagna.it\/public\/er\/2021\/08\/03\/procedura-online-gps-i-fascia-e-supplenze-il-resoconto-dellincontro-ministero-sindacati\/#breadcrumb\"},\"inLanguage\":\"it-IT\",\"potentialAction\":[{\"@type\":\"ReadAction\",\"target\":[\"https:\/\/www.uilscuolaemiliaromagna.it\/public\/er\/2021\/08\/03\/procedura-online-gps-i-fascia-e-supplenze-il-resoconto-dellincontro-ministero-sindacati\/\"]}]},{\"@type\":\"BreadcrumbList\",\"@id\":\"https:\/\/www.uilscuolaemiliaromagna.it\/public\/er\/2021\/08\/03\/procedura-online-gps-i-fascia-e-supplenze-il-resoconto-dellincontro-ministero-sindacati\/#breadcrumb\",\"itemListElement\":[{\"@type\":\"ListItem\",\"position\":1,\"name\":\"Home\",\"item\":\"https:\/\/www.uilscuolaemiliaromagna.it\/public\/er\/\"},{\"@type\":\"ListItem\",\"position\":2,\"name\":\"Procedura online GPS I Fascia e Supplenze: il resoconto dell\u2019incontro Ministero-Sindacati\"}]},{\"@type\":\"WebSite\",\"@id\":\"https:\/\/www.uilscuolaemiliaromagna.it\/public\/er\/#website\",\"url\":\"https:\/\/www.uilscuolaemiliaromagna.it\/public\/er\/\",\"name\":\"Uil Scuola Emilia Romagna\",\"description\":\"La voce libera della scuola\",\"publisher\":{\"@id\":\"https:\/\/www.uilscuolaemiliaromagna.it\/public\/er\/#organization\"},\"potentialAction\":[{\"@type\":\"SearchAction\",\"target\":{\"@type\":\"EntryPoint\",\"urlTemplate\":\"https:\/\/www.uilscuolaemiliaromagna.it\/public\/er\/?s={search_term_string}\"},\"query-input\":\"required name=search_term_string\"}],\"inLanguage\":\"it-IT\"},{\"@type\":\"Organization\",\"@id\":\"https:\/\/www.uilscuolaemiliaromagna.it\/public\/er\/#organization\",\"name\":\"Uil Scuola Emilia Romagna\",\"url\":\"https:\/\/www.uilscuolaemiliaromagna.it\/public\/er\/\",\"logo\":{\"@type\":\"ImageObject\",\"inLanguage\":\"it-IT\",\"@id\":\"https:\/\/www.uilscuolaemiliaromagna.it\/public\/er\/#\/schema\/logo\/image\/\",\"url\":\"https:\/\/www.uilscuolaemiliaromagna.it\/public\/er\/wp-content\/uploads\/2017\/04\/cropped-header.png\",\"contentUrl\":\"https:\/\/www.uilscuolaemiliaromagna.it\/public\/er\/wp-content\/uploads\/2017\/04\/cropped-header.png\",\"width\":1000,\"height\":150,\"caption\":\"Uil Scuola Emilia Romagna\"},\"image\":{\"@id\":\"https:\/\/www.uilscuolaemiliaromagna.it\/public\/er\/#\/schema\/logo\/image\/\"}},{\"@type\":\"Person\",\"@id\":\"https:\/\/www.uilscuolaemiliaromagna.it\/public\/er\/#\/schema\/person\/f42878fd07a4b6ba2b7153d4fad5de5e\",\"name\":\"admin\",\"image\":{\"@type\":\"ImageObject\",\"inLanguage\":\"it-IT\",\"@id\":\"https:\/\/www.uilscuolaemiliaromagna.it\/public\/er\/#\/schema\/person\/image\/\",\"url\":\"https:\/\/secure.gravatar.com\/avatar\/aebf815ae2f30ffdae8b8c247273d34c?s=96&d=mm&r=g\",\"contentUrl\":\"https:\/\/secure.gravatar.com\/avatar\/aebf815ae2f30ffdae8b8c247273d34c?s=96&d=mm&r=g\",\"caption\":\"admin\"},\"url\":\"https:\/\/www.uilscuolaemiliaromagna.it\/public\/er\/author\/admin\/\"}]}<\/script>\r\n<!-- \/ Yoast SEO plugin. -->","yoast_head_json":{"title":"Procedura online GPS I Fascia e Supplenze: il resoconto dell\u2019incontro Ministero-Sindacati - Uil Scuola Emilia Romagna","robots":{"index":"index","follow":"follow","max-snippet":"max-snippet:-1","max-image-preview":"max-image-preview:large","max-video-preview":"max-video-preview:-1"},"canonical":"https:\/\/www.uilscuolaemiliaromagna.it\/public\/er\/2021\/08\/03\/procedura-online-gps-i-fascia-e-supplenze-il-resoconto-dellincontro-ministero-sindacati\/","og_locale":"it_IT","og_type":"article","og_title":"Procedura online GPS I Fascia e Supplenze: il resoconto dell\u2019incontro Ministero-Sindacati - Uil Scuola Emilia Romagna","og_description":"Procedura online GPS I Fascia e Supplenze al 31\/8 e 30\/6 (da GAE e GPS): dal 5 al 16 agosto apertura funzioni. Solo il 10 &hellip;","og_url":"https:\/\/www.uilscuolaemiliaromagna.it\/public\/er\/2021\/08\/03\/procedura-online-gps-i-fascia-e-supplenze-il-resoconto-dellincontro-ministero-sindacati\/","og_site_name":"Uil Scuola Emilia Romagna","article_published_time":"2021-08-03T20:04:29+00:00","og_image":[{"width":800,"height":483,"url":"https:\/\/www.uilscuolaemiliaromagna.it\/public\/er\/wp-content\/uploads\/2021\/03\/Mobilita-docenti-2021.jpg","type":"image\/jpeg"}],"author":"admin","twitter_card":"summary_large_image","twitter_misc":{"Scritto da":"admin","Tempo di lettura stimato":"6 minuti"},"schema":{"@context":"https:\/\/schema.org","@graph":[{"@type":"Article","@id":"https:\/\/www.uilscuolaemiliaromagna.it\/public\/er\/2021\/08\/03\/procedura-online-gps-i-fascia-e-supplenze-il-resoconto-dellincontro-ministero-sindacati\/#article","isPartOf":{"@id":"https:\/\/www.uilscuolaemiliaromagna.it\/public\/er\/2021\/08\/03\/procedura-online-gps-i-fascia-e-supplenze-il-resoconto-dellincontro-ministero-sindacati\/"},"author":{"name":"admin","@id":"https:\/\/www.uilscuolaemiliaromagna.it\/public\/er\/#\/schema\/person\/f42878fd07a4b6ba2b7153d4fad5de5e"},"headline":"Procedura online GPS I Fascia e Supplenze: il resoconto dell\u2019incontro Ministero-Sindacati","datePublished":"2021-08-03T20:04:29+00:00","dateModified":"2021-08-03T20:04:29+00:00","mainEntityOfPage":{"@id":"https:\/\/www.uilscuolaemiliaromagna.it\/public\/er\/2021\/08\/03\/procedura-online-gps-i-fascia-e-supplenze-il-resoconto-dellincontro-ministero-sindacati\/"},"wordCount":1154,"publisher":{"@id":"https:\/\/www.uilscuolaemiliaromagna.it\/public\/er\/#organization"},"articleSection":["Notizie","Personale Docente"],"inLanguage":"it-IT"},{"@type":"WebPage","@id":"https:\/\/www.uilscuolaemiliaromagna.it\/public\/er\/2021\/08\/03\/procedura-online-gps-i-fascia-e-supplenze-il-resoconto-dellincontro-ministero-sindacati\/","url":"https:\/\/www.uilscuolaemiliaromagna.it\/public\/er\/2021\/08\/03\/procedura-online-gps-i-fascia-e-supplenze-il-resoconto-dellincontro-ministero-sindacati\/","name":"Procedura online GPS I Fascia e Supplenze: il resoconto dell\u2019incontro Ministero-Sindacati - Uil Scuola Emilia Romagna","isPartOf":{"@id":"https:\/\/www.uilscuolaemiliaromagna.it\/public\/er\/#website"},"datePublished":"2021-08-03T20:04:29+00:00","dateModified":"2021-08-03T20:04:29+00:00","breadcrumb":{"@id":"https:\/\/www.uilscuolaemiliaromagna.it\/public\/er\/2021\/08\/03\/procedura-online-gps-i-fascia-e-supplenze-il-resoconto-dellincontro-ministero-sindacati\/#breadcrumb"},"inLanguage":"it-IT","potentialAction":[{"@type":"ReadAction","target":["https:\/\/www.uilscuolaemiliaromagna.it\/public\/er\/2021\/08\/03\/procedura-online-gps-i-fascia-e-supplenze-il-resoconto-dellincontro-ministero-sindacati\/"]}]},{"@type":"BreadcrumbList","@id":"https:\/\/www.uilscuolaemiliaromagna.it\/public\/er\/2021\/08\/03\/procedura-online-gps-i-fascia-e-supplenze-il-resoconto-dellincontro-ministero-sindacati\/#breadcrumb","itemListElement":[{"@type":"ListItem","position":1,"name":"Home","item":"https:\/\/www.uilscuolaemiliaromagna.it\/public\/er\/"},{"@type":"ListItem","position":2,"name":"Procedura online GPS I Fascia e Supplenze: il resoconto dell\u2019incontro Ministero-Sindacati"}]},{"@type":"WebSite","@id":"https:\/\/www.uilscuolaemiliaromagna.it\/public\/er\/#website","url":"https:\/\/www.uilscuolaemiliaromagna.it\/public\/er\/","name":"Uil Scuola Emilia Romagna","description":"La voce libera della scuola","publisher":{"@id":"https:\/\/www.uilscuolaemiliaromagna.it\/public\/er\/#organization"},"potentialAction":[{"@type":"SearchAction","target":{"@type":"EntryPoint","urlTemplate":"https:\/\/www.uilscuolaemiliaromagna.it\/public\/er\/?s={search_term_string}"},"query-input":"required name=search_term_string"}],"inLanguage":"it-IT"},{"@type":"Organization","@id":"https:\/\/www.uilscuolaemiliaromagna.it\/public\/er\/#organization","name":"Uil Scuola Emilia Romagna","url":"https:\/\/www.uilscuolaemiliaromagna.it\/public\/er\/","logo":{"@type":"ImageObject","inLanguage":"it-IT","@id":"https:\/\/www.uilscuolaemiliaromagna.it\/public\/er\/#\/schema\/logo\/image\/","url":"https:\/\/www.uilscuolaemiliaromagna.it\/public\/er\/wp-content\/uploads\/2017\/04\/cropped-header.png","contentUrl":"https:\/\/www.uilscuolaemiliaromagna.it\/public\/er\/wp-content\/uploads\/2017\/04\/cropped-header.png","width":1000,"height":150,"caption":"Uil Scuola Emilia Romagna"},"image":{"@id":"https:\/\/www.uilscuolaemiliaromagna.it\/public\/er\/#\/schema\/logo\/image\/"}},{"@type":"Person","@id":"https:\/\/www.uilscuolaemiliaromagna.it\/public\/er\/#\/schema\/person\/f42878fd07a4b6ba2b7153d4fad5de5e","name":"admin","image":{"@type":"ImageObject","inLanguage":"it-IT","@id":"https:\/\/www.uilscuolaemiliaromagna.it\/public\/er\/#\/schema\/person\/image\/","url":"https:\/\/secure.gravatar.com\/avatar\/aebf815ae2f30ffdae8b8c247273d34c?s=96&d=mm&r=g","contentUrl":"https:\/\/secure.gravatar.com\/avatar\/aebf815ae2f30ffdae8b8c247273d34c?s=96&d=mm&r=g","caption":"admin"},"url":"https:\/\/www.uilscuolaemiliaromagna.it\/public\/er\/author\/admin\/"}]}},"views":878,"_links":{"self":[{"href":"https:\/\/www.uilscuolaemiliaromagna.it\/public\/er\/wp-json\/wp\/v2\/posts\/8667"}],"collection":[{"href":"https:\/\/www.uilscuolaemiliaromagna.it\/public\/er\/wp-json\/wp\/v2\/posts"}],"about":[{"href":"https:\/\/www.uilscuolaemiliaromagna.it\/public\/er\/wp-json\/wp\/v2\/types\/post"}],"author":[{"embeddable":true,"href":"https:\/\/www.uilscuolaemiliaromagna.it\/public\/er\/wp-json\/wp\/v2\/users\/1"}],"replies":[{"embeddable":true,"href":"https:\/\/www.uilscuolaemiliaromagna.it\/public\/er\/wp-json\/wp\/v2\/comments?post=8667"}],"version-history":[{"count":1,"href":"https:\/\/www.uilscuolaemiliaromagna.it\/public\/er\/wp-json\/wp\/v2\/posts\/8667\/revisions"}],"predecessor-version":[{"id":8668,"href":"https:\/\/www.uilscuolaemiliaromagna.it\/public\/er\/wp-json\/wp\/v2\/posts\/8667\/revisions\/8668"}],"wp:featuredmedia":[{"embeddable":true,"href":"https:\/\/www.uilscuolaemiliaromagna.it\/public\/er\/wp-json\/wp\/v2\/media\/7987"}],"wp:attachment":[{"href":"https:\/\/www.uilscuolaemiliaromagna.it\/public\/er\/wp-json\/wp\/v2\/media?parent=8667"}],"wp:term":[{"taxonomy":"category","embeddable":true,"href":"https:\/\/www.uilscuolaemiliaromagna.it\/public\/er\/wp-json\/wp\/v2\/categories?post=8667"},{"taxonomy":"post_tag","embeddable":true,"href":"https:\/\/www.uilscuolaemiliaromagna.it\/public\/er\/wp-json\/wp\/v2\/tags?post=8667"}],"curies":[{"name":"wp","href":"https:\/\/api.w.org\/{rel}","templated":true}]}}