{"id":9098,"date":"2021-11-14T22:05:35","date_gmt":"2021-11-14T21:05:35","guid":{"rendered":"http:\/\/www.uilscuolaemiliaromagna.it\/public\/er\/?p=9098"},"modified":"2021-11-16T09:07:54","modified_gmt":"2021-11-16T08:07:54","slug":"manovra-turi-sulla-scuola-si-apre-una-questione-politica-che-poniamo-al-ministro","status":"publish","type":"post","link":"https:\/\/www.uilscuolaemiliaromagna.it\/public\/er\/2021\/11\/14\/manovra-turi-sulla-scuola-si-apre-una-questione-politica-che-poniamo-al-ministro\/","title":{"rendered":"MANOVRA | Turi: sulla scuola si apre una questione politica che poniamo al ministro"},"content":{"rendered":"<h3>MANOVRA DI BILANCIO \/ INGIUSTIZIE E OFFESE PROFESSIONALI NELLE PIEGHE DELLA RELAZIONE POLITICA<br \/>\n<em>Un modo di precedere gravissimo: nella ripartizione delle risorse si guarda a chi li avr\u00e0, per dedizione, o per solitudine. A tutti gli altri niente perch\u00e9 inadeguati ed \u00e8 giusto non dargli nulla.<\/em><\/h3>\n<p>Nel corso dei 14 giorni che il Governo ha impiegato per trasformare la bozza (28 ottobre) nel testo ufficiale inviato alla Camere per l\u2019approvazione, il quadro della scuola \u00e8 rimasto desolante: si \u00e8 deciso di non investire.<\/p>\n<blockquote><p>Una scelta profondamente sbagliata a cui si aggiunge un modo di precedere inedito e gravissimo: per dare risorse al sistema scuola bisogna dire, non solo che chi li prende li merita, con dedizione, ma anche che gli altri sono degli inetti ed \u00e8 giusto non dargli nulla \u2013 denuncia il segretario generale della Uil Scuola.<\/p><\/blockquote>\n<p>Una considerazione pubblica, ufficiale, inserita in un documento dello Stato \u2013 precisa Turi, relazione tecnica di accompagnamento alla legge di Bilancio \u2013 dove si spostano risorse come in un gioco di scacchi, a parit\u00e0 di spesa, facendo cadere rovinosamente questa o quella pedina.<\/p>\n<p>Andiamo al punto: per retribuire l\u2019indennit\u00e0 di posizione dei dirigenti scolastici viene attuata una distrazione di fondi prelevati dal capitolo di spesa per la valorizzazione del personale docente. Si leva ai docenti per dare ai dirigenti: venti milioni di euro destinati al fondo dei dirigenti. Fondo che \u2013 spiega Turi \u2013 andava giustamente integrato, ma con soldi aggiuntivi.<\/p>\n<blockquote><p>La giustificazione della scelta \u00e8 stata trovata nel modo peggiore, nelle tre cartelle, della relazione politica di accompagnamento alla Manovra.<br \/>\nEsattamente: \u00ab<em>le funzioni dei dirigenti scolastici, esaltata la complessit\u00e0 del profilo ed acclarato l\u2019isolamento professionale in cui operano<\/em>\u00bb.<\/p><\/blockquote>\n<p>Tradotto: i collaboratori di presidenza, direttori amministrativi, assistenti amministrativi, sarebbero figure incapaci di fornire un adeguato supporto operativo sotto ogni aspetto.<\/p>\n<p>Si apre una questione politica che poniamo al ministro che \u2013 sottolinea Turi \u2013 o prende le distanze e solleva dagli incarichi chi ha scritto quelle note o ne dovr\u00e0 valutare le conseguenze direttamente.<\/p>\n<p>Diversamente, in questo clima, sar\u00e0 molto difficile se non impossibile avviare le trattative per il rinnovo del contratto di lavoro, ed anche sostenere i livelli relazionali con i lavoratori della scuola ignorati nei diritti elementari, vessati nelle legittime aspettative ed ora avviliti anche sul piano professionale.<\/p>\n<p>Fuori dalla narrazione delle risorse miliardarie dei fondi del Recovery che non sfiorano nemmeno il personale, tocca al Ministro Bianchi non solo tutelare gli interessi della scuola pubblica italiana, ma anche l\u2019integrit\u00e0 morale dei lavoratori peggio pagati d\u2019Europa, e ora anche denigrati dalle tecnocrazie ministeriali.<\/p>\n\n<div class=\"twitter-share\"><a href=\"https:\/\/twitter.com\/intent\/tweet?via=UILScuolaBO_ER\" class=\"twitter-share-button\" data-size=\"large\">Tweet<\/a><\/div>\n","protected":false},"excerpt":{"rendered":"<p>MANOVRA DI BILANCIO \/ INGIUSTIZIE E OFFESE PROFESSIONALI NELLE PIEGHE DELLA RELAZIONE POLITICA Un modo di precedere gravissimo: nella ripartizione delle risorse si guarda a &hellip; <\/p>\n","protected":false},"author":1,"featured_media":9099,"comment_status":"closed","ping_status":"open","sticky":false,"template":"","format":"standard","meta":{"footnotes":""},"categories":[12],"tags":[],"yoast_head":"<!-- This site is optimized with the Yoast SEO plugin v21.7 - https:\/\/yoast.com\/wordpress\/plugins\/seo\/ -->\r\n<title>MANOVRA | Turi: sulla scuola si apre una questione politica che poniamo al ministro - Uil Scuola Emilia Romagna<\/title>\r\n<meta name=\"robots\" content=\"index, follow, max-snippet:-1, max-image-preview:large, max-video-preview:-1\" \/>\r\n<link rel=\"canonical\" href=\"https:\/\/www.uilscuolaemiliaromagna.it\/public\/er\/2021\/11\/14\/manovra-turi-sulla-scuola-si-apre-una-questione-politica-che-poniamo-al-ministro\/\" \/>\r\n<meta property=\"og:locale\" content=\"it_IT\" \/>\r\n<meta property=\"og:type\" content=\"article\" \/>\r\n<meta property=\"og:title\" content=\"MANOVRA | Turi: sulla scuola si apre una questione politica che poniamo al ministro - Uil Scuola Emilia Romagna\" \/>\r\n<meta property=\"og:description\" content=\"MANOVRA DI BILANCIO \/ INGIUSTIZIE E OFFESE PROFESSIONALI NELLE PIEGHE DELLA RELAZIONE POLITICA Un modo di precedere gravissimo: nella ripartizione delle risorse si guarda a &hellip;\" \/>\r\n<meta property=\"og:url\" content=\"https:\/\/www.uilscuolaemiliaromagna.it\/public\/er\/2021\/11\/14\/manovra-turi-sulla-scuola-si-apre-una-questione-politica-che-poniamo-al-ministro\/\" \/>\r\n<meta property=\"og:site_name\" content=\"Uil Scuola Emilia Romagna\" \/>\r\n<meta property=\"article:published_time\" content=\"2021-11-14T21:05:35+00:00\" \/>\r\n<meta property=\"article:modified_time\" content=\"2021-11-16T08:07:54+00:00\" \/>\r\n<meta property=\"og:image\" content=\"https:\/\/www.uilscuolaemiliaromagna.it\/public\/er\/wp-content\/uploads\/2021\/11\/Palazzo-Chigi-141121-150x150-1.jpg\" \/>\r\n\t<meta property=\"og:image:width\" content=\"150\" \/>\r\n\t<meta property=\"og:image:height\" content=\"150\" \/>\r\n\t<meta property=\"og:image:type\" content=\"image\/jpeg\" \/>\r\n<meta name=\"author\" content=\"admin\" \/>\r\n<meta name=\"twitter:card\" content=\"summary_large_image\" \/>\r\n<meta name=\"twitter:label1\" content=\"Scritto da\" \/>\n\t<meta name=\"twitter:data1\" content=\"admin\" \/>\n\t<meta name=\"twitter:label2\" content=\"Tempo di lettura stimato\" \/>\n\t<meta name=\"twitter:data2\" content=\"2 minuti\" \/>\r\n<script type=\"application\/ld+json\" class=\"yoast-schema-graph\">{\"@context\":\"https:\/\/schema.org\",\"@graph\":[{\"@type\":\"Article\",\"@id\":\"https:\/\/www.uilscuolaemiliaromagna.it\/public\/er\/2021\/11\/14\/manovra-turi-sulla-scuola-si-apre-una-questione-politica-che-poniamo-al-ministro\/#article\",\"isPartOf\":{\"@id\":\"https:\/\/www.uilscuolaemiliaromagna.it\/public\/er\/2021\/11\/14\/manovra-turi-sulla-scuola-si-apre-una-questione-politica-che-poniamo-al-ministro\/\"},\"author\":{\"name\":\"admin\",\"@id\":\"https:\/\/www.uilscuolaemiliaromagna.it\/public\/er\/#\/schema\/person\/f42878fd07a4b6ba2b7153d4fad5de5e\"},\"headline\":\"MANOVRA | Turi: sulla scuola si apre una questione politica che poniamo al ministro\",\"datePublished\":\"2021-11-14T21:05:35+00:00\",\"dateModified\":\"2021-11-16T08:07:54+00:00\",\"mainEntityOfPage\":{\"@id\":\"https:\/\/www.uilscuolaemiliaromagna.it\/public\/er\/2021\/11\/14\/manovra-turi-sulla-scuola-si-apre-una-questione-politica-che-poniamo-al-ministro\/\"},\"wordCount\":426,\"publisher\":{\"@id\":\"https:\/\/www.uilscuolaemiliaromagna.it\/public\/er\/#organization\"},\"articleSection\":[\"Notizie\"],\"inLanguage\":\"it-IT\"},{\"@type\":\"WebPage\",\"@id\":\"https:\/\/www.uilscuolaemiliaromagna.it\/public\/er\/2021\/11\/14\/manovra-turi-sulla-scuola-si-apre-una-questione-politica-che-poniamo-al-ministro\/\",\"url\":\"https:\/\/www.uilscuolaemiliaromagna.it\/public\/er\/2021\/11\/14\/manovra-turi-sulla-scuola-si-apre-una-questione-politica-che-poniamo-al-ministro\/\",\"name\":\"MANOVRA | Turi: sulla scuola si apre una questione politica che poniamo al ministro - Uil Scuola Emilia Romagna\",\"isPartOf\":{\"@id\":\"https:\/\/www.uilscuolaemiliaromagna.it\/public\/er\/#website\"},\"datePublished\":\"2021-11-14T21:05:35+00:00\",\"dateModified\":\"2021-11-16T08:07:54+00:00\",\"breadcrumb\":{\"@id\":\"https:\/\/www.uilscuolaemiliaromagna.it\/public\/er\/2021\/11\/14\/manovra-turi-sulla-scuola-si-apre-una-questione-politica-che-poniamo-al-ministro\/#breadcrumb\"},\"inLanguage\":\"it-IT\",\"potentialAction\":[{\"@type\":\"ReadAction\",\"target\":[\"https:\/\/www.uilscuolaemiliaromagna.it\/public\/er\/2021\/11\/14\/manovra-turi-sulla-scuola-si-apre-una-questione-politica-che-poniamo-al-ministro\/\"]}]},{\"@type\":\"BreadcrumbList\",\"@id\":\"https:\/\/www.uilscuolaemiliaromagna.it\/public\/er\/2021\/11\/14\/manovra-turi-sulla-scuola-si-apre-una-questione-politica-che-poniamo-al-ministro\/#breadcrumb\",\"itemListElement\":[{\"@type\":\"ListItem\",\"position\":1,\"name\":\"Home\",\"item\":\"https:\/\/www.uilscuolaemiliaromagna.it\/public\/er\/\"},{\"@type\":\"ListItem\",\"position\":2,\"name\":\"MANOVRA | Turi: sulla scuola si apre una questione politica che poniamo al ministro\"}]},{\"@type\":\"WebSite\",\"@id\":\"https:\/\/www.uilscuolaemiliaromagna.it\/public\/er\/#website\",\"url\":\"https:\/\/www.uilscuolaemiliaromagna.it\/public\/er\/\",\"name\":\"Uil Scuola Emilia Romagna\",\"description\":\"La voce libera della scuola\",\"publisher\":{\"@id\":\"https:\/\/www.uilscuolaemiliaromagna.it\/public\/er\/#organization\"},\"potentialAction\":[{\"@type\":\"SearchAction\",\"target\":{\"@type\":\"EntryPoint\",\"urlTemplate\":\"https:\/\/www.uilscuolaemiliaromagna.it\/public\/er\/?s={search_term_string}\"},\"query-input\":\"required name=search_term_string\"}],\"inLanguage\":\"it-IT\"},{\"@type\":\"Organization\",\"@id\":\"https:\/\/www.uilscuolaemiliaromagna.it\/public\/er\/#organization\",\"name\":\"Uil Scuola Emilia Romagna\",\"url\":\"https:\/\/www.uilscuolaemiliaromagna.it\/public\/er\/\",\"logo\":{\"@type\":\"ImageObject\",\"inLanguage\":\"it-IT\",\"@id\":\"https:\/\/www.uilscuolaemiliaromagna.it\/public\/er\/#\/schema\/logo\/image\/\",\"url\":\"https:\/\/www.uilscuolaemiliaromagna.it\/public\/er\/wp-content\/uploads\/2017\/04\/cropped-header.png\",\"contentUrl\":\"https:\/\/www.uilscuolaemiliaromagna.it\/public\/er\/wp-content\/uploads\/2017\/04\/cropped-header.png\",\"width\":1000,\"height\":150,\"caption\":\"Uil Scuola Emilia Romagna\"},\"image\":{\"@id\":\"https:\/\/www.uilscuolaemiliaromagna.it\/public\/er\/#\/schema\/logo\/image\/\"}},{\"@type\":\"Person\",\"@id\":\"https:\/\/www.uilscuolaemiliaromagna.it\/public\/er\/#\/schema\/person\/f42878fd07a4b6ba2b7153d4fad5de5e\",\"name\":\"admin\",\"image\":{\"@type\":\"ImageObject\",\"inLanguage\":\"it-IT\",\"@id\":\"https:\/\/www.uilscuolaemiliaromagna.it\/public\/er\/#\/schema\/person\/image\/\",\"url\":\"https:\/\/secure.gravatar.com\/avatar\/aebf815ae2f30ffdae8b8c247273d34c?s=96&d=mm&r=g\",\"contentUrl\":\"https:\/\/secure.gravatar.com\/avatar\/aebf815ae2f30ffdae8b8c247273d34c?s=96&d=mm&r=g\",\"caption\":\"admin\"},\"url\":\"https:\/\/www.uilscuolaemiliaromagna.it\/public\/er\/author\/admin\/\"}]}<\/script>\r\n<!-- \/ Yoast SEO plugin. -->","yoast_head_json":{"title":"MANOVRA | Turi: sulla scuola si apre una questione politica che poniamo al ministro - Uil Scuola Emilia Romagna","robots":{"index":"index","follow":"follow","max-snippet":"max-snippet:-1","max-image-preview":"max-image-preview:large","max-video-preview":"max-video-preview:-1"},"canonical":"https:\/\/www.uilscuolaemiliaromagna.it\/public\/er\/2021\/11\/14\/manovra-turi-sulla-scuola-si-apre-una-questione-politica-che-poniamo-al-ministro\/","og_locale":"it_IT","og_type":"article","og_title":"MANOVRA | Turi: sulla scuola si apre una questione politica che poniamo al ministro - Uil Scuola Emilia Romagna","og_description":"MANOVRA DI BILANCIO \/ INGIUSTIZIE E OFFESE PROFESSIONALI NELLE PIEGHE DELLA RELAZIONE POLITICA Un modo di precedere gravissimo: nella ripartizione delle risorse si guarda a &hellip;","og_url":"https:\/\/www.uilscuolaemiliaromagna.it\/public\/er\/2021\/11\/14\/manovra-turi-sulla-scuola-si-apre-una-questione-politica-che-poniamo-al-ministro\/","og_site_name":"Uil Scuola Emilia Romagna","article_published_time":"2021-11-14T21:05:35+00:00","article_modified_time":"2021-11-16T08:07:54+00:00","og_image":[{"width":150,"height":150,"url":"https:\/\/www.uilscuolaemiliaromagna.it\/public\/er\/wp-content\/uploads\/2021\/11\/Palazzo-Chigi-141121-150x150-1.jpg","type":"image\/jpeg"}],"author":"admin","twitter_card":"summary_large_image","twitter_misc":{"Scritto da":"admin","Tempo di lettura stimato":"2 minuti"},"schema":{"@context":"https:\/\/schema.org","@graph":[{"@type":"Article","@id":"https:\/\/www.uilscuolaemiliaromagna.it\/public\/er\/2021\/11\/14\/manovra-turi-sulla-scuola-si-apre-una-questione-politica-che-poniamo-al-ministro\/#article","isPartOf":{"@id":"https:\/\/www.uilscuolaemiliaromagna.it\/public\/er\/2021\/11\/14\/manovra-turi-sulla-scuola-si-apre-una-questione-politica-che-poniamo-al-ministro\/"},"author":{"name":"admin","@id":"https:\/\/www.uilscuolaemiliaromagna.it\/public\/er\/#\/schema\/person\/f42878fd07a4b6ba2b7153d4fad5de5e"},"headline":"MANOVRA | Turi: sulla scuola si apre una questione politica che poniamo al ministro","datePublished":"2021-11-14T21:05:35+00:00","dateModified":"2021-11-16T08:07:54+00:00","mainEntityOfPage":{"@id":"https:\/\/www.uilscuolaemiliaromagna.it\/public\/er\/2021\/11\/14\/manovra-turi-sulla-scuola-si-apre-una-questione-politica-che-poniamo-al-ministro\/"},"wordCount":426,"publisher":{"@id":"https:\/\/www.uilscuolaemiliaromagna.it\/public\/er\/#organization"},"articleSection":["Notizie"],"inLanguage":"it-IT"},{"@type":"WebPage","@id":"https:\/\/www.uilscuolaemiliaromagna.it\/public\/er\/2021\/11\/14\/manovra-turi-sulla-scuola-si-apre-una-questione-politica-che-poniamo-al-ministro\/","url":"https:\/\/www.uilscuolaemiliaromagna.it\/public\/er\/2021\/11\/14\/manovra-turi-sulla-scuola-si-apre-una-questione-politica-che-poniamo-al-ministro\/","name":"MANOVRA | Turi: sulla scuola si apre una questione politica che poniamo al ministro - Uil Scuola Emilia Romagna","isPartOf":{"@id":"https:\/\/www.uilscuolaemiliaromagna.it\/public\/er\/#website"},"datePublished":"2021-11-14T21:05:35+00:00","dateModified":"2021-11-16T08:07:54+00:00","breadcrumb":{"@id":"https:\/\/www.uilscuolaemiliaromagna.it\/public\/er\/2021\/11\/14\/manovra-turi-sulla-scuola-si-apre-una-questione-politica-che-poniamo-al-ministro\/#breadcrumb"},"inLanguage":"it-IT","potentialAction":[{"@type":"ReadAction","target":["https:\/\/www.uilscuolaemiliaromagna.it\/public\/er\/2021\/11\/14\/manovra-turi-sulla-scuola-si-apre-una-questione-politica-che-poniamo-al-ministro\/"]}]},{"@type":"BreadcrumbList","@id":"https:\/\/www.uilscuolaemiliaromagna.it\/public\/er\/2021\/11\/14\/manovra-turi-sulla-scuola-si-apre-una-questione-politica-che-poniamo-al-ministro\/#breadcrumb","itemListElement":[{"@type":"ListItem","position":1,"name":"Home","item":"https:\/\/www.uilscuolaemiliaromagna.it\/public\/er\/"},{"@type":"ListItem","position":2,"name":"MANOVRA | Turi: sulla scuola si apre una questione politica che poniamo al ministro"}]},{"@type":"WebSite","@id":"https:\/\/www.uilscuolaemiliaromagna.it\/public\/er\/#website","url":"https:\/\/www.uilscuolaemiliaromagna.it\/public\/er\/","name":"Uil Scuola Emilia Romagna","description":"La voce libera della scuola","publisher":{"@id":"https:\/\/www.uilscuolaemiliaromagna.it\/public\/er\/#organization"},"potentialAction":[{"@type":"SearchAction","target":{"@type":"EntryPoint","urlTemplate":"https:\/\/www.uilscuolaemiliaromagna.it\/public\/er\/?s={search_term_string}"},"query-input":"required name=search_term_string"}],"inLanguage":"it-IT"},{"@type":"Organization","@id":"https:\/\/www.uilscuolaemiliaromagna.it\/public\/er\/#organization","name":"Uil Scuola Emilia Romagna","url":"https:\/\/www.uilscuolaemiliaromagna.it\/public\/er\/","logo":{"@type":"ImageObject","inLanguage":"it-IT","@id":"https:\/\/www.uilscuolaemiliaromagna.it\/public\/er\/#\/schema\/logo\/image\/","url":"https:\/\/www.uilscuolaemiliaromagna.it\/public\/er\/wp-content\/uploads\/2017\/04\/cropped-header.png","contentUrl":"https:\/\/www.uilscuolaemiliaromagna.it\/public\/er\/wp-content\/uploads\/2017\/04\/cropped-header.png","width":1000,"height":150,"caption":"Uil Scuola Emilia Romagna"},"image":{"@id":"https:\/\/www.uilscuolaemiliaromagna.it\/public\/er\/#\/schema\/logo\/image\/"}},{"@type":"Person","@id":"https:\/\/www.uilscuolaemiliaromagna.it\/public\/er\/#\/schema\/person\/f42878fd07a4b6ba2b7153d4fad5de5e","name":"admin","image":{"@type":"ImageObject","inLanguage":"it-IT","@id":"https:\/\/www.uilscuolaemiliaromagna.it\/public\/er\/#\/schema\/person\/image\/","url":"https:\/\/secure.gravatar.com\/avatar\/aebf815ae2f30ffdae8b8c247273d34c?s=96&d=mm&r=g","contentUrl":"https:\/\/secure.gravatar.com\/avatar\/aebf815ae2f30ffdae8b8c247273d34c?s=96&d=mm&r=g","caption":"admin"},"url":"https:\/\/www.uilscuolaemiliaromagna.it\/public\/er\/author\/admin\/"}]}},"views":656,"_links":{"self":[{"href":"https:\/\/www.uilscuolaemiliaromagna.it\/public\/er\/wp-json\/wp\/v2\/posts\/9098"}],"collection":[{"href":"https:\/\/www.uilscuolaemiliaromagna.it\/public\/er\/wp-json\/wp\/v2\/posts"}],"about":[{"href":"https:\/\/www.uilscuolaemiliaromagna.it\/public\/er\/wp-json\/wp\/v2\/types\/post"}],"author":[{"embeddable":true,"href":"https:\/\/www.uilscuolaemiliaromagna.it\/public\/er\/wp-json\/wp\/v2\/users\/1"}],"replies":[{"embeddable":true,"href":"https:\/\/www.uilscuolaemiliaromagna.it\/public\/er\/wp-json\/wp\/v2\/comments?post=9098"}],"version-history":[{"count":1,"href":"https:\/\/www.uilscuolaemiliaromagna.it\/public\/er\/wp-json\/wp\/v2\/posts\/9098\/revisions"}],"predecessor-version":[{"id":9100,"href":"https:\/\/www.uilscuolaemiliaromagna.it\/public\/er\/wp-json\/wp\/v2\/posts\/9098\/revisions\/9100"}],"wp:featuredmedia":[{"embeddable":true,"href":"https:\/\/www.uilscuolaemiliaromagna.it\/public\/er\/wp-json\/wp\/v2\/media\/9099"}],"wp:attachment":[{"href":"https:\/\/www.uilscuolaemiliaromagna.it\/public\/er\/wp-json\/wp\/v2\/media?parent=9098"}],"wp:term":[{"taxonomy":"category","embeddable":true,"href":"https:\/\/www.uilscuolaemiliaromagna.it\/public\/er\/wp-json\/wp\/v2\/categories?post=9098"},{"taxonomy":"post_tag","embeddable":true,"href":"https:\/\/www.uilscuolaemiliaromagna.it\/public\/er\/wp-json\/wp\/v2\/tags?post=9098"}],"curies":[{"name":"wp","href":"https:\/\/api.w.org\/{rel}","templated":true}]}}