{"id":9409,"date":"2022-01-10T22:35:08","date_gmt":"2022-01-10T21:35:08","guid":{"rendered":"http:\/\/www.uilscuolaemiliaromagna.it\/public\/er\/?p=9409"},"modified":"2022-01-12T09:37:10","modified_gmt":"2022-01-12T08:37:10","slug":"intervista-turi-sulla-pandemia-ancora-gli-stessi-errori-il-nuovo-contratto-no-a-soluzioni-al-ribasso","status":"publish","type":"post","link":"https:\/\/www.uilscuolaemiliaromagna.it\/public\/er\/2022\/01\/10\/intervista-turi-sulla-pandemia-ancora-gli-stessi-errori-il-nuovo-contratto-no-a-soluzioni-al-ribasso\/","title":{"rendered":"INTERVISTA ! Turi: \u201cSulla pandemia ancora gli stessi errori. Il nuovo contratto? No a soluzioni al ribasso"},"content":{"rendered":"<h3 style=\"text-align: justify;\"><strong>Rinnovo del contratto scuola, gestione della pandemia, precariato e relazioni col ministro dell\u2019Istruzione. Il Segretario generale UIL Scuola fa il punto della situazione, una settimana dopo l\u2019incontro del 4 gennaio tra i sindacati e Bianchi.<\/strong><\/h3>\n<p style=\"text-align: justify;\"><strong>Segretario, il 2022 \u00e8 cominciato con l\u2019incontro del 4 gennaio tra i sindacati della scuola e il ministro dell\u2019Istruzione. A che punto sono le relazioni con Bianchi?<\/strong><\/p>\n<p style=\"text-align: justify;\"><em>Nei confronti del ministro e delle sue dichiarazioni di questi mesi abbiamo sempre riposto fiducia, riconoscendone ruolo e posizione. Quello che per\u00f2 il ministro ha dimostrato con i fatti \u00e8, purtroppo, troppo poco e la valutazione del suo operato non pu\u00f2 che essere negativa.<\/em><\/p>\n<p style=\"text-align: justify;\"><strong>Qual \u00e8 la discrepanza?<\/strong><\/p>\n<p style=\"text-align: justify;\"><em>Quello che manca \u00e8 un quadro politico ben definito. Se mi siedo ad un tavolo col ministro devo sapere qual \u00e8 l\u2019elemento che ci unisce, devo sapere quello che un ministro pu\u00f2 e vuole fare e quello che un ministro non pu\u00f2 e non vuole fare. Le domande sono tante: quale sar\u00e0 la linea politica quest\u2019anno? Chi prender\u00e0 la decisioni? La linea politica sulla scuola sar\u00e0 quella degli atti di governo o delle dichiarazioni del ministro?<\/em><\/p>\n<p style=\"text-align: justify;\"><strong>Qual \u00e8 la sua previsione su questo?<\/strong><\/p>\n<p style=\"text-align: justify;\"><em>Ad oggi, mi sembra che il ministro non stia toccando palla. Per la scuola non vedo in programma investimenti reali e sulla gestione della pandemia, si \u00e8 riusciti, nonostante l\u2019esperienza acquisita, ad arrivare alle stesse condizioni di due anni fa, puntando solo sul vaccino; per mesi abbiamo chiesto e rivendicato presidi sanitari nelle scuole, la riduzione del numero di alunni per classe, la sanificazione dell\u2019aria delle aule. Purtroppo, ancora una volta l\u2019impatto della pandemia sulla scuola \u00e8 stato sottovalutato e questo non \u00e8 colpa del ministro ma del governo, che ha deciso di risparmiare e non aiutare in pieno un settore fondamentale per questo paese.<\/em><\/p>\n<p style=\"text-align: justify;\"><strong>In sostanza, pi\u00f9 chiarezza e meno interferenze tra i vari ruoli.<\/strong><\/p>\n<p style=\"text-align: justify;\"><em>\u00c8 quello che auspichiamo. I sindacalisti devono fare i sindacalisti, il ministro dell\u2019Istruzione deve fare il ministro dell\u2019Istruzione e lo stesso vale per i parlamentari. Le interferenze a cui abbiamo assistito in questi mesi non fanno bene a nessuno. Siamo disponibili a partecipare ai tavoli col ministro a patto che ci sia un intento di trovare soluzioni con obiettivi comuni. Non possiamo sederci ad un tavolo e subire veti assurdi dal governo perch\u00e9 poi le spiegazioni alla gente dobbiamo darle noi dei sindacati. Il tavolo nasconde in s\u00e9 una foglia di fico che fa pensare ai miei rappresentati che coincida con qualcosa di concreto, quando in questi mesi di concreto si \u00e8 fatto e visto poco o nulla. E nel frattempo, la frustrazione e la rabbia delle persone aumentano.<\/em><\/p>\n<p style=\"text-align: justify;\"><strong>Spesso le grandi crisi, seppur drammatiche, uniscono il Paese. Per quanto riguarda quella correlata al Covid, non \u00e8 avvenuto l\u2019esatto contrario?<\/strong><\/p>\n<p style=\"text-align: justify;\"><em>Mi concentro sulla scuola e dico che mai come in questo momento ci troviamo in una situazione di divisione che il governo ha contribuito pesantemente ad esasperare. \u00c8 difficile pensare ad un futuro della scuola se non si risolvono il problema del precariato e il problema dello sfruttamento del lavoro delle persone, criticit\u00e0 che il covid ha pesantemente aggravato. Penso ad esempio all\u2019Organico Covid, vissuto come una vittoria, ma che in realt\u00e0 rappresenta un elemento di sfruttamento, dal momento che non lascia alcuna prospettiva di futuro.<\/em><\/p>\n<p style=\"text-align: justify;\"><strong>Sempre in ottica precariato, non possiamo non chiederle un passaggio sui concorsi.<\/strong><\/p>\n<p style=\"text-align: justify;\"><em>Non danno risposte al precariato, anzi. I concorsi secondo noi vanno eliminati in questa modalit\u00e0 perch\u00e9 rappresentano un danno. Ricordo a tutti quanti che il PNRR prevede a febbraio la scadenza della riforma sul reclutamento. \u00c8 necessario un nuovo sistema di reclutamento a regime e, contemporaneamente, ci vuole una fase transitoria.\u00a0 Io non posso pi\u00f9 tollerare che persone con 36 mesi di servizio non siano stabilizzate\u201d. E poi, \u00a0come si fa ancora a sostenere la bont\u00e0 dei concorsi, quando dopo anni \u2013 \u00a0\u00e8 il caso del concorso dei Dirigenti scolastici \u2013 \u00a0emergono gravi illegittimit\u00e0 ed\u00a0 algoritmi fasulli? Il sistema dei concorsi, cos\u00ec come \u00e8 ora, \u00a0\u00e8 fallito. Serve un nuovo strumento di reclutamento.<\/em><\/p>\n<p style=\"text-align: justify;\"><strong>Veniamo al rinnovo del contratto. Si ritiene ottimista? A che punto siamo?<\/strong><\/p>\n<p style=\"text-align: justify;\"><em>Non saremo passivi o alla ricerca di soluzioni al ribasso e partiamo subito dal presupposto che le risorse per il contratto sono al momento insufficienti. Chiediamo un provvedimento strategico sulla scuola che metta insieme tre o quattro problemi da portare a soluzione: penso al precariato, ai dsga, all\u2019abolizione dei vincoli della mobilit\u00e0 e si dovranno cercare risorse aggiuntive per consentire un rinnovo contrattuale che ridia dignit\u00e0 e prestigio al personale. Va valutato insieme il tema degli ITS su cui, come ho ribadito al ministro, siamo molto critici sulle soluzioni al vaglio del Parlamento: non vogliamo trasformare questo paese in un grande centro di professione, magari \u201cregalandolo\u201d agli industriali. In sostanza, chiedo al ministro di trovare insieme a noi gli obiettivi e di tornare ad agire e a riflettere insieme.<\/em><\/p>\n<p style=\"text-align: justify;\"><strong>Chiudiamo infine tornando al tema pandemia. Una sua vecchia battaglia \u00e8 quella di avere a disposizione i dati dei contagi del mondo della scuola. A che punto siamo su questo?<\/strong><\/p>\n<p style=\"text-align: justify;\">Siamo in una situazione di grande difficolt\u00e0 ed incertezza. Avere a disposizione i dati dei contagi nella scuola pubblici sarebbe un grande passo per dare certezze a famiglie e studenti e permetterebbe di assumere decisioni pi\u00f9 coerenti, in funzione dei dati reali e non di quelli presunti. \u00c8 una battaglia che rinnoviamo ormai da anni che continua a non avere risposta. Non molleremo.<\/p>\n<p style=\"text-align: justify;\">\n<p style=\"text-align: justify;\">Intervista di Paolo Riggio<\/p>\n<p>&nbsp;<\/p>\n<h6>fonte:\u00a0<a href=\"https:\/\/uilscuola.it\/turi-sulla-pandemia-ancora-gli-stessi-errori-il-nuovo-contratto-no-a-soluzioni-al-ribasso\/?doing_wp_cron=1641976495.7265250682830810546875\" target=\"_blank\" rel=\"noopener noreferrer\">uilscuola.it<\/a><\/h6>\n\n<div class=\"twitter-share\"><a href=\"https:\/\/twitter.com\/intent\/tweet?via=UILScuolaBO_ER\" class=\"twitter-share-button\" data-size=\"large\">Tweet<\/a><\/div>\n","protected":false},"excerpt":{"rendered":"<p>Rinnovo del contratto scuola, gestione della pandemia, precariato e relazioni col ministro dell\u2019Istruzione. Il Segretario generale UIL Scuola fa il punto della situazione, una settimana &hellip; <\/p>\n","protected":false},"author":1,"featured_media":8833,"comment_status":"closed","ping_status":"open","sticky":false,"template":"","format":"standard","meta":{"footnotes":""},"categories":[12],"tags":[48],"yoast_head":"<!-- This site is optimized with the Yoast SEO plugin v21.7 - https:\/\/yoast.com\/wordpress\/plugins\/seo\/ -->\r\n<title>INTERVISTA ! Turi: \u201cSulla pandemia ancora gli stessi errori. Il nuovo contratto? No a soluzioni al ribasso - Uil Scuola Emilia Romagna<\/title>\r\n<meta name=\"robots\" content=\"index, follow, max-snippet:-1, max-image-preview:large, max-video-preview:-1\" \/>\r\n<link rel=\"canonical\" href=\"https:\/\/www.uilscuolaemiliaromagna.it\/public\/er\/2022\/01\/10\/intervista-turi-sulla-pandemia-ancora-gli-stessi-errori-il-nuovo-contratto-no-a-soluzioni-al-ribasso\/\" \/>\r\n<meta property=\"og:locale\" content=\"it_IT\" \/>\r\n<meta property=\"og:type\" content=\"article\" \/>\r\n<meta property=\"og:title\" content=\"INTERVISTA ! Turi: \u201cSulla pandemia ancora gli stessi errori. Il nuovo contratto? No a soluzioni al ribasso - Uil Scuola Emilia Romagna\" \/>\r\n<meta property=\"og:description\" content=\"Rinnovo del contratto scuola, gestione della pandemia, precariato e relazioni col ministro dell\u2019Istruzione. Il Segretario generale UIL Scuola fa il punto della situazione, una settimana &hellip;\" \/>\r\n<meta property=\"og:url\" content=\"https:\/\/www.uilscuolaemiliaromagna.it\/public\/er\/2022\/01\/10\/intervista-turi-sulla-pandemia-ancora-gli-stessi-errori-il-nuovo-contratto-no-a-soluzioni-al-ribasso\/\" \/>\r\n<meta property=\"og:site_name\" content=\"Uil Scuola Emilia Romagna\" \/>\r\n<meta property=\"article:published_time\" content=\"2022-01-10T21:35:08+00:00\" \/>\r\n<meta property=\"article:modified_time\" content=\"2022-01-12T08:37:10+00:00\" \/>\r\n<meta property=\"og:image\" content=\"https:\/\/www.uilscuolaemiliaromagna.it\/public\/er\/wp-content\/uploads\/2021\/09\/pino-turi-150x150-1.jpg\" \/>\r\n\t<meta property=\"og:image:width\" content=\"150\" \/>\r\n\t<meta property=\"og:image:height\" content=\"150\" \/>\r\n\t<meta property=\"og:image:type\" content=\"image\/jpeg\" \/>\r\n<meta name=\"author\" content=\"admin\" \/>\r\n<meta name=\"twitter:card\" content=\"summary_large_image\" \/>\r\n<meta name=\"twitter:label1\" content=\"Scritto da\" \/>\n\t<meta name=\"twitter:data1\" content=\"admin\" \/>\n\t<meta name=\"twitter:label2\" content=\"Tempo di lettura stimato\" \/>\n\t<meta name=\"twitter:data2\" content=\"4 minuti\" \/>\r\n<script type=\"application\/ld+json\" class=\"yoast-schema-graph\">{\"@context\":\"https:\/\/schema.org\",\"@graph\":[{\"@type\":\"Article\",\"@id\":\"https:\/\/www.uilscuolaemiliaromagna.it\/public\/er\/2022\/01\/10\/intervista-turi-sulla-pandemia-ancora-gli-stessi-errori-il-nuovo-contratto-no-a-soluzioni-al-ribasso\/#article\",\"isPartOf\":{\"@id\":\"https:\/\/www.uilscuolaemiliaromagna.it\/public\/er\/2022\/01\/10\/intervista-turi-sulla-pandemia-ancora-gli-stessi-errori-il-nuovo-contratto-no-a-soluzioni-al-ribasso\/\"},\"author\":{\"name\":\"admin\",\"@id\":\"https:\/\/www.uilscuolaemiliaromagna.it\/public\/er\/#\/schema\/person\/f42878fd07a4b6ba2b7153d4fad5de5e\"},\"headline\":\"INTERVISTA ! Turi: \u201cSulla pandemia ancora gli stessi errori. Il nuovo contratto? No a soluzioni al ribasso\",\"datePublished\":\"2022-01-10T21:35:08+00:00\",\"dateModified\":\"2022-01-12T08:37:10+00:00\",\"mainEntityOfPage\":{\"@id\":\"https:\/\/www.uilscuolaemiliaromagna.it\/public\/er\/2022\/01\/10\/intervista-turi-sulla-pandemia-ancora-gli-stessi-errori-il-nuovo-contratto-no-a-soluzioni-al-ribasso\/\"},\"wordCount\":917,\"publisher\":{\"@id\":\"https:\/\/www.uilscuolaemiliaromagna.it\/public\/er\/#organization\"},\"keywords\":[\"pino turi\"],\"articleSection\":[\"Notizie\"],\"inLanguage\":\"it-IT\"},{\"@type\":\"WebPage\",\"@id\":\"https:\/\/www.uilscuolaemiliaromagna.it\/public\/er\/2022\/01\/10\/intervista-turi-sulla-pandemia-ancora-gli-stessi-errori-il-nuovo-contratto-no-a-soluzioni-al-ribasso\/\",\"url\":\"https:\/\/www.uilscuolaemiliaromagna.it\/public\/er\/2022\/01\/10\/intervista-turi-sulla-pandemia-ancora-gli-stessi-errori-il-nuovo-contratto-no-a-soluzioni-al-ribasso\/\",\"name\":\"INTERVISTA ! Turi: \u201cSulla pandemia ancora gli stessi errori. Il nuovo contratto? No a soluzioni al ribasso - Uil Scuola Emilia Romagna\",\"isPartOf\":{\"@id\":\"https:\/\/www.uilscuolaemiliaromagna.it\/public\/er\/#website\"},\"datePublished\":\"2022-01-10T21:35:08+00:00\",\"dateModified\":\"2022-01-12T08:37:10+00:00\",\"breadcrumb\":{\"@id\":\"https:\/\/www.uilscuolaemiliaromagna.it\/public\/er\/2022\/01\/10\/intervista-turi-sulla-pandemia-ancora-gli-stessi-errori-il-nuovo-contratto-no-a-soluzioni-al-ribasso\/#breadcrumb\"},\"inLanguage\":\"it-IT\",\"potentialAction\":[{\"@type\":\"ReadAction\",\"target\":[\"https:\/\/www.uilscuolaemiliaromagna.it\/public\/er\/2022\/01\/10\/intervista-turi-sulla-pandemia-ancora-gli-stessi-errori-il-nuovo-contratto-no-a-soluzioni-al-ribasso\/\"]}]},{\"@type\":\"BreadcrumbList\",\"@id\":\"https:\/\/www.uilscuolaemiliaromagna.it\/public\/er\/2022\/01\/10\/intervista-turi-sulla-pandemia-ancora-gli-stessi-errori-il-nuovo-contratto-no-a-soluzioni-al-ribasso\/#breadcrumb\",\"itemListElement\":[{\"@type\":\"ListItem\",\"position\":1,\"name\":\"Home\",\"item\":\"https:\/\/www.uilscuolaemiliaromagna.it\/public\/er\/\"},{\"@type\":\"ListItem\",\"position\":2,\"name\":\"INTERVISTA ! Turi: \u201cSulla pandemia ancora gli stessi errori. Il nuovo contratto? No a soluzioni al ribasso\"}]},{\"@type\":\"WebSite\",\"@id\":\"https:\/\/www.uilscuolaemiliaromagna.it\/public\/er\/#website\",\"url\":\"https:\/\/www.uilscuolaemiliaromagna.it\/public\/er\/\",\"name\":\"Uil Scuola Emilia Romagna\",\"description\":\"La voce libera della scuola\",\"publisher\":{\"@id\":\"https:\/\/www.uilscuolaemiliaromagna.it\/public\/er\/#organization\"},\"potentialAction\":[{\"@type\":\"SearchAction\",\"target\":{\"@type\":\"EntryPoint\",\"urlTemplate\":\"https:\/\/www.uilscuolaemiliaromagna.it\/public\/er\/?s={search_term_string}\"},\"query-input\":\"required name=search_term_string\"}],\"inLanguage\":\"it-IT\"},{\"@type\":\"Organization\",\"@id\":\"https:\/\/www.uilscuolaemiliaromagna.it\/public\/er\/#organization\",\"name\":\"Uil Scuola Emilia Romagna\",\"url\":\"https:\/\/www.uilscuolaemiliaromagna.it\/public\/er\/\",\"logo\":{\"@type\":\"ImageObject\",\"inLanguage\":\"it-IT\",\"@id\":\"https:\/\/www.uilscuolaemiliaromagna.it\/public\/er\/#\/schema\/logo\/image\/\",\"url\":\"https:\/\/www.uilscuolaemiliaromagna.it\/public\/er\/wp-content\/uploads\/2017\/04\/cropped-header.png\",\"contentUrl\":\"https:\/\/www.uilscuolaemiliaromagna.it\/public\/er\/wp-content\/uploads\/2017\/04\/cropped-header.png\",\"width\":1000,\"height\":150,\"caption\":\"Uil Scuola Emilia Romagna\"},\"image\":{\"@id\":\"https:\/\/www.uilscuolaemiliaromagna.it\/public\/er\/#\/schema\/logo\/image\/\"}},{\"@type\":\"Person\",\"@id\":\"https:\/\/www.uilscuolaemiliaromagna.it\/public\/er\/#\/schema\/person\/f42878fd07a4b6ba2b7153d4fad5de5e\",\"name\":\"admin\",\"image\":{\"@type\":\"ImageObject\",\"inLanguage\":\"it-IT\",\"@id\":\"https:\/\/www.uilscuolaemiliaromagna.it\/public\/er\/#\/schema\/person\/image\/\",\"url\":\"https:\/\/secure.gravatar.com\/avatar\/aebf815ae2f30ffdae8b8c247273d34c?s=96&d=mm&r=g\",\"contentUrl\":\"https:\/\/secure.gravatar.com\/avatar\/aebf815ae2f30ffdae8b8c247273d34c?s=96&d=mm&r=g\",\"caption\":\"admin\"},\"url\":\"https:\/\/www.uilscuolaemiliaromagna.it\/public\/er\/author\/admin\/\"}]}<\/script>\r\n<!-- \/ Yoast SEO plugin. -->","yoast_head_json":{"title":"INTERVISTA ! Turi: \u201cSulla pandemia ancora gli stessi errori. Il nuovo contratto? No a soluzioni al ribasso - Uil Scuola Emilia Romagna","robots":{"index":"index","follow":"follow","max-snippet":"max-snippet:-1","max-image-preview":"max-image-preview:large","max-video-preview":"max-video-preview:-1"},"canonical":"https:\/\/www.uilscuolaemiliaromagna.it\/public\/er\/2022\/01\/10\/intervista-turi-sulla-pandemia-ancora-gli-stessi-errori-il-nuovo-contratto-no-a-soluzioni-al-ribasso\/","og_locale":"it_IT","og_type":"article","og_title":"INTERVISTA ! Turi: \u201cSulla pandemia ancora gli stessi errori. Il nuovo contratto? No a soluzioni al ribasso - Uil Scuola Emilia Romagna","og_description":"Rinnovo del contratto scuola, gestione della pandemia, precariato e relazioni col ministro dell\u2019Istruzione. Il Segretario generale UIL Scuola fa il punto della situazione, una settimana &hellip;","og_url":"https:\/\/www.uilscuolaemiliaromagna.it\/public\/er\/2022\/01\/10\/intervista-turi-sulla-pandemia-ancora-gli-stessi-errori-il-nuovo-contratto-no-a-soluzioni-al-ribasso\/","og_site_name":"Uil Scuola Emilia Romagna","article_published_time":"2022-01-10T21:35:08+00:00","article_modified_time":"2022-01-12T08:37:10+00:00","og_image":[{"width":150,"height":150,"url":"https:\/\/www.uilscuolaemiliaromagna.it\/public\/er\/wp-content\/uploads\/2021\/09\/pino-turi-150x150-1.jpg","type":"image\/jpeg"}],"author":"admin","twitter_card":"summary_large_image","twitter_misc":{"Scritto da":"admin","Tempo di lettura stimato":"4 minuti"},"schema":{"@context":"https:\/\/schema.org","@graph":[{"@type":"Article","@id":"https:\/\/www.uilscuolaemiliaromagna.it\/public\/er\/2022\/01\/10\/intervista-turi-sulla-pandemia-ancora-gli-stessi-errori-il-nuovo-contratto-no-a-soluzioni-al-ribasso\/#article","isPartOf":{"@id":"https:\/\/www.uilscuolaemiliaromagna.it\/public\/er\/2022\/01\/10\/intervista-turi-sulla-pandemia-ancora-gli-stessi-errori-il-nuovo-contratto-no-a-soluzioni-al-ribasso\/"},"author":{"name":"admin","@id":"https:\/\/www.uilscuolaemiliaromagna.it\/public\/er\/#\/schema\/person\/f42878fd07a4b6ba2b7153d4fad5de5e"},"headline":"INTERVISTA ! Turi: \u201cSulla pandemia ancora gli stessi errori. Il nuovo contratto? No a soluzioni al ribasso","datePublished":"2022-01-10T21:35:08+00:00","dateModified":"2022-01-12T08:37:10+00:00","mainEntityOfPage":{"@id":"https:\/\/www.uilscuolaemiliaromagna.it\/public\/er\/2022\/01\/10\/intervista-turi-sulla-pandemia-ancora-gli-stessi-errori-il-nuovo-contratto-no-a-soluzioni-al-ribasso\/"},"wordCount":917,"publisher":{"@id":"https:\/\/www.uilscuolaemiliaromagna.it\/public\/er\/#organization"},"keywords":["pino turi"],"articleSection":["Notizie"],"inLanguage":"it-IT"},{"@type":"WebPage","@id":"https:\/\/www.uilscuolaemiliaromagna.it\/public\/er\/2022\/01\/10\/intervista-turi-sulla-pandemia-ancora-gli-stessi-errori-il-nuovo-contratto-no-a-soluzioni-al-ribasso\/","url":"https:\/\/www.uilscuolaemiliaromagna.it\/public\/er\/2022\/01\/10\/intervista-turi-sulla-pandemia-ancora-gli-stessi-errori-il-nuovo-contratto-no-a-soluzioni-al-ribasso\/","name":"INTERVISTA ! Turi: \u201cSulla pandemia ancora gli stessi errori. Il nuovo contratto? No a soluzioni al ribasso - Uil Scuola Emilia Romagna","isPartOf":{"@id":"https:\/\/www.uilscuolaemiliaromagna.it\/public\/er\/#website"},"datePublished":"2022-01-10T21:35:08+00:00","dateModified":"2022-01-12T08:37:10+00:00","breadcrumb":{"@id":"https:\/\/www.uilscuolaemiliaromagna.it\/public\/er\/2022\/01\/10\/intervista-turi-sulla-pandemia-ancora-gli-stessi-errori-il-nuovo-contratto-no-a-soluzioni-al-ribasso\/#breadcrumb"},"inLanguage":"it-IT","potentialAction":[{"@type":"ReadAction","target":["https:\/\/www.uilscuolaemiliaromagna.it\/public\/er\/2022\/01\/10\/intervista-turi-sulla-pandemia-ancora-gli-stessi-errori-il-nuovo-contratto-no-a-soluzioni-al-ribasso\/"]}]},{"@type":"BreadcrumbList","@id":"https:\/\/www.uilscuolaemiliaromagna.it\/public\/er\/2022\/01\/10\/intervista-turi-sulla-pandemia-ancora-gli-stessi-errori-il-nuovo-contratto-no-a-soluzioni-al-ribasso\/#breadcrumb","itemListElement":[{"@type":"ListItem","position":1,"name":"Home","item":"https:\/\/www.uilscuolaemiliaromagna.it\/public\/er\/"},{"@type":"ListItem","position":2,"name":"INTERVISTA ! Turi: \u201cSulla pandemia ancora gli stessi errori. Il nuovo contratto? No a soluzioni al ribasso"}]},{"@type":"WebSite","@id":"https:\/\/www.uilscuolaemiliaromagna.it\/public\/er\/#website","url":"https:\/\/www.uilscuolaemiliaromagna.it\/public\/er\/","name":"Uil Scuola Emilia Romagna","description":"La voce libera della scuola","publisher":{"@id":"https:\/\/www.uilscuolaemiliaromagna.it\/public\/er\/#organization"},"potentialAction":[{"@type":"SearchAction","target":{"@type":"EntryPoint","urlTemplate":"https:\/\/www.uilscuolaemiliaromagna.it\/public\/er\/?s={search_term_string}"},"query-input":"required name=search_term_string"}],"inLanguage":"it-IT"},{"@type":"Organization","@id":"https:\/\/www.uilscuolaemiliaromagna.it\/public\/er\/#organization","name":"Uil Scuola Emilia Romagna","url":"https:\/\/www.uilscuolaemiliaromagna.it\/public\/er\/","logo":{"@type":"ImageObject","inLanguage":"it-IT","@id":"https:\/\/www.uilscuolaemiliaromagna.it\/public\/er\/#\/schema\/logo\/image\/","url":"https:\/\/www.uilscuolaemiliaromagna.it\/public\/er\/wp-content\/uploads\/2017\/04\/cropped-header.png","contentUrl":"https:\/\/www.uilscuolaemiliaromagna.it\/public\/er\/wp-content\/uploads\/2017\/04\/cropped-header.png","width":1000,"height":150,"caption":"Uil Scuola Emilia Romagna"},"image":{"@id":"https:\/\/www.uilscuolaemiliaromagna.it\/public\/er\/#\/schema\/logo\/image\/"}},{"@type":"Person","@id":"https:\/\/www.uilscuolaemiliaromagna.it\/public\/er\/#\/schema\/person\/f42878fd07a4b6ba2b7153d4fad5de5e","name":"admin","image":{"@type":"ImageObject","inLanguage":"it-IT","@id":"https:\/\/www.uilscuolaemiliaromagna.it\/public\/er\/#\/schema\/person\/image\/","url":"https:\/\/secure.gravatar.com\/avatar\/aebf815ae2f30ffdae8b8c247273d34c?s=96&d=mm&r=g","contentUrl":"https:\/\/secure.gravatar.com\/avatar\/aebf815ae2f30ffdae8b8c247273d34c?s=96&d=mm&r=g","caption":"admin"},"url":"https:\/\/www.uilscuolaemiliaromagna.it\/public\/er\/author\/admin\/"}]}},"views":736,"_links":{"self":[{"href":"https:\/\/www.uilscuolaemiliaromagna.it\/public\/er\/wp-json\/wp\/v2\/posts\/9409"}],"collection":[{"href":"https:\/\/www.uilscuolaemiliaromagna.it\/public\/er\/wp-json\/wp\/v2\/posts"}],"about":[{"href":"https:\/\/www.uilscuolaemiliaromagna.it\/public\/er\/wp-json\/wp\/v2\/types\/post"}],"author":[{"embeddable":true,"href":"https:\/\/www.uilscuolaemiliaromagna.it\/public\/er\/wp-json\/wp\/v2\/users\/1"}],"replies":[{"embeddable":true,"href":"https:\/\/www.uilscuolaemiliaromagna.it\/public\/er\/wp-json\/wp\/v2\/comments?post=9409"}],"version-history":[{"count":1,"href":"https:\/\/www.uilscuolaemiliaromagna.it\/public\/er\/wp-json\/wp\/v2\/posts\/9409\/revisions"}],"predecessor-version":[{"id":9410,"href":"https:\/\/www.uilscuolaemiliaromagna.it\/public\/er\/wp-json\/wp\/v2\/posts\/9409\/revisions\/9410"}],"wp:featuredmedia":[{"embeddable":true,"href":"https:\/\/www.uilscuolaemiliaromagna.it\/public\/er\/wp-json\/wp\/v2\/media\/8833"}],"wp:attachment":[{"href":"https:\/\/www.uilscuolaemiliaromagna.it\/public\/er\/wp-json\/wp\/v2\/media?parent=9409"}],"wp:term":[{"taxonomy":"category","embeddable":true,"href":"https:\/\/www.uilscuolaemiliaromagna.it\/public\/er\/wp-json\/wp\/v2\/categories?post=9409"},{"taxonomy":"post_tag","embeddable":true,"href":"https:\/\/www.uilscuolaemiliaromagna.it\/public\/er\/wp-json\/wp\/v2\/tags?post=9409"}],"curies":[{"name":"wp","href":"https:\/\/api.w.org\/{rel}","templated":true}]}}