{"id":9411,"date":"2022-01-11T20:37:40","date_gmt":"2022-01-11T19:37:40","guid":{"rendered":"http:\/\/www.uilscuolaemiliaromagna.it\/public\/er\/?p=9411"},"modified":"2022-01-12T10:10:37","modified_gmt":"2022-01-12T09:10:37","slug":"trasferimenti-contratto-sulla-mobilita-superare-le-strettoie-legislative-e-possibile","status":"publish","type":"post","link":"https:\/\/www.uilscuolaemiliaromagna.it\/public\/er\/2022\/01\/11\/trasferimenti-contratto-sulla-mobilita-superare-le-strettoie-legislative-e-possibile\/","title":{"rendered":"TRASFERIMENTI | Contratto sulla mobilit\u00e0: superare le strettoie legislative \u00e8 possibile."},"content":{"rendered":"<div>\n<h4 style=\"text-align: justify;\"><strong><em>Oggi saremo alla riunione. Importante riaffermare il ruolo contrattuale per l\u2019eliminazione dei vincoli ai trasferimenti.<\/em><\/strong><\/h4>\n<p style=\"text-align: justify;\">Flc Cgil, Uil Scuola, Snals Confsal e Gilda Unams parteciperanno all\u2019incontro di oggi pomeriggio sul rinnovo del contratto sulla mobilit\u00e0.<\/p>\n<p style=\"text-align: justify;\">Il tema dei trasferimenti del personale \u2013 affermano i segretari generali Sinopoli, Turi, Serafini e di Meglio \u2013 \u00e8 una delle grandi questioni aperte. Per questo all\u2019incontro sar\u00e0 ribadita la necessit\u00e0 di confermare l\u2019attuale struttura contratto integrativo sulla mobilit\u00e0 che non prevede alcun vincolo, se non quello definito in sede di contratto nazionale.<\/p>\n<p style=\"text-align: justify;\">Superare le strettoie legislative \u00e8 possibile \u2013 affermano i segretari \u2013 per questo \u00e8 fondamentale verificare se esiste la volont\u00e0 del ministero di superare ci\u00f2 che la legge ha imposto.<\/p>\n<p style=\"text-align: justify;\">Lo strumento normativo per realizzare questo obiettivo gi\u00e0 esiste (art 2, comma 2, del Testo Unico n.165\/01) e consente di intervenire \u2013 riportando l\u2019intera materia nell\u2019alveo contrattuale \u2013 per eliminare i blocchi esistenti.<\/p>\n<p style=\"text-align: justify;\">Consentire, con questo rinnovo contrattuale, al personale della scuola di potersi trasferire superando gli attuali blocchi \u00e8 una delle richieste forti giunte da tutto il personale.<\/p>\n<p style=\"text-align: justify;\">Va ricordato \u2013 aggiungono i segretari di Flc Cgil, Uil Scuola, Snals e Gilda \u2013 che il rinnovo del contratto integrativo per la mobilit\u00e0 del personale si svolge alla vigilia del rinnovo del contratto nazionale della categoria.<\/p>\n<p style=\"text-align: justify;\">Appare del tutto chiaro che \u00e8 il contratto nazionale che definisce le linee guida e gli obiettivi per la contrattazione integrativa di secondo livello. Non sarebbe opportuno concordare un nuovo contratto sulla mobilit\u00e0 che abbia caratteristiche e durata diverse da quelle che si andranno definendo in sede di contrattazione nazionale.<\/p>\n<p style=\"text-align: justify;\">Abbiamo ribadito in tutti gli incontri politici \u2013 aggiungono i segretari \u2013 che la mobilit\u00e0 del personale \u00e8 tema ricondotto alla contrattazione e all\u2019autonomia delle parti, per questo vanno superate le diverse incursioni di legge, che hanno prodotto stratificazioni normative e vincoli che vanno superati.<\/p>\n<p style=\"text-align: justify;\">Il pi\u00f9 discriminante ed inaccettabile \u00e8 quello per i neoassunti la cui eventuale discussione e definizione deve discendere dall\u2019ambito delle indicazioni previste nello stesso contratto nazionale e non certo da interventi legislativi.<\/p>\n<p style=\"text-align: justify;\">I tempi ristretti e l\u2019esigenza di affrontare nodi politici pi\u00f9 impegnativi \u2013 sottolineano i quattro segretario \u2013 ci portano a ritenere opportuno prorogare di un anno il contratto attualmente in vigore, rinviando la trattativa sul nuovo integrativo a dopo il rinnovo del contratto nazionale il cui negoziato \u00e8 malauguratamente ancora fermo, senza nemmeno l\u2019atto di indirizzo all\u2019Aran, mentre altri comparti sono gi\u00e0 alla firma. Altra questione cruciale che andr\u00e0 valutata in tempi brevissimi.<\/p>\n<\/div>\n<h6>fonte:\u00a0<a href=\"https:\/\/uilscuola.it\/contratto-sulla-mobilita-superare-le-strettoie-legislative-e-possibile\/\" target=\"_blank\" rel=\"noopener noreferrer\">uilscuola.it<\/a><\/h6>\n<div class=\"clear\" style=\"text-align: justify;\"><\/div>\n<div id=\"allegati\"><\/div>\n\n<div class=\"twitter-share\"><a href=\"https:\/\/twitter.com\/intent\/tweet?via=UILScuolaBO_ER\" class=\"twitter-share-button\" data-size=\"large\">Tweet<\/a><\/div>\n","protected":false},"excerpt":{"rendered":"<p>Oggi saremo alla riunione. Importante riaffermare il ruolo contrattuale per l\u2019eliminazione dei vincoli ai trasferimenti. Flc Cgil, Uil Scuola, Snals Confsal e Gilda Unams parteciperanno &hellip; <\/p>\n","protected":false},"author":1,"featured_media":7987,"comment_status":"closed","ping_status":"open","sticky":false,"template":"","format":"standard","meta":{"footnotes":""},"categories":[5,12],"tags":[],"yoast_head":"<!-- This site is optimized with the Yoast SEO plugin v21.7 - https:\/\/yoast.com\/wordpress\/plugins\/seo\/ -->\r\n<title>TRASFERIMENTI | Contratto sulla mobilit\u00e0: superare le strettoie legislative \u00e8 possibile. - Uil Scuola Emilia Romagna<\/title>\r\n<meta name=\"robots\" content=\"index, follow, max-snippet:-1, max-image-preview:large, max-video-preview:-1\" \/>\r\n<link rel=\"canonical\" href=\"https:\/\/www.uilscuolaemiliaromagna.it\/public\/er\/2022\/01\/11\/trasferimenti-contratto-sulla-mobilita-superare-le-strettoie-legislative-e-possibile\/\" \/>\r\n<meta property=\"og:locale\" content=\"it_IT\" \/>\r\n<meta property=\"og:type\" content=\"article\" \/>\r\n<meta property=\"og:title\" content=\"TRASFERIMENTI | Contratto sulla mobilit\u00e0: superare le strettoie legislative \u00e8 possibile. - Uil Scuola Emilia Romagna\" \/>\r\n<meta property=\"og:description\" content=\"Oggi saremo alla riunione. Importante riaffermare il ruolo contrattuale per l\u2019eliminazione dei vincoli ai trasferimenti. Flc Cgil, Uil Scuola, Snals Confsal e Gilda Unams parteciperanno &hellip;\" \/>\r\n<meta property=\"og:url\" content=\"https:\/\/www.uilscuolaemiliaromagna.it\/public\/er\/2022\/01\/11\/trasferimenti-contratto-sulla-mobilita-superare-le-strettoie-legislative-e-possibile\/\" \/>\r\n<meta property=\"og:site_name\" content=\"Uil Scuola Emilia Romagna\" \/>\r\n<meta property=\"article:published_time\" content=\"2022-01-11T19:37:40+00:00\" \/>\r\n<meta property=\"article:modified_time\" content=\"2022-01-12T09:10:37+00:00\" \/>\r\n<meta property=\"og:image\" content=\"https:\/\/www.uilscuolaemiliaromagna.it\/public\/er\/wp-content\/uploads\/2021\/03\/Mobilita-docenti-2021.jpg\" \/>\r\n\t<meta property=\"og:image:width\" content=\"800\" \/>\r\n\t<meta property=\"og:image:height\" content=\"483\" \/>\r\n\t<meta property=\"og:image:type\" content=\"image\/jpeg\" \/>\r\n<meta name=\"author\" content=\"admin\" \/>\r\n<meta name=\"twitter:card\" content=\"summary_large_image\" \/>\r\n<meta name=\"twitter:label1\" content=\"Scritto da\" \/>\n\t<meta name=\"twitter:data1\" content=\"admin\" \/>\n\t<meta name=\"twitter:label2\" content=\"Tempo di lettura stimato\" \/>\n\t<meta name=\"twitter:data2\" content=\"2 minuti\" \/>\r\n<script type=\"application\/ld+json\" class=\"yoast-schema-graph\">{\"@context\":\"https:\/\/schema.org\",\"@graph\":[{\"@type\":\"Article\",\"@id\":\"https:\/\/www.uilscuolaemiliaromagna.it\/public\/er\/2022\/01\/11\/trasferimenti-contratto-sulla-mobilita-superare-le-strettoie-legislative-e-possibile\/#article\",\"isPartOf\":{\"@id\":\"https:\/\/www.uilscuolaemiliaromagna.it\/public\/er\/2022\/01\/11\/trasferimenti-contratto-sulla-mobilita-superare-le-strettoie-legislative-e-possibile\/\"},\"author\":{\"name\":\"admin\",\"@id\":\"https:\/\/www.uilscuolaemiliaromagna.it\/public\/er\/#\/schema\/person\/f42878fd07a4b6ba2b7153d4fad5de5e\"},\"headline\":\"TRASFERIMENTI | Contratto sulla mobilit\u00e0: superare le strettoie legislative \u00e8 possibile.\",\"datePublished\":\"2022-01-11T19:37:40+00:00\",\"dateModified\":\"2022-01-12T09:10:37+00:00\",\"mainEntityOfPage\":{\"@id\":\"https:\/\/www.uilscuolaemiliaromagna.it\/public\/er\/2022\/01\/11\/trasferimenti-contratto-sulla-mobilita-superare-le-strettoie-legislative-e-possibile\/\"},\"wordCount\":415,\"publisher\":{\"@id\":\"https:\/\/www.uilscuolaemiliaromagna.it\/public\/er\/#organization\"},\"articleSection\":[\"Mobilit\u00e0\",\"Notizie\"],\"inLanguage\":\"it-IT\"},{\"@type\":\"WebPage\",\"@id\":\"https:\/\/www.uilscuolaemiliaromagna.it\/public\/er\/2022\/01\/11\/trasferimenti-contratto-sulla-mobilita-superare-le-strettoie-legislative-e-possibile\/\",\"url\":\"https:\/\/www.uilscuolaemiliaromagna.it\/public\/er\/2022\/01\/11\/trasferimenti-contratto-sulla-mobilita-superare-le-strettoie-legislative-e-possibile\/\",\"name\":\"TRASFERIMENTI | Contratto sulla mobilit\u00e0: superare le strettoie legislative \u00e8 possibile. - Uil Scuola Emilia Romagna\",\"isPartOf\":{\"@id\":\"https:\/\/www.uilscuolaemiliaromagna.it\/public\/er\/#website\"},\"datePublished\":\"2022-01-11T19:37:40+00:00\",\"dateModified\":\"2022-01-12T09:10:37+00:00\",\"breadcrumb\":{\"@id\":\"https:\/\/www.uilscuolaemiliaromagna.it\/public\/er\/2022\/01\/11\/trasferimenti-contratto-sulla-mobilita-superare-le-strettoie-legislative-e-possibile\/#breadcrumb\"},\"inLanguage\":\"it-IT\",\"potentialAction\":[{\"@type\":\"ReadAction\",\"target\":[\"https:\/\/www.uilscuolaemiliaromagna.it\/public\/er\/2022\/01\/11\/trasferimenti-contratto-sulla-mobilita-superare-le-strettoie-legislative-e-possibile\/\"]}]},{\"@type\":\"BreadcrumbList\",\"@id\":\"https:\/\/www.uilscuolaemiliaromagna.it\/public\/er\/2022\/01\/11\/trasferimenti-contratto-sulla-mobilita-superare-le-strettoie-legislative-e-possibile\/#breadcrumb\",\"itemListElement\":[{\"@type\":\"ListItem\",\"position\":1,\"name\":\"Home\",\"item\":\"https:\/\/www.uilscuolaemiliaromagna.it\/public\/er\/\"},{\"@type\":\"ListItem\",\"position\":2,\"name\":\"TRASFERIMENTI | Contratto sulla mobilit\u00e0: superare le strettoie legislative \u00e8 possibile.\"}]},{\"@type\":\"WebSite\",\"@id\":\"https:\/\/www.uilscuolaemiliaromagna.it\/public\/er\/#website\",\"url\":\"https:\/\/www.uilscuolaemiliaromagna.it\/public\/er\/\",\"name\":\"Uil Scuola Emilia Romagna\",\"description\":\"La voce libera della scuola\",\"publisher\":{\"@id\":\"https:\/\/www.uilscuolaemiliaromagna.it\/public\/er\/#organization\"},\"potentialAction\":[{\"@type\":\"SearchAction\",\"target\":{\"@type\":\"EntryPoint\",\"urlTemplate\":\"https:\/\/www.uilscuolaemiliaromagna.it\/public\/er\/?s={search_term_string}\"},\"query-input\":\"required name=search_term_string\"}],\"inLanguage\":\"it-IT\"},{\"@type\":\"Organization\",\"@id\":\"https:\/\/www.uilscuolaemiliaromagna.it\/public\/er\/#organization\",\"name\":\"Uil Scuola Emilia Romagna\",\"url\":\"https:\/\/www.uilscuolaemiliaromagna.it\/public\/er\/\",\"logo\":{\"@type\":\"ImageObject\",\"inLanguage\":\"it-IT\",\"@id\":\"https:\/\/www.uilscuolaemiliaromagna.it\/public\/er\/#\/schema\/logo\/image\/\",\"url\":\"https:\/\/www.uilscuolaemiliaromagna.it\/public\/er\/wp-content\/uploads\/2017\/04\/cropped-header.png\",\"contentUrl\":\"https:\/\/www.uilscuolaemiliaromagna.it\/public\/er\/wp-content\/uploads\/2017\/04\/cropped-header.png\",\"width\":1000,\"height\":150,\"caption\":\"Uil Scuola Emilia Romagna\"},\"image\":{\"@id\":\"https:\/\/www.uilscuolaemiliaromagna.it\/public\/er\/#\/schema\/logo\/image\/\"}},{\"@type\":\"Person\",\"@id\":\"https:\/\/www.uilscuolaemiliaromagna.it\/public\/er\/#\/schema\/person\/f42878fd07a4b6ba2b7153d4fad5de5e\",\"name\":\"admin\",\"image\":{\"@type\":\"ImageObject\",\"inLanguage\":\"it-IT\",\"@id\":\"https:\/\/www.uilscuolaemiliaromagna.it\/public\/er\/#\/schema\/person\/image\/\",\"url\":\"https:\/\/secure.gravatar.com\/avatar\/aebf815ae2f30ffdae8b8c247273d34c?s=96&d=mm&r=g\",\"contentUrl\":\"https:\/\/secure.gravatar.com\/avatar\/aebf815ae2f30ffdae8b8c247273d34c?s=96&d=mm&r=g\",\"caption\":\"admin\"},\"url\":\"https:\/\/www.uilscuolaemiliaromagna.it\/public\/er\/author\/admin\/\"}]}<\/script>\r\n<!-- \/ Yoast SEO plugin. -->","yoast_head_json":{"title":"TRASFERIMENTI | Contratto sulla mobilit\u00e0: superare le strettoie legislative \u00e8 possibile. - Uil Scuola Emilia Romagna","robots":{"index":"index","follow":"follow","max-snippet":"max-snippet:-1","max-image-preview":"max-image-preview:large","max-video-preview":"max-video-preview:-1"},"canonical":"https:\/\/www.uilscuolaemiliaromagna.it\/public\/er\/2022\/01\/11\/trasferimenti-contratto-sulla-mobilita-superare-le-strettoie-legislative-e-possibile\/","og_locale":"it_IT","og_type":"article","og_title":"TRASFERIMENTI | Contratto sulla mobilit\u00e0: superare le strettoie legislative \u00e8 possibile. - Uil Scuola Emilia Romagna","og_description":"Oggi saremo alla riunione. Importante riaffermare il ruolo contrattuale per l\u2019eliminazione dei vincoli ai trasferimenti. Flc Cgil, Uil Scuola, Snals Confsal e Gilda Unams parteciperanno &hellip;","og_url":"https:\/\/www.uilscuolaemiliaromagna.it\/public\/er\/2022\/01\/11\/trasferimenti-contratto-sulla-mobilita-superare-le-strettoie-legislative-e-possibile\/","og_site_name":"Uil Scuola Emilia Romagna","article_published_time":"2022-01-11T19:37:40+00:00","article_modified_time":"2022-01-12T09:10:37+00:00","og_image":[{"width":800,"height":483,"url":"https:\/\/www.uilscuolaemiliaromagna.it\/public\/er\/wp-content\/uploads\/2021\/03\/Mobilita-docenti-2021.jpg","type":"image\/jpeg"}],"author":"admin","twitter_card":"summary_large_image","twitter_misc":{"Scritto da":"admin","Tempo di lettura stimato":"2 minuti"},"schema":{"@context":"https:\/\/schema.org","@graph":[{"@type":"Article","@id":"https:\/\/www.uilscuolaemiliaromagna.it\/public\/er\/2022\/01\/11\/trasferimenti-contratto-sulla-mobilita-superare-le-strettoie-legislative-e-possibile\/#article","isPartOf":{"@id":"https:\/\/www.uilscuolaemiliaromagna.it\/public\/er\/2022\/01\/11\/trasferimenti-contratto-sulla-mobilita-superare-le-strettoie-legislative-e-possibile\/"},"author":{"name":"admin","@id":"https:\/\/www.uilscuolaemiliaromagna.it\/public\/er\/#\/schema\/person\/f42878fd07a4b6ba2b7153d4fad5de5e"},"headline":"TRASFERIMENTI | Contratto sulla mobilit\u00e0: superare le strettoie legislative \u00e8 possibile.","datePublished":"2022-01-11T19:37:40+00:00","dateModified":"2022-01-12T09:10:37+00:00","mainEntityOfPage":{"@id":"https:\/\/www.uilscuolaemiliaromagna.it\/public\/er\/2022\/01\/11\/trasferimenti-contratto-sulla-mobilita-superare-le-strettoie-legislative-e-possibile\/"},"wordCount":415,"publisher":{"@id":"https:\/\/www.uilscuolaemiliaromagna.it\/public\/er\/#organization"},"articleSection":["Mobilit\u00e0","Notizie"],"inLanguage":"it-IT"},{"@type":"WebPage","@id":"https:\/\/www.uilscuolaemiliaromagna.it\/public\/er\/2022\/01\/11\/trasferimenti-contratto-sulla-mobilita-superare-le-strettoie-legislative-e-possibile\/","url":"https:\/\/www.uilscuolaemiliaromagna.it\/public\/er\/2022\/01\/11\/trasferimenti-contratto-sulla-mobilita-superare-le-strettoie-legislative-e-possibile\/","name":"TRASFERIMENTI | Contratto sulla mobilit\u00e0: superare le strettoie legislative \u00e8 possibile. - Uil Scuola Emilia Romagna","isPartOf":{"@id":"https:\/\/www.uilscuolaemiliaromagna.it\/public\/er\/#website"},"datePublished":"2022-01-11T19:37:40+00:00","dateModified":"2022-01-12T09:10:37+00:00","breadcrumb":{"@id":"https:\/\/www.uilscuolaemiliaromagna.it\/public\/er\/2022\/01\/11\/trasferimenti-contratto-sulla-mobilita-superare-le-strettoie-legislative-e-possibile\/#breadcrumb"},"inLanguage":"it-IT","potentialAction":[{"@type":"ReadAction","target":["https:\/\/www.uilscuolaemiliaromagna.it\/public\/er\/2022\/01\/11\/trasferimenti-contratto-sulla-mobilita-superare-le-strettoie-legislative-e-possibile\/"]}]},{"@type":"BreadcrumbList","@id":"https:\/\/www.uilscuolaemiliaromagna.it\/public\/er\/2022\/01\/11\/trasferimenti-contratto-sulla-mobilita-superare-le-strettoie-legislative-e-possibile\/#breadcrumb","itemListElement":[{"@type":"ListItem","position":1,"name":"Home","item":"https:\/\/www.uilscuolaemiliaromagna.it\/public\/er\/"},{"@type":"ListItem","position":2,"name":"TRASFERIMENTI | Contratto sulla mobilit\u00e0: superare le strettoie legislative \u00e8 possibile."}]},{"@type":"WebSite","@id":"https:\/\/www.uilscuolaemiliaromagna.it\/public\/er\/#website","url":"https:\/\/www.uilscuolaemiliaromagna.it\/public\/er\/","name":"Uil Scuola Emilia Romagna","description":"La voce libera della scuola","publisher":{"@id":"https:\/\/www.uilscuolaemiliaromagna.it\/public\/er\/#organization"},"potentialAction":[{"@type":"SearchAction","target":{"@type":"EntryPoint","urlTemplate":"https:\/\/www.uilscuolaemiliaromagna.it\/public\/er\/?s={search_term_string}"},"query-input":"required name=search_term_string"}],"inLanguage":"it-IT"},{"@type":"Organization","@id":"https:\/\/www.uilscuolaemiliaromagna.it\/public\/er\/#organization","name":"Uil Scuola Emilia Romagna","url":"https:\/\/www.uilscuolaemiliaromagna.it\/public\/er\/","logo":{"@type":"ImageObject","inLanguage":"it-IT","@id":"https:\/\/www.uilscuolaemiliaromagna.it\/public\/er\/#\/schema\/logo\/image\/","url":"https:\/\/www.uilscuolaemiliaromagna.it\/public\/er\/wp-content\/uploads\/2017\/04\/cropped-header.png","contentUrl":"https:\/\/www.uilscuolaemiliaromagna.it\/public\/er\/wp-content\/uploads\/2017\/04\/cropped-header.png","width":1000,"height":150,"caption":"Uil Scuola Emilia Romagna"},"image":{"@id":"https:\/\/www.uilscuolaemiliaromagna.it\/public\/er\/#\/schema\/logo\/image\/"}},{"@type":"Person","@id":"https:\/\/www.uilscuolaemiliaromagna.it\/public\/er\/#\/schema\/person\/f42878fd07a4b6ba2b7153d4fad5de5e","name":"admin","image":{"@type":"ImageObject","inLanguage":"it-IT","@id":"https:\/\/www.uilscuolaemiliaromagna.it\/public\/er\/#\/schema\/person\/image\/","url":"https:\/\/secure.gravatar.com\/avatar\/aebf815ae2f30ffdae8b8c247273d34c?s=96&d=mm&r=g","contentUrl":"https:\/\/secure.gravatar.com\/avatar\/aebf815ae2f30ffdae8b8c247273d34c?s=96&d=mm&r=g","caption":"admin"},"url":"https:\/\/www.uilscuolaemiliaromagna.it\/public\/er\/author\/admin\/"}]}},"views":784,"_links":{"self":[{"href":"https:\/\/www.uilscuolaemiliaromagna.it\/public\/er\/wp-json\/wp\/v2\/posts\/9411"}],"collection":[{"href":"https:\/\/www.uilscuolaemiliaromagna.it\/public\/er\/wp-json\/wp\/v2\/posts"}],"about":[{"href":"https:\/\/www.uilscuolaemiliaromagna.it\/public\/er\/wp-json\/wp\/v2\/types\/post"}],"author":[{"embeddable":true,"href":"https:\/\/www.uilscuolaemiliaromagna.it\/public\/er\/wp-json\/wp\/v2\/users\/1"}],"replies":[{"embeddable":true,"href":"https:\/\/www.uilscuolaemiliaromagna.it\/public\/er\/wp-json\/wp\/v2\/comments?post=9411"}],"version-history":[{"count":1,"href":"https:\/\/www.uilscuolaemiliaromagna.it\/public\/er\/wp-json\/wp\/v2\/posts\/9411\/revisions"}],"predecessor-version":[{"id":9412,"href":"https:\/\/www.uilscuolaemiliaromagna.it\/public\/er\/wp-json\/wp\/v2\/posts\/9411\/revisions\/9412"}],"wp:featuredmedia":[{"embeddable":true,"href":"https:\/\/www.uilscuolaemiliaromagna.it\/public\/er\/wp-json\/wp\/v2\/media\/7987"}],"wp:attachment":[{"href":"https:\/\/www.uilscuolaemiliaromagna.it\/public\/er\/wp-json\/wp\/v2\/media?parent=9411"}],"wp:term":[{"taxonomy":"category","embeddable":true,"href":"https:\/\/www.uilscuolaemiliaromagna.it\/public\/er\/wp-json\/wp\/v2\/categories?post=9411"},{"taxonomy":"post_tag","embeddable":true,"href":"https:\/\/www.uilscuolaemiliaromagna.it\/public\/er\/wp-json\/wp\/v2\/tags?post=9411"}],"curies":[{"name":"wp","href":"https:\/\/api.w.org\/{rel}","templated":true}]}}