{"id":9650,"date":"2022-03-17T22:23:48","date_gmt":"2022-03-17T21:23:48","guid":{"rendered":"http:\/\/www.uilscuolaemiliaromagna.it\/public\/er\/?p=9650"},"modified":"2022-03-18T10:26:49","modified_gmt":"2022-03-18T09:26:49","slug":"incontro-bianchi-sindacati-ripartono-le-trattative-per-il-nuovo-contratto-turi-bel-segnale-ora-scriviamo-insieme-una-nuova-pagina","status":"publish","type":"post","link":"https:\/\/www.uilscuolaemiliaromagna.it\/public\/er\/2022\/03\/17\/incontro-bianchi-sindacati-ripartono-le-trattative-per-il-nuovo-contratto-turi-bel-segnale-ora-scriviamo-insieme-una-nuova-pagina\/","title":{"rendered":"INCONTRO BIANCHI &#8211; SINDACATI | Ripartono le trattative per il nuovo contratto, Turi: \u201cBel segnale, ora scriviamo insieme una nuova pagina&#8221;"},"content":{"rendered":"<p style=\"text-align: justify;\">Riparte la stagione del rinnovo dei contratti collettivi. \u00c8 questo l\u2019esito dell\u2019incontro avvenuto oggi, 17 marzo, tra Uil Scuola, FLC Cgil e il Ministro dell\u2019Istruzione Patrizio Bianchi.<\/p>\n<p style=\"text-align: justify;\">La riunione, scaturita a seguito della diffida che le stesse Organizzazioni sindacali avevano effettuato nei confronti del titolare del Dicastero dell\u2019Istruzione, ha dato esito positivo: \u201cEsprimiamo soddisfazione \u2013 ha sottolineato il Segretario generale UIL Scuola Pino Turi -. Riteniamo che ci siano finalmente le premesse per avviare una nuova pagina delle relazioni sindacali con il Ministro Bianchi\u201d.<\/p>\n<p style=\"text-align: justify;\">Il conflitto, si ricorder\u00e0, \u00e8 stato determinato dalla sottoscrizione del contratto sulla mobilit\u00e0 con un\u2019unica sigla sindacale (la Cisl Scuola) al quale il Ministro cadendo in un\u2019azione antisindacale per la quale \u00e8 depositato un ricorso ex art 28 della legge n. 300\/70,\u00a0 aveva riconosciuto piena validit\u00e0.<\/p>\n<p style=\"text-align: justify;\">Uil Scuola e Flc Cgil, congiuntamente, hanno avviato un\u2019azione legale per il riconoscimento del comportamento antisindacale da parte del Ministro finalizzato a ripristinare corrette relazioni sindacali e fare venire meno il comportamento ostile del Ministero stesso e continuare la trattativa per il rinnovo del contratto sulla mobilit\u00e0, la cui validit\u00e0 \u00e8 recentemente scaduta.<\/p>\n<p style=\"text-align: justify;\">Dopo l\u2019incontro, il Ministro ha assicurato che provveder\u00e0 a riconvocare tutti i sindacati della scuola, per riprendere definitivamente una relazione corretta e senza controversie.<br \/>\nDurante l\u2019incontro, il Ministro Bianchi ha anche dato riscontro ad una forte richiesta da tempo sollecitata dalla UIL Scuola, vale a dire tornare alla normalit\u00e0 del dopo pandemia eliminando gli ostacoli che hanno impedito il lavoro a pieno titolo del\u00a0 personale sospeso, insieme con\u00a0\u00a0 la proroga per l\u2019organico scolastico per l\u2019emergenza (personale Ata e docenti) fino al termine delle lezioni.<\/p>\n<p style=\"text-align: justify;\">\u201cRinnoviamo al Ministro tutta la nostra disponibilit\u00e0, in sede politica e non giudiziaria, per la ripresa di un sistema di relazioni sindacali finalmente aperto al cambiamento e in grado di recepire le tantissime istanze che provengono dai lavoratori della scuola, a partire dal rinnovo del CCNL e da quelli dei\u00a0 precari la cui consistenza ha toccato livelli quantitativi insopportabili (300 mila n.d.r.), con inevitabili ricadute negative sull\u2019intero sistema scolastico \u2013 conclude Turi \u2013 A margine dell\u2019incontro il ministro ha dato la propria disponibilit\u00e0 nell\u2019ambito dei lavori del Consiglio dei Ministri per portare a soluzione le problematiche tuttora aperte, a partire dalla conferma dell\u2019organico Covid\u201d.<\/p>\n<h6>fonte:\u00a0<a href=\"https:\/\/uilscuola.it\/ripartono-le-trattative-per-il-nuovo-contratto-turi-bel-segnale-ora-scriviamo-insieme-nuova-pagina\/?doing_wp_cron=1647595576.8383059501647949218750\" target=\"_blank\" rel=\"noopener noreferrer\">uilscuola.it<\/a><\/h6>\n\n<div class=\"twitter-share\"><a href=\"https:\/\/twitter.com\/intent\/tweet?via=UILScuolaBO_ER\" class=\"twitter-share-button\" data-size=\"large\">Tweet<\/a><\/div>\n","protected":false},"excerpt":{"rendered":"<p>Riparte la stagione del rinnovo dei contratti collettivi. \u00c8 questo l\u2019esito dell\u2019incontro avvenuto oggi, 17 marzo, tra Uil Scuola, FLC Cgil e il Ministro dell\u2019Istruzione &hellip; <\/p>\n","protected":false},"author":1,"featured_media":9651,"comment_status":"closed","ping_status":"open","sticky":false,"template":"","format":"standard","meta":{"footnotes":""},"categories":[12],"tags":[],"yoast_head":"<!-- This site is optimized with the Yoast SEO plugin v21.7 - https:\/\/yoast.com\/wordpress\/plugins\/seo\/ -->\r\n<title>INCONTRO BIANCHI - SINDACATI | Ripartono le trattative per il nuovo contratto, Turi: \u201cBel segnale, ora scriviamo insieme una nuova pagina&quot; - Uil Scuola Emilia Romagna<\/title>\r\n<meta name=\"robots\" content=\"index, follow, max-snippet:-1, max-image-preview:large, max-video-preview:-1\" \/>\r\n<link rel=\"canonical\" href=\"https:\/\/www.uilscuolaemiliaromagna.it\/public\/er\/2022\/03\/17\/incontro-bianchi-sindacati-ripartono-le-trattative-per-il-nuovo-contratto-turi-bel-segnale-ora-scriviamo-insieme-una-nuova-pagina\/\" \/>\r\n<meta property=\"og:locale\" content=\"it_IT\" \/>\r\n<meta property=\"og:type\" content=\"article\" \/>\r\n<meta property=\"og:title\" content=\"INCONTRO BIANCHI - SINDACATI | Ripartono le trattative per il nuovo contratto, Turi: \u201cBel segnale, ora scriviamo insieme una nuova pagina&quot; - Uil Scuola Emilia Romagna\" \/>\r\n<meta property=\"og:description\" content=\"Riparte la stagione del rinnovo dei contratti collettivi. \u00c8 questo l\u2019esito dell\u2019incontro avvenuto oggi, 17 marzo, tra Uil Scuola, FLC Cgil e il Ministro dell\u2019Istruzione &hellip;\" \/>\r\n<meta property=\"og:url\" content=\"https:\/\/www.uilscuolaemiliaromagna.it\/public\/er\/2022\/03\/17\/incontro-bianchi-sindacati-ripartono-le-trattative-per-il-nuovo-contratto-turi-bel-segnale-ora-scriviamo-insieme-una-nuova-pagina\/\" \/>\r\n<meta property=\"og:site_name\" content=\"Uil Scuola Emilia Romagna\" \/>\r\n<meta property=\"article:published_time\" content=\"2022-03-17T21:23:48+00:00\" \/>\r\n<meta property=\"article:modified_time\" content=\"2022-03-18T09:26:49+00:00\" \/>\r\n<meta property=\"og:image\" content=\"https:\/\/www.uilscuolaemiliaromagna.it\/public\/er\/wp-content\/uploads\/2022\/03\/Consiglio-nazionale-Pino-Turi-090322-150x150-1.jpeg\" \/>\r\n\t<meta property=\"og:image:width\" content=\"150\" \/>\r\n\t<meta property=\"og:image:height\" content=\"150\" \/>\r\n\t<meta property=\"og:image:type\" content=\"image\/jpeg\" \/>\r\n<meta name=\"author\" content=\"admin\" \/>\r\n<meta name=\"twitter:card\" content=\"summary_large_image\" \/>\r\n<meta name=\"twitter:label1\" content=\"Scritto da\" \/>\n\t<meta name=\"twitter:data1\" content=\"admin\" \/>\n\t<meta name=\"twitter:label2\" content=\"Tempo di lettura stimato\" \/>\n\t<meta name=\"twitter:data2\" content=\"2 minuti\" \/>\r\n<script type=\"application\/ld+json\" class=\"yoast-schema-graph\">{\"@context\":\"https:\/\/schema.org\",\"@graph\":[{\"@type\":\"Article\",\"@id\":\"https:\/\/www.uilscuolaemiliaromagna.it\/public\/er\/2022\/03\/17\/incontro-bianchi-sindacati-ripartono-le-trattative-per-il-nuovo-contratto-turi-bel-segnale-ora-scriviamo-insieme-una-nuova-pagina\/#article\",\"isPartOf\":{\"@id\":\"https:\/\/www.uilscuolaemiliaromagna.it\/public\/er\/2022\/03\/17\/incontro-bianchi-sindacati-ripartono-le-trattative-per-il-nuovo-contratto-turi-bel-segnale-ora-scriviamo-insieme-una-nuova-pagina\/\"},\"author\":{\"name\":\"admin\",\"@id\":\"https:\/\/www.uilscuolaemiliaromagna.it\/public\/er\/#\/schema\/person\/f42878fd07a4b6ba2b7153d4fad5de5e\"},\"headline\":\"INCONTRO BIANCHI &#8211; SINDACATI | Ripartono le trattative per il nuovo contratto, Turi: \u201cBel segnale, ora scriviamo insieme una nuova pagina&#8221;\",\"datePublished\":\"2022-03-17T21:23:48+00:00\",\"dateModified\":\"2022-03-18T09:26:49+00:00\",\"mainEntityOfPage\":{\"@id\":\"https:\/\/www.uilscuolaemiliaromagna.it\/public\/er\/2022\/03\/17\/incontro-bianchi-sindacati-ripartono-le-trattative-per-il-nuovo-contratto-turi-bel-segnale-ora-scriviamo-insieme-una-nuova-pagina\/\"},\"wordCount\":400,\"publisher\":{\"@id\":\"https:\/\/www.uilscuolaemiliaromagna.it\/public\/er\/#organization\"},\"articleSection\":[\"Notizie\"],\"inLanguage\":\"it-IT\"},{\"@type\":\"WebPage\",\"@id\":\"https:\/\/www.uilscuolaemiliaromagna.it\/public\/er\/2022\/03\/17\/incontro-bianchi-sindacati-ripartono-le-trattative-per-il-nuovo-contratto-turi-bel-segnale-ora-scriviamo-insieme-una-nuova-pagina\/\",\"url\":\"https:\/\/www.uilscuolaemiliaromagna.it\/public\/er\/2022\/03\/17\/incontro-bianchi-sindacati-ripartono-le-trattative-per-il-nuovo-contratto-turi-bel-segnale-ora-scriviamo-insieme-una-nuova-pagina\/\",\"name\":\"INCONTRO BIANCHI - SINDACATI | Ripartono le trattative per il nuovo contratto, Turi: \u201cBel segnale, ora scriviamo insieme una nuova pagina\\\" - Uil Scuola Emilia Romagna\",\"isPartOf\":{\"@id\":\"https:\/\/www.uilscuolaemiliaromagna.it\/public\/er\/#website\"},\"datePublished\":\"2022-03-17T21:23:48+00:00\",\"dateModified\":\"2022-03-18T09:26:49+00:00\",\"breadcrumb\":{\"@id\":\"https:\/\/www.uilscuolaemiliaromagna.it\/public\/er\/2022\/03\/17\/incontro-bianchi-sindacati-ripartono-le-trattative-per-il-nuovo-contratto-turi-bel-segnale-ora-scriviamo-insieme-una-nuova-pagina\/#breadcrumb\"},\"inLanguage\":\"it-IT\",\"potentialAction\":[{\"@type\":\"ReadAction\",\"target\":[\"https:\/\/www.uilscuolaemiliaromagna.it\/public\/er\/2022\/03\/17\/incontro-bianchi-sindacati-ripartono-le-trattative-per-il-nuovo-contratto-turi-bel-segnale-ora-scriviamo-insieme-una-nuova-pagina\/\"]}]},{\"@type\":\"BreadcrumbList\",\"@id\":\"https:\/\/www.uilscuolaemiliaromagna.it\/public\/er\/2022\/03\/17\/incontro-bianchi-sindacati-ripartono-le-trattative-per-il-nuovo-contratto-turi-bel-segnale-ora-scriviamo-insieme-una-nuova-pagina\/#breadcrumb\",\"itemListElement\":[{\"@type\":\"ListItem\",\"position\":1,\"name\":\"Home\",\"item\":\"https:\/\/www.uilscuolaemiliaromagna.it\/public\/er\/\"},{\"@type\":\"ListItem\",\"position\":2,\"name\":\"INCONTRO BIANCHI &#8211; SINDACATI | Ripartono le trattative per il nuovo contratto, Turi: \u201cBel segnale, ora scriviamo insieme una nuova pagina&#8221;\"}]},{\"@type\":\"WebSite\",\"@id\":\"https:\/\/www.uilscuolaemiliaromagna.it\/public\/er\/#website\",\"url\":\"https:\/\/www.uilscuolaemiliaromagna.it\/public\/er\/\",\"name\":\"Uil Scuola Emilia Romagna\",\"description\":\"La voce libera della scuola\",\"publisher\":{\"@id\":\"https:\/\/www.uilscuolaemiliaromagna.it\/public\/er\/#organization\"},\"potentialAction\":[{\"@type\":\"SearchAction\",\"target\":{\"@type\":\"EntryPoint\",\"urlTemplate\":\"https:\/\/www.uilscuolaemiliaromagna.it\/public\/er\/?s={search_term_string}\"},\"query-input\":\"required name=search_term_string\"}],\"inLanguage\":\"it-IT\"},{\"@type\":\"Organization\",\"@id\":\"https:\/\/www.uilscuolaemiliaromagna.it\/public\/er\/#organization\",\"name\":\"Uil Scuola Emilia Romagna\",\"url\":\"https:\/\/www.uilscuolaemiliaromagna.it\/public\/er\/\",\"logo\":{\"@type\":\"ImageObject\",\"inLanguage\":\"it-IT\",\"@id\":\"https:\/\/www.uilscuolaemiliaromagna.it\/public\/er\/#\/schema\/logo\/image\/\",\"url\":\"https:\/\/www.uilscuolaemiliaromagna.it\/public\/er\/wp-content\/uploads\/2017\/04\/cropped-header.png\",\"contentUrl\":\"https:\/\/www.uilscuolaemiliaromagna.it\/public\/er\/wp-content\/uploads\/2017\/04\/cropped-header.png\",\"width\":1000,\"height\":150,\"caption\":\"Uil Scuola Emilia Romagna\"},\"image\":{\"@id\":\"https:\/\/www.uilscuolaemiliaromagna.it\/public\/er\/#\/schema\/logo\/image\/\"}},{\"@type\":\"Person\",\"@id\":\"https:\/\/www.uilscuolaemiliaromagna.it\/public\/er\/#\/schema\/person\/f42878fd07a4b6ba2b7153d4fad5de5e\",\"name\":\"admin\",\"image\":{\"@type\":\"ImageObject\",\"inLanguage\":\"it-IT\",\"@id\":\"https:\/\/www.uilscuolaemiliaromagna.it\/public\/er\/#\/schema\/person\/image\/\",\"url\":\"https:\/\/secure.gravatar.com\/avatar\/aebf815ae2f30ffdae8b8c247273d34c?s=96&d=mm&r=g\",\"contentUrl\":\"https:\/\/secure.gravatar.com\/avatar\/aebf815ae2f30ffdae8b8c247273d34c?s=96&d=mm&r=g\",\"caption\":\"admin\"},\"url\":\"https:\/\/www.uilscuolaemiliaromagna.it\/public\/er\/author\/admin\/\"}]}<\/script>\r\n<!-- \/ Yoast SEO plugin. -->","yoast_head_json":{"title":"INCONTRO BIANCHI - SINDACATI | Ripartono le trattative per il nuovo contratto, Turi: \u201cBel segnale, ora scriviamo insieme una nuova pagina\" - Uil Scuola Emilia Romagna","robots":{"index":"index","follow":"follow","max-snippet":"max-snippet:-1","max-image-preview":"max-image-preview:large","max-video-preview":"max-video-preview:-1"},"canonical":"https:\/\/www.uilscuolaemiliaromagna.it\/public\/er\/2022\/03\/17\/incontro-bianchi-sindacati-ripartono-le-trattative-per-il-nuovo-contratto-turi-bel-segnale-ora-scriviamo-insieme-una-nuova-pagina\/","og_locale":"it_IT","og_type":"article","og_title":"INCONTRO BIANCHI - SINDACATI | Ripartono le trattative per il nuovo contratto, Turi: \u201cBel segnale, ora scriviamo insieme una nuova pagina\" - Uil Scuola Emilia Romagna","og_description":"Riparte la stagione del rinnovo dei contratti collettivi. \u00c8 questo l\u2019esito dell\u2019incontro avvenuto oggi, 17 marzo, tra Uil Scuola, FLC Cgil e il Ministro dell\u2019Istruzione &hellip;","og_url":"https:\/\/www.uilscuolaemiliaromagna.it\/public\/er\/2022\/03\/17\/incontro-bianchi-sindacati-ripartono-le-trattative-per-il-nuovo-contratto-turi-bel-segnale-ora-scriviamo-insieme-una-nuova-pagina\/","og_site_name":"Uil Scuola Emilia Romagna","article_published_time":"2022-03-17T21:23:48+00:00","article_modified_time":"2022-03-18T09:26:49+00:00","og_image":[{"width":150,"height":150,"url":"https:\/\/www.uilscuolaemiliaromagna.it\/public\/er\/wp-content\/uploads\/2022\/03\/Consiglio-nazionale-Pino-Turi-090322-150x150-1.jpeg","type":"image\/jpeg"}],"author":"admin","twitter_card":"summary_large_image","twitter_misc":{"Scritto da":"admin","Tempo di lettura stimato":"2 minuti"},"schema":{"@context":"https:\/\/schema.org","@graph":[{"@type":"Article","@id":"https:\/\/www.uilscuolaemiliaromagna.it\/public\/er\/2022\/03\/17\/incontro-bianchi-sindacati-ripartono-le-trattative-per-il-nuovo-contratto-turi-bel-segnale-ora-scriviamo-insieme-una-nuova-pagina\/#article","isPartOf":{"@id":"https:\/\/www.uilscuolaemiliaromagna.it\/public\/er\/2022\/03\/17\/incontro-bianchi-sindacati-ripartono-le-trattative-per-il-nuovo-contratto-turi-bel-segnale-ora-scriviamo-insieme-una-nuova-pagina\/"},"author":{"name":"admin","@id":"https:\/\/www.uilscuolaemiliaromagna.it\/public\/er\/#\/schema\/person\/f42878fd07a4b6ba2b7153d4fad5de5e"},"headline":"INCONTRO BIANCHI &#8211; SINDACATI | Ripartono le trattative per il nuovo contratto, Turi: \u201cBel segnale, ora scriviamo insieme una nuova pagina&#8221;","datePublished":"2022-03-17T21:23:48+00:00","dateModified":"2022-03-18T09:26:49+00:00","mainEntityOfPage":{"@id":"https:\/\/www.uilscuolaemiliaromagna.it\/public\/er\/2022\/03\/17\/incontro-bianchi-sindacati-ripartono-le-trattative-per-il-nuovo-contratto-turi-bel-segnale-ora-scriviamo-insieme-una-nuova-pagina\/"},"wordCount":400,"publisher":{"@id":"https:\/\/www.uilscuolaemiliaromagna.it\/public\/er\/#organization"},"articleSection":["Notizie"],"inLanguage":"it-IT"},{"@type":"WebPage","@id":"https:\/\/www.uilscuolaemiliaromagna.it\/public\/er\/2022\/03\/17\/incontro-bianchi-sindacati-ripartono-le-trattative-per-il-nuovo-contratto-turi-bel-segnale-ora-scriviamo-insieme-una-nuova-pagina\/","url":"https:\/\/www.uilscuolaemiliaromagna.it\/public\/er\/2022\/03\/17\/incontro-bianchi-sindacati-ripartono-le-trattative-per-il-nuovo-contratto-turi-bel-segnale-ora-scriviamo-insieme-una-nuova-pagina\/","name":"INCONTRO BIANCHI - SINDACATI | Ripartono le trattative per il nuovo contratto, Turi: \u201cBel segnale, ora scriviamo insieme una nuova pagina\" - Uil Scuola Emilia Romagna","isPartOf":{"@id":"https:\/\/www.uilscuolaemiliaromagna.it\/public\/er\/#website"},"datePublished":"2022-03-17T21:23:48+00:00","dateModified":"2022-03-18T09:26:49+00:00","breadcrumb":{"@id":"https:\/\/www.uilscuolaemiliaromagna.it\/public\/er\/2022\/03\/17\/incontro-bianchi-sindacati-ripartono-le-trattative-per-il-nuovo-contratto-turi-bel-segnale-ora-scriviamo-insieme-una-nuova-pagina\/#breadcrumb"},"inLanguage":"it-IT","potentialAction":[{"@type":"ReadAction","target":["https:\/\/www.uilscuolaemiliaromagna.it\/public\/er\/2022\/03\/17\/incontro-bianchi-sindacati-ripartono-le-trattative-per-il-nuovo-contratto-turi-bel-segnale-ora-scriviamo-insieme-una-nuova-pagina\/"]}]},{"@type":"BreadcrumbList","@id":"https:\/\/www.uilscuolaemiliaromagna.it\/public\/er\/2022\/03\/17\/incontro-bianchi-sindacati-ripartono-le-trattative-per-il-nuovo-contratto-turi-bel-segnale-ora-scriviamo-insieme-una-nuova-pagina\/#breadcrumb","itemListElement":[{"@type":"ListItem","position":1,"name":"Home","item":"https:\/\/www.uilscuolaemiliaromagna.it\/public\/er\/"},{"@type":"ListItem","position":2,"name":"INCONTRO BIANCHI &#8211; SINDACATI | Ripartono le trattative per il nuovo contratto, Turi: \u201cBel segnale, ora scriviamo insieme una nuova pagina&#8221;"}]},{"@type":"WebSite","@id":"https:\/\/www.uilscuolaemiliaromagna.it\/public\/er\/#website","url":"https:\/\/www.uilscuolaemiliaromagna.it\/public\/er\/","name":"Uil Scuola Emilia Romagna","description":"La voce libera della scuola","publisher":{"@id":"https:\/\/www.uilscuolaemiliaromagna.it\/public\/er\/#organization"},"potentialAction":[{"@type":"SearchAction","target":{"@type":"EntryPoint","urlTemplate":"https:\/\/www.uilscuolaemiliaromagna.it\/public\/er\/?s={search_term_string}"},"query-input":"required name=search_term_string"}],"inLanguage":"it-IT"},{"@type":"Organization","@id":"https:\/\/www.uilscuolaemiliaromagna.it\/public\/er\/#organization","name":"Uil Scuola Emilia Romagna","url":"https:\/\/www.uilscuolaemiliaromagna.it\/public\/er\/","logo":{"@type":"ImageObject","inLanguage":"it-IT","@id":"https:\/\/www.uilscuolaemiliaromagna.it\/public\/er\/#\/schema\/logo\/image\/","url":"https:\/\/www.uilscuolaemiliaromagna.it\/public\/er\/wp-content\/uploads\/2017\/04\/cropped-header.png","contentUrl":"https:\/\/www.uilscuolaemiliaromagna.it\/public\/er\/wp-content\/uploads\/2017\/04\/cropped-header.png","width":1000,"height":150,"caption":"Uil Scuola Emilia Romagna"},"image":{"@id":"https:\/\/www.uilscuolaemiliaromagna.it\/public\/er\/#\/schema\/logo\/image\/"}},{"@type":"Person","@id":"https:\/\/www.uilscuolaemiliaromagna.it\/public\/er\/#\/schema\/person\/f42878fd07a4b6ba2b7153d4fad5de5e","name":"admin","image":{"@type":"ImageObject","inLanguage":"it-IT","@id":"https:\/\/www.uilscuolaemiliaromagna.it\/public\/er\/#\/schema\/person\/image\/","url":"https:\/\/secure.gravatar.com\/avatar\/aebf815ae2f30ffdae8b8c247273d34c?s=96&d=mm&r=g","contentUrl":"https:\/\/secure.gravatar.com\/avatar\/aebf815ae2f30ffdae8b8c247273d34c?s=96&d=mm&r=g","caption":"admin"},"url":"https:\/\/www.uilscuolaemiliaromagna.it\/public\/er\/author\/admin\/"}]}},"views":635,"_links":{"self":[{"href":"https:\/\/www.uilscuolaemiliaromagna.it\/public\/er\/wp-json\/wp\/v2\/posts\/9650"}],"collection":[{"href":"https:\/\/www.uilscuolaemiliaromagna.it\/public\/er\/wp-json\/wp\/v2\/posts"}],"about":[{"href":"https:\/\/www.uilscuolaemiliaromagna.it\/public\/er\/wp-json\/wp\/v2\/types\/post"}],"author":[{"embeddable":true,"href":"https:\/\/www.uilscuolaemiliaromagna.it\/public\/er\/wp-json\/wp\/v2\/users\/1"}],"replies":[{"embeddable":true,"href":"https:\/\/www.uilscuolaemiliaromagna.it\/public\/er\/wp-json\/wp\/v2\/comments?post=9650"}],"version-history":[{"count":1,"href":"https:\/\/www.uilscuolaemiliaromagna.it\/public\/er\/wp-json\/wp\/v2\/posts\/9650\/revisions"}],"predecessor-version":[{"id":9652,"href":"https:\/\/www.uilscuolaemiliaromagna.it\/public\/er\/wp-json\/wp\/v2\/posts\/9650\/revisions\/9652"}],"wp:featuredmedia":[{"embeddable":true,"href":"https:\/\/www.uilscuolaemiliaromagna.it\/public\/er\/wp-json\/wp\/v2\/media\/9651"}],"wp:attachment":[{"href":"https:\/\/www.uilscuolaemiliaromagna.it\/public\/er\/wp-json\/wp\/v2\/media?parent=9650"}],"wp:term":[{"taxonomy":"category","embeddable":true,"href":"https:\/\/www.uilscuolaemiliaromagna.it\/public\/er\/wp-json\/wp\/v2\/categories?post=9650"},{"taxonomy":"post_tag","embeddable":true,"href":"https:\/\/www.uilscuolaemiliaromagna.it\/public\/er\/wp-json\/wp\/v2\/tags?post=9650"}],"curies":[{"name":"wp","href":"https:\/\/api.w.org\/{rel}","templated":true}]}}