{"id":9657,"date":"2022-03-18T19:04:02","date_gmt":"2022-03-18T18:04:02","guid":{"rendered":"http:\/\/www.uilscuolaemiliaromagna.it\/public\/er\/?p=9657"},"modified":"2022-03-18T19:05:22","modified_gmt":"2022-03-18T18:05:22","slug":"conferma-organico-covid-un-provvedimento-che-restituisce-serenita-alle-scuole-e-ai-lavoratori","status":"publish","type":"post","link":"https:\/\/www.uilscuolaemiliaromagna.it\/public\/er\/2022\/03\/18\/conferma-organico-covid-un-provvedimento-che-restituisce-serenita-alle-scuole-e-ai-lavoratori\/","title":{"rendered":"CONFERMA ORGANICO COVID: un provvedimento che restituisce serenit\u00e0 alle scuole e ai lavoratori"},"content":{"rendered":"<p style=\"text-align: justify;\">La decisione assunta dal Governo ieri di proroga dei contratti Covid \u00e8 sicuramente opportuna e necessaria. Confermare i contratti dei 55.000 dipendenti della scuola, docenti e ATA, \u00e8 un\u2019azione che consentir\u00e0 alle scuole di funzionare meglio in una fase in cui l\u2019emergenza epidemiologica non \u00e8 ancora superata.<\/p>\n<p style=\"text-align: justify;\">Il provvedimento giunge a conclusione di un lungo pressing condotto dalle organizzazioni sindacali nei confronti del Governo. Tra i temi centrali degli scioperi del 10 e 16 dicembre \u2013 sottolinea il segretario generale della Uil Scuola, Pino Turi \u2013 c\u2019era anche la richiesta di proroga fino alla fine dell\u2019anno scolastico dei posti per questi lavoratori chiamati in emergenza, durante i mesi pi\u00f9 acuti della pandemia.<\/p>\n<p style=\"text-align: justify;\">Il tema lavoro, soprattutto in una fase di crisi prolungata \u00e8 questione che ha la nostra massima attenzione \u2013 aggiunge Turi.<\/p>\n<p style=\"text-align: justify;\">Non va per\u00f2 taciuto che si tratta di un intervento tampone: la situazione \u00e8 decisamente pi\u00f9 complessa e riguarda l\u2019insufficienza dell\u2019organico del personale delle scuole.<br \/>\nUn problema vecchio che \u2013 sotto la spinta di un contesto sanitario profondamente mutato \u2013 dovrebbe ora trovare una risposta seria e strutturata nel tempo.<\/p>\n<p style=\"text-align: justify;\">I 55 mila posti devono ora entrare nella dotazione stabile degli organici delle scuole a partire dal prossimo anno scolastico 2022\/23 dando continuit\u00e0 a quanto effettuato in questi ultimi due anni scolastici.<\/p>\n<p style=\"text-align: justify;\">Sarebbe impensabile, e ci auguriamo che nessuno lo immagini, tornare ai numeri pre \u2013 pandemia, con organici ridotti all\u2019osso, pi\u00f9 vicini ai livelli dei tagli draconiani degli anni \u20182000 che a quelli confermati di oggi (limitati e a tempo).<\/p>\n<p style=\"text-align: justify;\">La scuola ha bisogno di dotazioni di personale congrue che portino al definitivo superamento delle classi sovraffollate e adottino le giuste misure sanitarie per svolgere l\u2019attivit\u00e0 didattica in piena sicurezza.<\/p>\n<p>&nbsp;<\/p>\n<h6>fonte:\u00a0<a href=\"https:\/\/uilscuola.it\/conferma-organico-covid-un-provvedimento-che-restituisce-serenita-alle-scuole-e-ai-lavoratori\/\" target=\"_blank\" rel=\"noopener noreferrer\">uilscuola.it<\/a><\/h6>\n\n<div class=\"twitter-share\"><a href=\"https:\/\/twitter.com\/intent\/tweet?via=UILScuolaBO_ER\" class=\"twitter-share-button\" data-size=\"large\">Tweet<\/a><\/div>\n","protected":false},"excerpt":{"rendered":"<p>La decisione assunta dal Governo ieri di proroga dei contratti Covid \u00e8 sicuramente opportuna e necessaria. Confermare i contratti dei 55.000 dipendenti della scuola, docenti &hellip; <\/p>\n","protected":false},"author":1,"featured_media":6815,"comment_status":"closed","ping_status":"open","sticky":false,"template":"","format":"standard","meta":{"footnotes":""},"categories":[2,12,6],"tags":[],"yoast_head":"<!-- This site is optimized with the Yoast SEO plugin v21.7 - https:\/\/yoast.com\/wordpress\/plugins\/seo\/ -->\r\n<title>CONFERMA ORGANICO COVID: un provvedimento che restituisce serenit\u00e0 alle scuole e ai lavoratori - Uil Scuola Emilia Romagna<\/title>\r\n<meta name=\"robots\" content=\"index, follow, max-snippet:-1, max-image-preview:large, max-video-preview:-1\" \/>\r\n<link rel=\"canonical\" href=\"https:\/\/www.uilscuolaemiliaromagna.it\/public\/er\/2022\/03\/18\/conferma-organico-covid-un-provvedimento-che-restituisce-serenita-alle-scuole-e-ai-lavoratori\/\" \/>\r\n<meta property=\"og:locale\" content=\"it_IT\" \/>\r\n<meta property=\"og:type\" content=\"article\" \/>\r\n<meta property=\"og:title\" content=\"CONFERMA ORGANICO COVID: un provvedimento che restituisce serenit\u00e0 alle scuole e ai lavoratori - Uil Scuola Emilia Romagna\" \/>\r\n<meta property=\"og:description\" content=\"La decisione assunta dal Governo ieri di proroga dei contratti Covid \u00e8 sicuramente opportuna e necessaria. Confermare i contratti dei 55.000 dipendenti della scuola, docenti &hellip;\" \/>\r\n<meta property=\"og:url\" content=\"https:\/\/www.uilscuolaemiliaromagna.it\/public\/er\/2022\/03\/18\/conferma-organico-covid-un-provvedimento-che-restituisce-serenita-alle-scuole-e-ai-lavoratori\/\" \/>\r\n<meta property=\"og:site_name\" content=\"Uil Scuola Emilia Romagna\" \/>\r\n<meta property=\"article:published_time\" content=\"2022-03-18T18:04:02+00:00\" \/>\r\n<meta property=\"article:modified_time\" content=\"2022-03-18T18:05:22+00:00\" \/>\r\n<meta property=\"og:image\" content=\"https:\/\/www.uilscuolaemiliaromagna.it\/public\/er\/wp-content\/uploads\/2020\/10\/ata-cs-4.jpg\" \/>\r\n\t<meta property=\"og:image:width\" content=\"800\" \/>\r\n\t<meta property=\"og:image:height\" content=\"500\" \/>\r\n\t<meta property=\"og:image:type\" content=\"image\/jpeg\" \/>\r\n<meta name=\"author\" content=\"admin\" \/>\r\n<meta name=\"twitter:card\" content=\"summary_large_image\" \/>\r\n<meta name=\"twitter:label1\" content=\"Scritto da\" \/>\n\t<meta name=\"twitter:data1\" content=\"admin\" \/>\n\t<meta name=\"twitter:label2\" content=\"Tempo di lettura stimato\" \/>\n\t<meta name=\"twitter:data2\" content=\"2 minuti\" \/>\r\n<script type=\"application\/ld+json\" class=\"yoast-schema-graph\">{\"@context\":\"https:\/\/schema.org\",\"@graph\":[{\"@type\":\"Article\",\"@id\":\"https:\/\/www.uilscuolaemiliaromagna.it\/public\/er\/2022\/03\/18\/conferma-organico-covid-un-provvedimento-che-restituisce-serenita-alle-scuole-e-ai-lavoratori\/#article\",\"isPartOf\":{\"@id\":\"https:\/\/www.uilscuolaemiliaromagna.it\/public\/er\/2022\/03\/18\/conferma-organico-covid-un-provvedimento-che-restituisce-serenita-alle-scuole-e-ai-lavoratori\/\"},\"author\":{\"name\":\"admin\",\"@id\":\"https:\/\/www.uilscuolaemiliaromagna.it\/public\/er\/#\/schema\/person\/f42878fd07a4b6ba2b7153d4fad5de5e\"},\"headline\":\"CONFERMA ORGANICO COVID: un provvedimento che restituisce serenit\u00e0 alle scuole e ai lavoratori\",\"datePublished\":\"2022-03-18T18:04:02+00:00\",\"dateModified\":\"2022-03-18T18:05:22+00:00\",\"mainEntityOfPage\":{\"@id\":\"https:\/\/www.uilscuolaemiliaromagna.it\/public\/er\/2022\/03\/18\/conferma-organico-covid-un-provvedimento-che-restituisce-serenita-alle-scuole-e-ai-lavoratori\/\"},\"wordCount\":292,\"publisher\":{\"@id\":\"https:\/\/www.uilscuolaemiliaromagna.it\/public\/er\/#organization\"},\"articleSection\":[\"ATA\",\"Notizie\",\"Personale Docente\"],\"inLanguage\":\"it-IT\"},{\"@type\":\"WebPage\",\"@id\":\"https:\/\/www.uilscuolaemiliaromagna.it\/public\/er\/2022\/03\/18\/conferma-organico-covid-un-provvedimento-che-restituisce-serenita-alle-scuole-e-ai-lavoratori\/\",\"url\":\"https:\/\/www.uilscuolaemiliaromagna.it\/public\/er\/2022\/03\/18\/conferma-organico-covid-un-provvedimento-che-restituisce-serenita-alle-scuole-e-ai-lavoratori\/\",\"name\":\"CONFERMA ORGANICO COVID: un provvedimento che restituisce serenit\u00e0 alle scuole e ai lavoratori - Uil Scuola Emilia Romagna\",\"isPartOf\":{\"@id\":\"https:\/\/www.uilscuolaemiliaromagna.it\/public\/er\/#website\"},\"datePublished\":\"2022-03-18T18:04:02+00:00\",\"dateModified\":\"2022-03-18T18:05:22+00:00\",\"breadcrumb\":{\"@id\":\"https:\/\/www.uilscuolaemiliaromagna.it\/public\/er\/2022\/03\/18\/conferma-organico-covid-un-provvedimento-che-restituisce-serenita-alle-scuole-e-ai-lavoratori\/#breadcrumb\"},\"inLanguage\":\"it-IT\",\"potentialAction\":[{\"@type\":\"ReadAction\",\"target\":[\"https:\/\/www.uilscuolaemiliaromagna.it\/public\/er\/2022\/03\/18\/conferma-organico-covid-un-provvedimento-che-restituisce-serenita-alle-scuole-e-ai-lavoratori\/\"]}]},{\"@type\":\"BreadcrumbList\",\"@id\":\"https:\/\/www.uilscuolaemiliaromagna.it\/public\/er\/2022\/03\/18\/conferma-organico-covid-un-provvedimento-che-restituisce-serenita-alle-scuole-e-ai-lavoratori\/#breadcrumb\",\"itemListElement\":[{\"@type\":\"ListItem\",\"position\":1,\"name\":\"Home\",\"item\":\"https:\/\/www.uilscuolaemiliaromagna.it\/public\/er\/\"},{\"@type\":\"ListItem\",\"position\":2,\"name\":\"CONFERMA ORGANICO COVID: un provvedimento che restituisce serenit\u00e0 alle scuole e ai lavoratori\"}]},{\"@type\":\"WebSite\",\"@id\":\"https:\/\/www.uilscuolaemiliaromagna.it\/public\/er\/#website\",\"url\":\"https:\/\/www.uilscuolaemiliaromagna.it\/public\/er\/\",\"name\":\"Uil Scuola Emilia Romagna\",\"description\":\"La voce libera della scuola\",\"publisher\":{\"@id\":\"https:\/\/www.uilscuolaemiliaromagna.it\/public\/er\/#organization\"},\"potentialAction\":[{\"@type\":\"SearchAction\",\"target\":{\"@type\":\"EntryPoint\",\"urlTemplate\":\"https:\/\/www.uilscuolaemiliaromagna.it\/public\/er\/?s={search_term_string}\"},\"query-input\":\"required name=search_term_string\"}],\"inLanguage\":\"it-IT\"},{\"@type\":\"Organization\",\"@id\":\"https:\/\/www.uilscuolaemiliaromagna.it\/public\/er\/#organization\",\"name\":\"Uil Scuola Emilia Romagna\",\"url\":\"https:\/\/www.uilscuolaemiliaromagna.it\/public\/er\/\",\"logo\":{\"@type\":\"ImageObject\",\"inLanguage\":\"it-IT\",\"@id\":\"https:\/\/www.uilscuolaemiliaromagna.it\/public\/er\/#\/schema\/logo\/image\/\",\"url\":\"https:\/\/www.uilscuolaemiliaromagna.it\/public\/er\/wp-content\/uploads\/2017\/04\/cropped-header.png\",\"contentUrl\":\"https:\/\/www.uilscuolaemiliaromagna.it\/public\/er\/wp-content\/uploads\/2017\/04\/cropped-header.png\",\"width\":1000,\"height\":150,\"caption\":\"Uil Scuola Emilia Romagna\"},\"image\":{\"@id\":\"https:\/\/www.uilscuolaemiliaromagna.it\/public\/er\/#\/schema\/logo\/image\/\"}},{\"@type\":\"Person\",\"@id\":\"https:\/\/www.uilscuolaemiliaromagna.it\/public\/er\/#\/schema\/person\/f42878fd07a4b6ba2b7153d4fad5de5e\",\"name\":\"admin\",\"image\":{\"@type\":\"ImageObject\",\"inLanguage\":\"it-IT\",\"@id\":\"https:\/\/www.uilscuolaemiliaromagna.it\/public\/er\/#\/schema\/person\/image\/\",\"url\":\"https:\/\/secure.gravatar.com\/avatar\/aebf815ae2f30ffdae8b8c247273d34c?s=96&d=mm&r=g\",\"contentUrl\":\"https:\/\/secure.gravatar.com\/avatar\/aebf815ae2f30ffdae8b8c247273d34c?s=96&d=mm&r=g\",\"caption\":\"admin\"},\"url\":\"https:\/\/www.uilscuolaemiliaromagna.it\/public\/er\/author\/admin\/\"}]}<\/script>\r\n<!-- \/ Yoast SEO plugin. -->","yoast_head_json":{"title":"CONFERMA ORGANICO COVID: un provvedimento che restituisce serenit\u00e0 alle scuole e ai lavoratori - Uil Scuola Emilia Romagna","robots":{"index":"index","follow":"follow","max-snippet":"max-snippet:-1","max-image-preview":"max-image-preview:large","max-video-preview":"max-video-preview:-1"},"canonical":"https:\/\/www.uilscuolaemiliaromagna.it\/public\/er\/2022\/03\/18\/conferma-organico-covid-un-provvedimento-che-restituisce-serenita-alle-scuole-e-ai-lavoratori\/","og_locale":"it_IT","og_type":"article","og_title":"CONFERMA ORGANICO COVID: un provvedimento che restituisce serenit\u00e0 alle scuole e ai lavoratori - Uil Scuola Emilia Romagna","og_description":"La decisione assunta dal Governo ieri di proroga dei contratti Covid \u00e8 sicuramente opportuna e necessaria. Confermare i contratti dei 55.000 dipendenti della scuola, docenti &hellip;","og_url":"https:\/\/www.uilscuolaemiliaromagna.it\/public\/er\/2022\/03\/18\/conferma-organico-covid-un-provvedimento-che-restituisce-serenita-alle-scuole-e-ai-lavoratori\/","og_site_name":"Uil Scuola Emilia Romagna","article_published_time":"2022-03-18T18:04:02+00:00","article_modified_time":"2022-03-18T18:05:22+00:00","og_image":[{"width":800,"height":500,"url":"https:\/\/www.uilscuolaemiliaromagna.it\/public\/er\/wp-content\/uploads\/2020\/10\/ata-cs-4.jpg","type":"image\/jpeg"}],"author":"admin","twitter_card":"summary_large_image","twitter_misc":{"Scritto da":"admin","Tempo di lettura stimato":"2 minuti"},"schema":{"@context":"https:\/\/schema.org","@graph":[{"@type":"Article","@id":"https:\/\/www.uilscuolaemiliaromagna.it\/public\/er\/2022\/03\/18\/conferma-organico-covid-un-provvedimento-che-restituisce-serenita-alle-scuole-e-ai-lavoratori\/#article","isPartOf":{"@id":"https:\/\/www.uilscuolaemiliaromagna.it\/public\/er\/2022\/03\/18\/conferma-organico-covid-un-provvedimento-che-restituisce-serenita-alle-scuole-e-ai-lavoratori\/"},"author":{"name":"admin","@id":"https:\/\/www.uilscuolaemiliaromagna.it\/public\/er\/#\/schema\/person\/f42878fd07a4b6ba2b7153d4fad5de5e"},"headline":"CONFERMA ORGANICO COVID: un provvedimento che restituisce serenit\u00e0 alle scuole e ai lavoratori","datePublished":"2022-03-18T18:04:02+00:00","dateModified":"2022-03-18T18:05:22+00:00","mainEntityOfPage":{"@id":"https:\/\/www.uilscuolaemiliaromagna.it\/public\/er\/2022\/03\/18\/conferma-organico-covid-un-provvedimento-che-restituisce-serenita-alle-scuole-e-ai-lavoratori\/"},"wordCount":292,"publisher":{"@id":"https:\/\/www.uilscuolaemiliaromagna.it\/public\/er\/#organization"},"articleSection":["ATA","Notizie","Personale Docente"],"inLanguage":"it-IT"},{"@type":"WebPage","@id":"https:\/\/www.uilscuolaemiliaromagna.it\/public\/er\/2022\/03\/18\/conferma-organico-covid-un-provvedimento-che-restituisce-serenita-alle-scuole-e-ai-lavoratori\/","url":"https:\/\/www.uilscuolaemiliaromagna.it\/public\/er\/2022\/03\/18\/conferma-organico-covid-un-provvedimento-che-restituisce-serenita-alle-scuole-e-ai-lavoratori\/","name":"CONFERMA ORGANICO COVID: un provvedimento che restituisce serenit\u00e0 alle scuole e ai lavoratori - Uil Scuola Emilia Romagna","isPartOf":{"@id":"https:\/\/www.uilscuolaemiliaromagna.it\/public\/er\/#website"},"datePublished":"2022-03-18T18:04:02+00:00","dateModified":"2022-03-18T18:05:22+00:00","breadcrumb":{"@id":"https:\/\/www.uilscuolaemiliaromagna.it\/public\/er\/2022\/03\/18\/conferma-organico-covid-un-provvedimento-che-restituisce-serenita-alle-scuole-e-ai-lavoratori\/#breadcrumb"},"inLanguage":"it-IT","potentialAction":[{"@type":"ReadAction","target":["https:\/\/www.uilscuolaemiliaromagna.it\/public\/er\/2022\/03\/18\/conferma-organico-covid-un-provvedimento-che-restituisce-serenita-alle-scuole-e-ai-lavoratori\/"]}]},{"@type":"BreadcrumbList","@id":"https:\/\/www.uilscuolaemiliaromagna.it\/public\/er\/2022\/03\/18\/conferma-organico-covid-un-provvedimento-che-restituisce-serenita-alle-scuole-e-ai-lavoratori\/#breadcrumb","itemListElement":[{"@type":"ListItem","position":1,"name":"Home","item":"https:\/\/www.uilscuolaemiliaromagna.it\/public\/er\/"},{"@type":"ListItem","position":2,"name":"CONFERMA ORGANICO COVID: un provvedimento che restituisce serenit\u00e0 alle scuole e ai lavoratori"}]},{"@type":"WebSite","@id":"https:\/\/www.uilscuolaemiliaromagna.it\/public\/er\/#website","url":"https:\/\/www.uilscuolaemiliaromagna.it\/public\/er\/","name":"Uil Scuola Emilia Romagna","description":"La voce libera della scuola","publisher":{"@id":"https:\/\/www.uilscuolaemiliaromagna.it\/public\/er\/#organization"},"potentialAction":[{"@type":"SearchAction","target":{"@type":"EntryPoint","urlTemplate":"https:\/\/www.uilscuolaemiliaromagna.it\/public\/er\/?s={search_term_string}"},"query-input":"required name=search_term_string"}],"inLanguage":"it-IT"},{"@type":"Organization","@id":"https:\/\/www.uilscuolaemiliaromagna.it\/public\/er\/#organization","name":"Uil Scuola Emilia Romagna","url":"https:\/\/www.uilscuolaemiliaromagna.it\/public\/er\/","logo":{"@type":"ImageObject","inLanguage":"it-IT","@id":"https:\/\/www.uilscuolaemiliaromagna.it\/public\/er\/#\/schema\/logo\/image\/","url":"https:\/\/www.uilscuolaemiliaromagna.it\/public\/er\/wp-content\/uploads\/2017\/04\/cropped-header.png","contentUrl":"https:\/\/www.uilscuolaemiliaromagna.it\/public\/er\/wp-content\/uploads\/2017\/04\/cropped-header.png","width":1000,"height":150,"caption":"Uil Scuola Emilia Romagna"},"image":{"@id":"https:\/\/www.uilscuolaemiliaromagna.it\/public\/er\/#\/schema\/logo\/image\/"}},{"@type":"Person","@id":"https:\/\/www.uilscuolaemiliaromagna.it\/public\/er\/#\/schema\/person\/f42878fd07a4b6ba2b7153d4fad5de5e","name":"admin","image":{"@type":"ImageObject","inLanguage":"it-IT","@id":"https:\/\/www.uilscuolaemiliaromagna.it\/public\/er\/#\/schema\/person\/image\/","url":"https:\/\/secure.gravatar.com\/avatar\/aebf815ae2f30ffdae8b8c247273d34c?s=96&d=mm&r=g","contentUrl":"https:\/\/secure.gravatar.com\/avatar\/aebf815ae2f30ffdae8b8c247273d34c?s=96&d=mm&r=g","caption":"admin"},"url":"https:\/\/www.uilscuolaemiliaromagna.it\/public\/er\/author\/admin\/"}]}},"views":655,"_links":{"self":[{"href":"https:\/\/www.uilscuolaemiliaromagna.it\/public\/er\/wp-json\/wp\/v2\/posts\/9657"}],"collection":[{"href":"https:\/\/www.uilscuolaemiliaromagna.it\/public\/er\/wp-json\/wp\/v2\/posts"}],"about":[{"href":"https:\/\/www.uilscuolaemiliaromagna.it\/public\/er\/wp-json\/wp\/v2\/types\/post"}],"author":[{"embeddable":true,"href":"https:\/\/www.uilscuolaemiliaromagna.it\/public\/er\/wp-json\/wp\/v2\/users\/1"}],"replies":[{"embeddable":true,"href":"https:\/\/www.uilscuolaemiliaromagna.it\/public\/er\/wp-json\/wp\/v2\/comments?post=9657"}],"version-history":[{"count":2,"href":"https:\/\/www.uilscuolaemiliaromagna.it\/public\/er\/wp-json\/wp\/v2\/posts\/9657\/revisions"}],"predecessor-version":[{"id":9659,"href":"https:\/\/www.uilscuolaemiliaromagna.it\/public\/er\/wp-json\/wp\/v2\/posts\/9657\/revisions\/9659"}],"wp:featuredmedia":[{"embeddable":true,"href":"https:\/\/www.uilscuolaemiliaromagna.it\/public\/er\/wp-json\/wp\/v2\/media\/6815"}],"wp:attachment":[{"href":"https:\/\/www.uilscuolaemiliaromagna.it\/public\/er\/wp-json\/wp\/v2\/media?parent=9657"}],"wp:term":[{"taxonomy":"category","embeddable":true,"href":"https:\/\/www.uilscuolaemiliaromagna.it\/public\/er\/wp-json\/wp\/v2\/categories?post=9657"},{"taxonomy":"post_tag","embeddable":true,"href":"https:\/\/www.uilscuolaemiliaromagna.it\/public\/er\/wp-json\/wp\/v2\/tags?post=9657"}],"curies":[{"name":"wp","href":"https:\/\/api.w.org\/{rel}","templated":true}]}}