{"id":9673,"date":"2022-03-18T22:34:29","date_gmt":"2022-03-18T21:34:29","guid":{"rendered":"http:\/\/www.uilscuolaemiliaromagna.it\/public\/er\/?p=9673"},"modified":"2022-03-23T17:37:59","modified_gmt":"2022-03-23T16:37:59","slug":"giurisprudenza-il-contratto-puo-modificare-la-legge-lo-riconosce-la-corte-dappello-di-trento","status":"publish","type":"post","link":"https:\/\/www.uilscuolaemiliaromagna.it\/public\/er\/2022\/03\/18\/giurisprudenza-il-contratto-puo-modificare-la-legge-lo-riconosce-la-corte-dappello-di-trento\/","title":{"rendered":"GIURISPRUDENZA | Il contratto pu\u00f2 modificare la legge: lo riconosce la Corte d\u2019Appello di Trento."},"content":{"rendered":"<h4 style=\"text-align: justify;\"><em>La contrattazione rimane l\u2019elemento centrale nella regolazione del rapporto di lavoro anche nel pubblico oggi privatizzato.<br \/>\n<\/em><\/h4>\n<p style=\"text-align: justify;\">Che la UIL Scuola in ogni occasione abbia invocato l\u2019attuazione dell\u2019art 2, comma, 2 del Decreto Legislativo n. 165, non \u00e8 una novit\u00e0, ma che lo riconosca anche un tribunale, un organo collegiale di seconda istanza, certamente lo \u00e8.<\/p>\n<p style=\"text-align: justify;\">Una sentenza che rimette dal punto di vista giuridico le questioni nell\u2019alveo giusto ed indirettamente condanna le ormai ripetute e frequenti incursioni legislative nella materia contrattuale che ne hanno snaturato la natura privatistica dei diritti soggettivi di natura sindacale: la contrattazione rimane l\u2019elemento centrale nella regolazione del rapporto di lavoro anche nel pubblico oggi privatizzato.<\/p>\n<p style=\"text-align: justify;\">La sentenza della Corte di Appello conferma la sentenza del giudice monocratico del Tribunale di Trento che, in prima istanza, ha riconosciuto la natura contrattuale della mobilit\u00e0 del personale destinato alle scuole italiane all\u2019estero.<\/p>\n<p style=\"text-align: justify;\">Come \u00e8 noto il Decreto Leg.vo n. 64\/15 \u2013 in base alla delega della Legge n. 107\/15 (c.d Buona Scuola) -attuato sulla base della condivisione di ben due ministeri, quello degli Esteri e dell\u2019Istruzione, che invocavano l\u2019attuazione pedissequa della legge, si sono visti perdenti anche nel giudizio di appello.<\/p>\n<p style=\"text-align: justify;\">La circostanza per cui il CCNL fu successivamente stipulato, in data successiva al Decreto, ha indotto i giudici a riconoscerne l\u2019inefficacia legislativa, proprio perch\u00e9 il dettato normativo del citato Art 2, comma 2, ne decretava la disapplicazione.<\/p>\n<p style=\"text-align: justify;\">Del resto, tale norma aveva gi\u00e0 consentito al CCNL, ancora in vigore, di disapplicare molte delle norme della Legge 107, Buona Scuola, attraverso la contrattazione.<\/p>\n<p style=\"text-align: justify;\">Alla luce di questa sentenza, si chiariscono dubbi e perplessit\u00e0 sorte anche nell\u2019ambito sindacale.<br \/>\nOra ci auguriamo che questa sentenza, grazie anche all\u2019autorevolezza del Tribunale che l\u2019ha emessa, non rappresenti ancora l\u2019alibi per nascondersi dietro l\u2019impossibilit\u00e0 di fare scelte diverse perch\u00e9 ci sono disposizioni di legge che vanno in altra direzione.<\/p>\n<p style=\"text-align: justify;\">Norme che purtroppo si accavallano e rendono di difficile attuazione la gestione del personale che si scontra con una realt\u00e0 in continuo divenire che le leggi, per loro natura rigide e molte volte, anche parziali e frutto di sensibilit\u00e0 transitorie, rendono incerti i diritti e gli obblighi dei lavoratori, con l\u2019inevitabile conseguenza sulla funzionalit\u00e0 dell\u2019istituzione stessa, instabile e foriera di crisi come quella che stiamo attraversando da qualche anno.<\/p>\n<p style=\"text-align: justify;\">Dopo questa sentenza non si potr\u00e0 sostenere che \u201cc\u2019\u00e8 la legge che prevale sempre\u201d o affermare che \u201cl\u2019ARAN e il ministro sono semplici esecutori\u201d, ma assumere la responsabilit\u00e0 della gestione per attivare regole e strumenti adeguati a dare risposte ai lavoratori.<\/p>\n<p style=\"text-align: justify;\">Un punto di analisi che non cambier\u00e0 le questioni e che non far\u00e0 venir meno le difficolt\u00e0, ma almeno ci sar\u00e0 certezza e individuazione di responsabilit\u00e0 dirette.<\/p>\n<p style=\"text-align: justify;\">E\u2019 ci\u00f2 che serve per risolvere problemi che languono da tempo in termini di mobilit\u00e0 del personale, profili professionali, nuove mansioni dovute ai cambiamenti in atto e a tutto ci\u00f2 che serve per una gestione moderna e riformista del personale della scuola.<\/p>\n<p style=\"text-align: justify;\">La UIL e la UIL Scuola, da sempre Sindacato laico e riformista, anche in questo caso sconta positivamente, non solo la determinazione e la propria posizione anche fuori dal coro, ma registra la coerenza e i risultati incominciano a vedersi. Ora con una posizione assunta dalla magistratura, il cui esito porter\u00e0 anche la politica a dare risposte adeguate e coerenti ai lavoratori.<\/p>\n<ul>\n<li><a href=\"https:\/\/www.uilscuolaemiliaromagna.it\/public\/er\/wp-content\/uploads\/2022\/03\/Sentenza-Corte-Appello-Trento-140322.pdf\" target=\"_blank\" rel=\"noopener noreferrer\">la Sentenza della Corte di Appello di Trento<\/a><\/li>\n<\/ul>\n<h6>fonte:\u00a0<a href=\"https:\/\/uilscuola.it\/il-contratto-puo-modificare-la-legge-lo-riconosce-la-corte-dappello-di-trento\/\" target=\"_blank\" rel=\"noopener noreferrer\">uilscuola.it<\/a><\/h6>\n\n<div class=\"twitter-share\"><a href=\"https:\/\/twitter.com\/intent\/tweet?via=UILScuolaBO_ER\" class=\"twitter-share-button\" data-size=\"large\">Tweet<\/a><\/div>\n","protected":false},"excerpt":{"rendered":"<p>La contrattazione rimane l\u2019elemento centrale nella regolazione del rapporto di lavoro anche nel pubblico oggi privatizzato. Che la UIL Scuola in ogni occasione abbia invocato &hellip; <\/p>\n","protected":false},"author":1,"featured_media":9675,"comment_status":"closed","ping_status":"open","sticky":false,"template":"","format":"standard","meta":{"footnotes":""},"categories":[12],"tags":[],"yoast_head":"<!-- This site is optimized with the Yoast SEO plugin v21.7 - https:\/\/yoast.com\/wordpress\/plugins\/seo\/ -->\r\n<title>GIURISPRUDENZA | Il contratto pu\u00f2 modificare la legge: lo riconosce la Corte d\u2019Appello di Trento. - Uil Scuola Emilia Romagna<\/title>\r\n<meta name=\"robots\" content=\"index, follow, max-snippet:-1, max-image-preview:large, max-video-preview:-1\" \/>\r\n<link rel=\"canonical\" href=\"https:\/\/www.uilscuolaemiliaromagna.it\/public\/er\/2022\/03\/18\/giurisprudenza-il-contratto-puo-modificare-la-legge-lo-riconosce-la-corte-dappello-di-trento\/\" \/>\r\n<meta property=\"og:locale\" content=\"it_IT\" \/>\r\n<meta property=\"og:type\" content=\"article\" \/>\r\n<meta property=\"og:title\" content=\"GIURISPRUDENZA | Il contratto pu\u00f2 modificare la legge: lo riconosce la Corte d\u2019Appello di Trento. - Uil Scuola Emilia Romagna\" \/>\r\n<meta property=\"og:description\" content=\"La contrattazione rimane l\u2019elemento centrale nella regolazione del rapporto di lavoro anche nel pubblico oggi privatizzato. Che la UIL Scuola in ogni occasione abbia invocato &hellip;\" \/>\r\n<meta property=\"og:url\" content=\"https:\/\/www.uilscuolaemiliaromagna.it\/public\/er\/2022\/03\/18\/giurisprudenza-il-contratto-puo-modificare-la-legge-lo-riconosce-la-corte-dappello-di-trento\/\" \/>\r\n<meta property=\"og:site_name\" content=\"Uil Scuola Emilia Romagna\" \/>\r\n<meta property=\"article:published_time\" content=\"2022-03-18T21:34:29+00:00\" \/>\r\n<meta property=\"article:modified_time\" content=\"2022-03-23T16:37:59+00:00\" \/>\r\n<meta property=\"og:image\" content=\"https:\/\/www.uilscuolaemiliaromagna.it\/public\/er\/wp-content\/uploads\/2022\/03\/Corte-appello-Trento-150x150-1.jpg\" \/>\r\n\t<meta property=\"og:image:width\" content=\"150\" \/>\r\n\t<meta property=\"og:image:height\" content=\"150\" \/>\r\n\t<meta property=\"og:image:type\" content=\"image\/jpeg\" \/>\r\n<meta name=\"author\" content=\"admin\" \/>\r\n<meta name=\"twitter:card\" content=\"summary_large_image\" \/>\r\n<meta name=\"twitter:label1\" content=\"Scritto da\" \/>\n\t<meta name=\"twitter:data1\" content=\"admin\" \/>\n\t<meta name=\"twitter:label2\" content=\"Tempo di lettura stimato\" \/>\n\t<meta name=\"twitter:data2\" content=\"3 minuti\" \/>\r\n<script type=\"application\/ld+json\" class=\"yoast-schema-graph\">{\"@context\":\"https:\/\/schema.org\",\"@graph\":[{\"@type\":\"Article\",\"@id\":\"https:\/\/www.uilscuolaemiliaromagna.it\/public\/er\/2022\/03\/18\/giurisprudenza-il-contratto-puo-modificare-la-legge-lo-riconosce-la-corte-dappello-di-trento\/#article\",\"isPartOf\":{\"@id\":\"https:\/\/www.uilscuolaemiliaromagna.it\/public\/er\/2022\/03\/18\/giurisprudenza-il-contratto-puo-modificare-la-legge-lo-riconosce-la-corte-dappello-di-trento\/\"},\"author\":{\"name\":\"admin\",\"@id\":\"https:\/\/www.uilscuolaemiliaromagna.it\/public\/er\/#\/schema\/person\/f42878fd07a4b6ba2b7153d4fad5de5e\"},\"headline\":\"GIURISPRUDENZA | Il contratto pu\u00f2 modificare la legge: lo riconosce la Corte d\u2019Appello di Trento.\",\"datePublished\":\"2022-03-18T21:34:29+00:00\",\"dateModified\":\"2022-03-23T16:37:59+00:00\",\"mainEntityOfPage\":{\"@id\":\"https:\/\/www.uilscuolaemiliaromagna.it\/public\/er\/2022\/03\/18\/giurisprudenza-il-contratto-puo-modificare-la-legge-lo-riconosce-la-corte-dappello-di-trento\/\"},\"wordCount\":580,\"publisher\":{\"@id\":\"https:\/\/www.uilscuolaemiliaromagna.it\/public\/er\/#organization\"},\"articleSection\":[\"Notizie\"],\"inLanguage\":\"it-IT\"},{\"@type\":\"WebPage\",\"@id\":\"https:\/\/www.uilscuolaemiliaromagna.it\/public\/er\/2022\/03\/18\/giurisprudenza-il-contratto-puo-modificare-la-legge-lo-riconosce-la-corte-dappello-di-trento\/\",\"url\":\"https:\/\/www.uilscuolaemiliaromagna.it\/public\/er\/2022\/03\/18\/giurisprudenza-il-contratto-puo-modificare-la-legge-lo-riconosce-la-corte-dappello-di-trento\/\",\"name\":\"GIURISPRUDENZA | Il contratto pu\u00f2 modificare la legge: lo riconosce la Corte d\u2019Appello di Trento. - Uil Scuola Emilia Romagna\",\"isPartOf\":{\"@id\":\"https:\/\/www.uilscuolaemiliaromagna.it\/public\/er\/#website\"},\"datePublished\":\"2022-03-18T21:34:29+00:00\",\"dateModified\":\"2022-03-23T16:37:59+00:00\",\"breadcrumb\":{\"@id\":\"https:\/\/www.uilscuolaemiliaromagna.it\/public\/er\/2022\/03\/18\/giurisprudenza-il-contratto-puo-modificare-la-legge-lo-riconosce-la-corte-dappello-di-trento\/#breadcrumb\"},\"inLanguage\":\"it-IT\",\"potentialAction\":[{\"@type\":\"ReadAction\",\"target\":[\"https:\/\/www.uilscuolaemiliaromagna.it\/public\/er\/2022\/03\/18\/giurisprudenza-il-contratto-puo-modificare-la-legge-lo-riconosce-la-corte-dappello-di-trento\/\"]}]},{\"@type\":\"BreadcrumbList\",\"@id\":\"https:\/\/www.uilscuolaemiliaromagna.it\/public\/er\/2022\/03\/18\/giurisprudenza-il-contratto-puo-modificare-la-legge-lo-riconosce-la-corte-dappello-di-trento\/#breadcrumb\",\"itemListElement\":[{\"@type\":\"ListItem\",\"position\":1,\"name\":\"Home\",\"item\":\"https:\/\/www.uilscuolaemiliaromagna.it\/public\/er\/\"},{\"@type\":\"ListItem\",\"position\":2,\"name\":\"GIURISPRUDENZA | Il contratto pu\u00f2 modificare la legge: lo riconosce la Corte d\u2019Appello di Trento.\"}]},{\"@type\":\"WebSite\",\"@id\":\"https:\/\/www.uilscuolaemiliaromagna.it\/public\/er\/#website\",\"url\":\"https:\/\/www.uilscuolaemiliaromagna.it\/public\/er\/\",\"name\":\"Uil Scuola Emilia Romagna\",\"description\":\"La voce libera della scuola\",\"publisher\":{\"@id\":\"https:\/\/www.uilscuolaemiliaromagna.it\/public\/er\/#organization\"},\"potentialAction\":[{\"@type\":\"SearchAction\",\"target\":{\"@type\":\"EntryPoint\",\"urlTemplate\":\"https:\/\/www.uilscuolaemiliaromagna.it\/public\/er\/?s={search_term_string}\"},\"query-input\":\"required name=search_term_string\"}],\"inLanguage\":\"it-IT\"},{\"@type\":\"Organization\",\"@id\":\"https:\/\/www.uilscuolaemiliaromagna.it\/public\/er\/#organization\",\"name\":\"Uil Scuola Emilia Romagna\",\"url\":\"https:\/\/www.uilscuolaemiliaromagna.it\/public\/er\/\",\"logo\":{\"@type\":\"ImageObject\",\"inLanguage\":\"it-IT\",\"@id\":\"https:\/\/www.uilscuolaemiliaromagna.it\/public\/er\/#\/schema\/logo\/image\/\",\"url\":\"https:\/\/www.uilscuolaemiliaromagna.it\/public\/er\/wp-content\/uploads\/2017\/04\/cropped-header.png\",\"contentUrl\":\"https:\/\/www.uilscuolaemiliaromagna.it\/public\/er\/wp-content\/uploads\/2017\/04\/cropped-header.png\",\"width\":1000,\"height\":150,\"caption\":\"Uil Scuola Emilia Romagna\"},\"image\":{\"@id\":\"https:\/\/www.uilscuolaemiliaromagna.it\/public\/er\/#\/schema\/logo\/image\/\"}},{\"@type\":\"Person\",\"@id\":\"https:\/\/www.uilscuolaemiliaromagna.it\/public\/er\/#\/schema\/person\/f42878fd07a4b6ba2b7153d4fad5de5e\",\"name\":\"admin\",\"image\":{\"@type\":\"ImageObject\",\"inLanguage\":\"it-IT\",\"@id\":\"https:\/\/www.uilscuolaemiliaromagna.it\/public\/er\/#\/schema\/person\/image\/\",\"url\":\"https:\/\/secure.gravatar.com\/avatar\/aebf815ae2f30ffdae8b8c247273d34c?s=96&d=mm&r=g\",\"contentUrl\":\"https:\/\/secure.gravatar.com\/avatar\/aebf815ae2f30ffdae8b8c247273d34c?s=96&d=mm&r=g\",\"caption\":\"admin\"},\"url\":\"https:\/\/www.uilscuolaemiliaromagna.it\/public\/er\/author\/admin\/\"}]}<\/script>\r\n<!-- \/ Yoast SEO plugin. -->","yoast_head_json":{"title":"GIURISPRUDENZA | Il contratto pu\u00f2 modificare la legge: lo riconosce la Corte d\u2019Appello di Trento. - Uil Scuola Emilia Romagna","robots":{"index":"index","follow":"follow","max-snippet":"max-snippet:-1","max-image-preview":"max-image-preview:large","max-video-preview":"max-video-preview:-1"},"canonical":"https:\/\/www.uilscuolaemiliaromagna.it\/public\/er\/2022\/03\/18\/giurisprudenza-il-contratto-puo-modificare-la-legge-lo-riconosce-la-corte-dappello-di-trento\/","og_locale":"it_IT","og_type":"article","og_title":"GIURISPRUDENZA | Il contratto pu\u00f2 modificare la legge: lo riconosce la Corte d\u2019Appello di Trento. - Uil Scuola Emilia Romagna","og_description":"La contrattazione rimane l\u2019elemento centrale nella regolazione del rapporto di lavoro anche nel pubblico oggi privatizzato. Che la UIL Scuola in ogni occasione abbia invocato &hellip;","og_url":"https:\/\/www.uilscuolaemiliaromagna.it\/public\/er\/2022\/03\/18\/giurisprudenza-il-contratto-puo-modificare-la-legge-lo-riconosce-la-corte-dappello-di-trento\/","og_site_name":"Uil Scuola Emilia Romagna","article_published_time":"2022-03-18T21:34:29+00:00","article_modified_time":"2022-03-23T16:37:59+00:00","og_image":[{"width":150,"height":150,"url":"https:\/\/www.uilscuolaemiliaromagna.it\/public\/er\/wp-content\/uploads\/2022\/03\/Corte-appello-Trento-150x150-1.jpg","type":"image\/jpeg"}],"author":"admin","twitter_card":"summary_large_image","twitter_misc":{"Scritto da":"admin","Tempo di lettura stimato":"3 minuti"},"schema":{"@context":"https:\/\/schema.org","@graph":[{"@type":"Article","@id":"https:\/\/www.uilscuolaemiliaromagna.it\/public\/er\/2022\/03\/18\/giurisprudenza-il-contratto-puo-modificare-la-legge-lo-riconosce-la-corte-dappello-di-trento\/#article","isPartOf":{"@id":"https:\/\/www.uilscuolaemiliaromagna.it\/public\/er\/2022\/03\/18\/giurisprudenza-il-contratto-puo-modificare-la-legge-lo-riconosce-la-corte-dappello-di-trento\/"},"author":{"name":"admin","@id":"https:\/\/www.uilscuolaemiliaromagna.it\/public\/er\/#\/schema\/person\/f42878fd07a4b6ba2b7153d4fad5de5e"},"headline":"GIURISPRUDENZA | Il contratto pu\u00f2 modificare la legge: lo riconosce la Corte d\u2019Appello di Trento.","datePublished":"2022-03-18T21:34:29+00:00","dateModified":"2022-03-23T16:37:59+00:00","mainEntityOfPage":{"@id":"https:\/\/www.uilscuolaemiliaromagna.it\/public\/er\/2022\/03\/18\/giurisprudenza-il-contratto-puo-modificare-la-legge-lo-riconosce-la-corte-dappello-di-trento\/"},"wordCount":580,"publisher":{"@id":"https:\/\/www.uilscuolaemiliaromagna.it\/public\/er\/#organization"},"articleSection":["Notizie"],"inLanguage":"it-IT"},{"@type":"WebPage","@id":"https:\/\/www.uilscuolaemiliaromagna.it\/public\/er\/2022\/03\/18\/giurisprudenza-il-contratto-puo-modificare-la-legge-lo-riconosce-la-corte-dappello-di-trento\/","url":"https:\/\/www.uilscuolaemiliaromagna.it\/public\/er\/2022\/03\/18\/giurisprudenza-il-contratto-puo-modificare-la-legge-lo-riconosce-la-corte-dappello-di-trento\/","name":"GIURISPRUDENZA | Il contratto pu\u00f2 modificare la legge: lo riconosce la Corte d\u2019Appello di Trento. - Uil Scuola Emilia Romagna","isPartOf":{"@id":"https:\/\/www.uilscuolaemiliaromagna.it\/public\/er\/#website"},"datePublished":"2022-03-18T21:34:29+00:00","dateModified":"2022-03-23T16:37:59+00:00","breadcrumb":{"@id":"https:\/\/www.uilscuolaemiliaromagna.it\/public\/er\/2022\/03\/18\/giurisprudenza-il-contratto-puo-modificare-la-legge-lo-riconosce-la-corte-dappello-di-trento\/#breadcrumb"},"inLanguage":"it-IT","potentialAction":[{"@type":"ReadAction","target":["https:\/\/www.uilscuolaemiliaromagna.it\/public\/er\/2022\/03\/18\/giurisprudenza-il-contratto-puo-modificare-la-legge-lo-riconosce-la-corte-dappello-di-trento\/"]}]},{"@type":"BreadcrumbList","@id":"https:\/\/www.uilscuolaemiliaromagna.it\/public\/er\/2022\/03\/18\/giurisprudenza-il-contratto-puo-modificare-la-legge-lo-riconosce-la-corte-dappello-di-trento\/#breadcrumb","itemListElement":[{"@type":"ListItem","position":1,"name":"Home","item":"https:\/\/www.uilscuolaemiliaromagna.it\/public\/er\/"},{"@type":"ListItem","position":2,"name":"GIURISPRUDENZA | Il contratto pu\u00f2 modificare la legge: lo riconosce la Corte d\u2019Appello di Trento."}]},{"@type":"WebSite","@id":"https:\/\/www.uilscuolaemiliaromagna.it\/public\/er\/#website","url":"https:\/\/www.uilscuolaemiliaromagna.it\/public\/er\/","name":"Uil Scuola Emilia Romagna","description":"La voce libera della scuola","publisher":{"@id":"https:\/\/www.uilscuolaemiliaromagna.it\/public\/er\/#organization"},"potentialAction":[{"@type":"SearchAction","target":{"@type":"EntryPoint","urlTemplate":"https:\/\/www.uilscuolaemiliaromagna.it\/public\/er\/?s={search_term_string}"},"query-input":"required name=search_term_string"}],"inLanguage":"it-IT"},{"@type":"Organization","@id":"https:\/\/www.uilscuolaemiliaromagna.it\/public\/er\/#organization","name":"Uil Scuola Emilia Romagna","url":"https:\/\/www.uilscuolaemiliaromagna.it\/public\/er\/","logo":{"@type":"ImageObject","inLanguage":"it-IT","@id":"https:\/\/www.uilscuolaemiliaromagna.it\/public\/er\/#\/schema\/logo\/image\/","url":"https:\/\/www.uilscuolaemiliaromagna.it\/public\/er\/wp-content\/uploads\/2017\/04\/cropped-header.png","contentUrl":"https:\/\/www.uilscuolaemiliaromagna.it\/public\/er\/wp-content\/uploads\/2017\/04\/cropped-header.png","width":1000,"height":150,"caption":"Uil Scuola Emilia Romagna"},"image":{"@id":"https:\/\/www.uilscuolaemiliaromagna.it\/public\/er\/#\/schema\/logo\/image\/"}},{"@type":"Person","@id":"https:\/\/www.uilscuolaemiliaromagna.it\/public\/er\/#\/schema\/person\/f42878fd07a4b6ba2b7153d4fad5de5e","name":"admin","image":{"@type":"ImageObject","inLanguage":"it-IT","@id":"https:\/\/www.uilscuolaemiliaromagna.it\/public\/er\/#\/schema\/person\/image\/","url":"https:\/\/secure.gravatar.com\/avatar\/aebf815ae2f30ffdae8b8c247273d34c?s=96&d=mm&r=g","contentUrl":"https:\/\/secure.gravatar.com\/avatar\/aebf815ae2f30ffdae8b8c247273d34c?s=96&d=mm&r=g","caption":"admin"},"url":"https:\/\/www.uilscuolaemiliaromagna.it\/public\/er\/author\/admin\/"}]}},"views":741,"_links":{"self":[{"href":"https:\/\/www.uilscuolaemiliaromagna.it\/public\/er\/wp-json\/wp\/v2\/posts\/9673"}],"collection":[{"href":"https:\/\/www.uilscuolaemiliaromagna.it\/public\/er\/wp-json\/wp\/v2\/posts"}],"about":[{"href":"https:\/\/www.uilscuolaemiliaromagna.it\/public\/er\/wp-json\/wp\/v2\/types\/post"}],"author":[{"embeddable":true,"href":"https:\/\/www.uilscuolaemiliaromagna.it\/public\/er\/wp-json\/wp\/v2\/users\/1"}],"replies":[{"embeddable":true,"href":"https:\/\/www.uilscuolaemiliaromagna.it\/public\/er\/wp-json\/wp\/v2\/comments?post=9673"}],"version-history":[{"count":1,"href":"https:\/\/www.uilscuolaemiliaromagna.it\/public\/er\/wp-json\/wp\/v2\/posts\/9673\/revisions"}],"predecessor-version":[{"id":9676,"href":"https:\/\/www.uilscuolaemiliaromagna.it\/public\/er\/wp-json\/wp\/v2\/posts\/9673\/revisions\/9676"}],"wp:featuredmedia":[{"embeddable":true,"href":"https:\/\/www.uilscuolaemiliaromagna.it\/public\/er\/wp-json\/wp\/v2\/media\/9675"}],"wp:attachment":[{"href":"https:\/\/www.uilscuolaemiliaromagna.it\/public\/er\/wp-json\/wp\/v2\/media?parent=9673"}],"wp:term":[{"taxonomy":"category","embeddable":true,"href":"https:\/\/www.uilscuolaemiliaromagna.it\/public\/er\/wp-json\/wp\/v2\/categories?post=9673"},{"taxonomy":"post_tag","embeddable":true,"href":"https:\/\/www.uilscuolaemiliaromagna.it\/public\/er\/wp-json\/wp\/v2\/tags?post=9673"}],"curies":[{"name":"wp","href":"https:\/\/api.w.org\/{rel}","templated":true}]}}