{"id":9884,"date":"2022-05-04T19:14:37","date_gmt":"2022-05-04T17:14:37","guid":{"rendered":"http:\/\/www.uilscuolaemiliaromagna.it\/public\/er\/?p=9884"},"modified":"2022-05-04T19:14:37","modified_gmt":"2022-05-04T17:14:37","slug":"aggiornamento-gps-nuovo-regolamento-sulle-supplenze-il-consiglio-di-stato-boccia-il-ministero","status":"publish","type":"post","link":"https:\/\/www.uilscuolaemiliaromagna.it\/public\/er\/2022\/05\/04\/aggiornamento-gps-nuovo-regolamento-sulle-supplenze-il-consiglio-di-stato-boccia-il-ministero\/","title":{"rendered":"AGGIORNAMENTO GPS | Nuovo regolamento sulle supplenze: Il Consiglio di Stato boccia il Ministero"},"content":{"rendered":"<h3 style=\"text-align: justify;\"><strong>\u00c8 caos sull\u2019avvio della procedura di aggiornamento per le supplenze<\/strong><\/h3>\n<p style=\"text-align: justify;\">Di Paolo Pizzo*<\/p>\n<p style=\"text-align: justify;\">L\u2019aggiornamento delle graduatorie provinciali per le supplenze (GPS) era fortemente atteso per l\u2019inizio di questa settimana. Come noto, infatti, il decreto \u201cMilleproroghe\u201d ha previsto la proroga di quanto stabilito dall\u2019Ordinanza Ministeriale n. 60\/2020 in materia di supplenze, con la possibilit\u00e0 di avviare la procedura di aggiornamento delle graduatorie provinciali e di istituto e permettere anche nuovi inserimenti. Anche in assenza di un nuovo Regolamento.<\/p>\n<p style=\"text-align: justify;\">Nuovo Regolamento che comunque il Ministero ha redatto e che \u00e8 passato al vaglio, dopo l\u2019informativa e il successivo confronto chiesto dalle sigle sindacali, del Consiglio Superiore della Pubblica Istruzione prima, e del Consiglio di Stato poi.<\/p>\n<p style=\"text-align: justify;\">Nel frattempo, con una operazione frettolosa e senza un vero confronto con le parti sindacali, \u00e8 stata predisposta l\u2019Ordinanza Ministeriale per dare seguito a quanto appunto previsto dal decreto \u201cMilleproroghe\u201d e permettere l\u2019aggiornamento delle graduatorie provinciali per le supplenze anche per il biennio 22\/24, che si attendeva appunto nella prima settimana di maggio.<\/p>\n<p style=\"text-align: justify;\">Una Ordinanza Ministeriale che avrebbe dovuto ricalcare quella precedente (perch\u00e9 di proroga doveva trattarsi), il cui contenuto invece si \u00e8 rilevato un mix confusionario: un testo che sa un po\u2019 di ordinanza del biennio precedente e un po\u2019 di nuovo Regolamento. Infatti, quella che era l\u2019Ordinanza Ministeriale di due anni fa \u00e8 stata stravolta in alcune parti molto significative, una fra tutte quella relativa alle sanzioni in casi di rinunce e abbandoni delle supplenze, risultando molto punitive rispetto agli anni precedenti, e che sono state inserite nella Ordinanza riprendendo integralmente quanto previsto dal nuovo Regolamento. E cos\u00ec anche per altre parti.<\/p>\n<p style=\"text-align: justify;\">\u00c8 notizia di ieri che sul nuovo Regolamento si \u00e8 espresso il Consiglio di Stato, il quale ha rilevato numerose criticit\u00e0 che ora inevitabilmente riguardano anche la stessa Ordinanza Ministeriale di cui si aspetta la pubblicazione, perch\u00e9 proprio le parti su cui il Consiglio di Stato esprime le proprie riserve sono presenti nella Ordinanza Ministeriale (mutuate dal Regolamento) che dovrebbe a breve dare avvio al nuovo aggiornamento delle graduatorie per il biennio 22\/24.<\/p>\n<p style=\"text-align: justify;\">Tutti i punti di criticit\u00e0 espressi dal Consiglio di Stato sul nuovo Regolamento li abbiamo anticipati come Uil Scuola nel corso degli incontri avuti al Ministero proprio sullo stesso Regolamento e successivamente sull\u2019Ordinanza Ministeriale.<\/p>\n<p style=\"text-align: justify;\">Durante gli incontri abbiamo infatti avuto modo di far presente tutte le criticit\u00e0, e rivendicato le soluzioni, proprio su quegli aspetti su cui ora il Consiglio di Stato si concentra chiedendone la revisione. In particolare:<\/p>\n<blockquote><p><strong>Le sanzioni<\/strong>: La parte che riguarda gli effetti sanzionatori contengono per i supplenti delle conseguenze troppo punitive.<\/p><\/blockquote>\n<blockquote><p><strong>Il controllo e la verifica del punteggio assegnato:<\/strong>\u00a0i controlli andrebbero effettuati prima e non dopo l\u2019approvazione delle graduatorie.<\/p><\/blockquote>\n<blockquote><p><strong>La questione delle sedi<\/strong>: gli aspiranti hanno il diritto di conoscere le sedi per le quali vi saranno disponibilit\u00e0 prima di effettuare la domanda di partecipazione alle supplenze.<\/p><\/blockquote>\n<blockquote><p><strong>2 fascia sostegno per chi ha tre anni senza titolo<\/strong>: il Ministero deve valutare meglio la questione delle tre annualit\u00e0 di insegnamento su sostegno per accedere alla 2 fascia sostegno da possedere entro l\u2019anno scolastico precedente a quello di presentazione dell\u2019istanza in quanto ha escluso l\u2019anno in corso.<\/p><\/blockquote>\n<blockquote><p><strong>Tabella di valutazione titoli<\/strong>: il Ministero deve esplicitare meglio il contenuto delle tabelle di valutazione dei titoli al fine di un maggiore chiarezza.<\/p><\/blockquote>\n<blockquote><p><strong>Dichiarazioni mendaci<\/strong>: bisogna distinguere pi\u00f9 chiaramente quando si proceda a \u201crettifica\u201d o invece ad \u201desclusione\u201d.<\/p><\/blockquote>\n<blockquote><p><strong>Procedura informatica per l\u2019assegnazione delle supplenze<\/strong>: il Ministero deve eliminare dal testo la procedura informatica dell\u2019assegnazione delle supplenze e inserirla in altri provvedimenti, capaci di recepire anche le innovazioni tecnologiche che avvengono nel tempo, senza cristallizzare nel regolamento quello che ora nel sistema informatico \u201csia possibile\u201d o \u201cnon sia ancora possibile fare\u201d.<\/p><\/blockquote>\n<p style=\"text-align: justify;\">Il Consiglio di Stato ha sospeso la pronuncia del parere nelle more delle riformulazioni del testo e dei chiarimenti richiesti all\u2019Amministrazione, nei sensi indicati in motivazione.<\/p>\n<p style=\"text-align: justify;\">Sono tutti i temi per cui la UIL Scuola ne ha chiesto a suo tempo l\u2019immediata soluzione anche in vista della pubblicazione della stessa Ordinanza Ministeriale, che contiene quasi tutte le criticit\u00e0 evidenziate dal Consiglio di Stato e presenti nel Regolamento, con la quale il Ministero vorrebbe dare avvio al nuovo aggiornamento delle graduatorie per il biennio 22\/24.<\/p>\n<p style=\"text-align: justify;\">Per cui si rischia di pubblicare una Ordinanza Ministeriale i cui contenuti non sono condivisi dal Consiglio di Stato, anche se presenti in altro provvedimento, e per i quali il Ministero dovr\u00e0 provvedere a nuove formulazioni.<\/p>\n<p style=\"text-align: justify;\">Insomma, il mancato confronto con le sigle sindacali su temi importanti quali un regolamento delle supplenze e una procedura che potrebbe riguardare fino a 700mila persone, continua mietere vittime e a ritardare, con una visione miope e autoritaria, provvedimenti che riguardano la vita delle persone.<\/p>\n<p style=\"text-align: justify;\">Per tali motivi la UIL Scuola rivendica la riapertura del confronto in materia di supplenze per arrivare ad un testo condiviso che vada nella direzione di tutela dei diritti del personale e che nello stesso tempo eviti tutte le storture che lo stesso personale ha dovuto subire negli ultimi anni con gravi ricadute sui nostri alunni.<\/p>\n<p style=\"text-align: justify;\">*Segretario nazionale UIL SCUOLA<\/p>\n<ul>\n<li><a href=\"https:\/\/www.uilscuolaemiliaromagna.it\/public\/er\/wp-content\/uploads\/2022\/05\/NUOVO-REGOLAMENTO-SULLE-SUPPLENZE-IL-CONSIGLIO-DI-STATO-BOCCIA-IL-MINISTERO-040522.pdf\" target=\"_blank\" rel=\"noopener noreferrer\">NUOVO-REGOLAMENTO-SULLE-SUPPLENZE-IL-CONSIGLIO-DI-STATO-BOCCIA-IL-MINISTERO-040522<\/a><\/li>\n<\/ul>\n<p>&nbsp;<\/p>\n<h6>fonte:\u00a0<a href=\"https:\/\/uilscuola.it\/nuovo-regolamento-sulle-supplenze-il-consiglio-di-stato-boccia-il-ministero\/\" target=\"_blank\" rel=\"noopener noreferrer\">uilscuola.it<\/a><\/h6>\n\n<div class=\"twitter-share\"><a href=\"https:\/\/twitter.com\/intent\/tweet?via=UILScuolaBO_ER\" class=\"twitter-share-button\" data-size=\"large\">Tweet<\/a><\/div>\n","protected":false},"excerpt":{"rendered":"<p>\u00c8 caos sull\u2019avvio della procedura di aggiornamento per le supplenze Di Paolo Pizzo* L\u2019aggiornamento delle graduatorie provinciali per le supplenze (GPS) era fortemente atteso per &hellip; <\/p>\n","protected":false},"author":1,"featured_media":7987,"comment_status":"closed","ping_status":"open","sticky":false,"template":"","format":"standard","meta":{"footnotes":""},"categories":[20,12,6],"tags":[],"yoast_head":"<!-- This site is optimized with the Yoast SEO plugin v21.7 - https:\/\/yoast.com\/wordpress\/plugins\/seo\/ -->\r\n<title>AGGIORNAMENTO GPS | Nuovo regolamento sulle supplenze: Il Consiglio di Stato boccia il Ministero - Uil Scuola Emilia Romagna<\/title>\r\n<meta name=\"robots\" content=\"index, follow, max-snippet:-1, max-image-preview:large, max-video-preview:-1\" \/>\r\n<link rel=\"canonical\" href=\"https:\/\/www.uilscuolaemiliaromagna.it\/public\/er\/2022\/05\/04\/aggiornamento-gps-nuovo-regolamento-sulle-supplenze-il-consiglio-di-stato-boccia-il-ministero\/\" \/>\r\n<meta property=\"og:locale\" content=\"it_IT\" \/>\r\n<meta property=\"og:type\" content=\"article\" \/>\r\n<meta property=\"og:title\" content=\"AGGIORNAMENTO GPS | Nuovo regolamento sulle supplenze: Il Consiglio di Stato boccia il Ministero - Uil Scuola Emilia Romagna\" \/>\r\n<meta property=\"og:description\" content=\"\u00c8 caos sull\u2019avvio della procedura di aggiornamento per le supplenze Di Paolo Pizzo* L\u2019aggiornamento delle graduatorie provinciali per le supplenze (GPS) era fortemente atteso per &hellip;\" \/>\r\n<meta property=\"og:url\" content=\"https:\/\/www.uilscuolaemiliaromagna.it\/public\/er\/2022\/05\/04\/aggiornamento-gps-nuovo-regolamento-sulle-supplenze-il-consiglio-di-stato-boccia-il-ministero\/\" \/>\r\n<meta property=\"og:site_name\" content=\"Uil Scuola Emilia Romagna\" \/>\r\n<meta property=\"article:published_time\" content=\"2022-05-04T17:14:37+00:00\" \/>\r\n<meta property=\"og:image\" content=\"https:\/\/www.uilscuolaemiliaromagna.it\/public\/er\/wp-content\/uploads\/2021\/03\/Mobilita-docenti-2021.jpg\" \/>\r\n\t<meta property=\"og:image:width\" content=\"800\" \/>\r\n\t<meta property=\"og:image:height\" content=\"483\" \/>\r\n\t<meta property=\"og:image:type\" content=\"image\/jpeg\" \/>\r\n<meta name=\"author\" content=\"admin\" \/>\r\n<meta name=\"twitter:card\" content=\"summary_large_image\" \/>\r\n<meta name=\"twitter:label1\" content=\"Scritto da\" \/>\n\t<meta name=\"twitter:data1\" content=\"admin\" \/>\n\t<meta name=\"twitter:label2\" content=\"Tempo di lettura stimato\" \/>\n\t<meta name=\"twitter:data2\" content=\"4 minuti\" \/>\r\n<script type=\"application\/ld+json\" class=\"yoast-schema-graph\">{\"@context\":\"https:\/\/schema.org\",\"@graph\":[{\"@type\":\"Article\",\"@id\":\"https:\/\/www.uilscuolaemiliaromagna.it\/public\/er\/2022\/05\/04\/aggiornamento-gps-nuovo-regolamento-sulle-supplenze-il-consiglio-di-stato-boccia-il-ministero\/#article\",\"isPartOf\":{\"@id\":\"https:\/\/www.uilscuolaemiliaromagna.it\/public\/er\/2022\/05\/04\/aggiornamento-gps-nuovo-regolamento-sulle-supplenze-il-consiglio-di-stato-boccia-il-ministero\/\"},\"author\":{\"name\":\"admin\",\"@id\":\"https:\/\/www.uilscuolaemiliaromagna.it\/public\/er\/#\/schema\/person\/f42878fd07a4b6ba2b7153d4fad5de5e\"},\"headline\":\"AGGIORNAMENTO GPS | Nuovo regolamento sulle supplenze: Il Consiglio di Stato boccia il Ministero\",\"datePublished\":\"2022-05-04T17:14:37+00:00\",\"dateModified\":\"2022-05-04T17:14:37+00:00\",\"mainEntityOfPage\":{\"@id\":\"https:\/\/www.uilscuolaemiliaromagna.it\/public\/er\/2022\/05\/04\/aggiornamento-gps-nuovo-regolamento-sulle-supplenze-il-consiglio-di-stato-boccia-il-ministero\/\"},\"wordCount\":859,\"publisher\":{\"@id\":\"https:\/\/www.uilscuolaemiliaromagna.it\/public\/er\/#organization\"},\"articleSection\":[\"Graduatorie\",\"Notizie\",\"Personale Docente\"],\"inLanguage\":\"it-IT\"},{\"@type\":\"WebPage\",\"@id\":\"https:\/\/www.uilscuolaemiliaromagna.it\/public\/er\/2022\/05\/04\/aggiornamento-gps-nuovo-regolamento-sulle-supplenze-il-consiglio-di-stato-boccia-il-ministero\/\",\"url\":\"https:\/\/www.uilscuolaemiliaromagna.it\/public\/er\/2022\/05\/04\/aggiornamento-gps-nuovo-regolamento-sulle-supplenze-il-consiglio-di-stato-boccia-il-ministero\/\",\"name\":\"AGGIORNAMENTO GPS | Nuovo regolamento sulle supplenze: Il Consiglio di Stato boccia il Ministero - Uil Scuola Emilia Romagna\",\"isPartOf\":{\"@id\":\"https:\/\/www.uilscuolaemiliaromagna.it\/public\/er\/#website\"},\"datePublished\":\"2022-05-04T17:14:37+00:00\",\"dateModified\":\"2022-05-04T17:14:37+00:00\",\"breadcrumb\":{\"@id\":\"https:\/\/www.uilscuolaemiliaromagna.it\/public\/er\/2022\/05\/04\/aggiornamento-gps-nuovo-regolamento-sulle-supplenze-il-consiglio-di-stato-boccia-il-ministero\/#breadcrumb\"},\"inLanguage\":\"it-IT\",\"potentialAction\":[{\"@type\":\"ReadAction\",\"target\":[\"https:\/\/www.uilscuolaemiliaromagna.it\/public\/er\/2022\/05\/04\/aggiornamento-gps-nuovo-regolamento-sulle-supplenze-il-consiglio-di-stato-boccia-il-ministero\/\"]}]},{\"@type\":\"BreadcrumbList\",\"@id\":\"https:\/\/www.uilscuolaemiliaromagna.it\/public\/er\/2022\/05\/04\/aggiornamento-gps-nuovo-regolamento-sulle-supplenze-il-consiglio-di-stato-boccia-il-ministero\/#breadcrumb\",\"itemListElement\":[{\"@type\":\"ListItem\",\"position\":1,\"name\":\"Home\",\"item\":\"https:\/\/www.uilscuolaemiliaromagna.it\/public\/er\/\"},{\"@type\":\"ListItem\",\"position\":2,\"name\":\"AGGIORNAMENTO GPS | Nuovo regolamento sulle supplenze: Il Consiglio di Stato boccia il Ministero\"}]},{\"@type\":\"WebSite\",\"@id\":\"https:\/\/www.uilscuolaemiliaromagna.it\/public\/er\/#website\",\"url\":\"https:\/\/www.uilscuolaemiliaromagna.it\/public\/er\/\",\"name\":\"Uil Scuola Emilia Romagna\",\"description\":\"La voce libera della scuola\",\"publisher\":{\"@id\":\"https:\/\/www.uilscuolaemiliaromagna.it\/public\/er\/#organization\"},\"potentialAction\":[{\"@type\":\"SearchAction\",\"target\":{\"@type\":\"EntryPoint\",\"urlTemplate\":\"https:\/\/www.uilscuolaemiliaromagna.it\/public\/er\/?s={search_term_string}\"},\"query-input\":\"required name=search_term_string\"}],\"inLanguage\":\"it-IT\"},{\"@type\":\"Organization\",\"@id\":\"https:\/\/www.uilscuolaemiliaromagna.it\/public\/er\/#organization\",\"name\":\"Uil Scuola Emilia Romagna\",\"url\":\"https:\/\/www.uilscuolaemiliaromagna.it\/public\/er\/\",\"logo\":{\"@type\":\"ImageObject\",\"inLanguage\":\"it-IT\",\"@id\":\"https:\/\/www.uilscuolaemiliaromagna.it\/public\/er\/#\/schema\/logo\/image\/\",\"url\":\"https:\/\/www.uilscuolaemiliaromagna.it\/public\/er\/wp-content\/uploads\/2017\/04\/cropped-header.png\",\"contentUrl\":\"https:\/\/www.uilscuolaemiliaromagna.it\/public\/er\/wp-content\/uploads\/2017\/04\/cropped-header.png\",\"width\":1000,\"height\":150,\"caption\":\"Uil Scuola Emilia Romagna\"},\"image\":{\"@id\":\"https:\/\/www.uilscuolaemiliaromagna.it\/public\/er\/#\/schema\/logo\/image\/\"}},{\"@type\":\"Person\",\"@id\":\"https:\/\/www.uilscuolaemiliaromagna.it\/public\/er\/#\/schema\/person\/f42878fd07a4b6ba2b7153d4fad5de5e\",\"name\":\"admin\",\"image\":{\"@type\":\"ImageObject\",\"inLanguage\":\"it-IT\",\"@id\":\"https:\/\/www.uilscuolaemiliaromagna.it\/public\/er\/#\/schema\/person\/image\/\",\"url\":\"https:\/\/secure.gravatar.com\/avatar\/aebf815ae2f30ffdae8b8c247273d34c?s=96&d=mm&r=g\",\"contentUrl\":\"https:\/\/secure.gravatar.com\/avatar\/aebf815ae2f30ffdae8b8c247273d34c?s=96&d=mm&r=g\",\"caption\":\"admin\"},\"url\":\"https:\/\/www.uilscuolaemiliaromagna.it\/public\/er\/author\/admin\/\"}]}<\/script>\r\n<!-- \/ Yoast SEO plugin. -->","yoast_head_json":{"title":"AGGIORNAMENTO GPS | Nuovo regolamento sulle supplenze: Il Consiglio di Stato boccia il Ministero - Uil Scuola Emilia Romagna","robots":{"index":"index","follow":"follow","max-snippet":"max-snippet:-1","max-image-preview":"max-image-preview:large","max-video-preview":"max-video-preview:-1"},"canonical":"https:\/\/www.uilscuolaemiliaromagna.it\/public\/er\/2022\/05\/04\/aggiornamento-gps-nuovo-regolamento-sulle-supplenze-il-consiglio-di-stato-boccia-il-ministero\/","og_locale":"it_IT","og_type":"article","og_title":"AGGIORNAMENTO GPS | Nuovo regolamento sulle supplenze: Il Consiglio di Stato boccia il Ministero - Uil Scuola Emilia Romagna","og_description":"\u00c8 caos sull\u2019avvio della procedura di aggiornamento per le supplenze Di Paolo Pizzo* L\u2019aggiornamento delle graduatorie provinciali per le supplenze (GPS) era fortemente atteso per &hellip;","og_url":"https:\/\/www.uilscuolaemiliaromagna.it\/public\/er\/2022\/05\/04\/aggiornamento-gps-nuovo-regolamento-sulle-supplenze-il-consiglio-di-stato-boccia-il-ministero\/","og_site_name":"Uil Scuola Emilia Romagna","article_published_time":"2022-05-04T17:14:37+00:00","og_image":[{"width":800,"height":483,"url":"https:\/\/www.uilscuolaemiliaromagna.it\/public\/er\/wp-content\/uploads\/2021\/03\/Mobilita-docenti-2021.jpg","type":"image\/jpeg"}],"author":"admin","twitter_card":"summary_large_image","twitter_misc":{"Scritto da":"admin","Tempo di lettura stimato":"4 minuti"},"schema":{"@context":"https:\/\/schema.org","@graph":[{"@type":"Article","@id":"https:\/\/www.uilscuolaemiliaromagna.it\/public\/er\/2022\/05\/04\/aggiornamento-gps-nuovo-regolamento-sulle-supplenze-il-consiglio-di-stato-boccia-il-ministero\/#article","isPartOf":{"@id":"https:\/\/www.uilscuolaemiliaromagna.it\/public\/er\/2022\/05\/04\/aggiornamento-gps-nuovo-regolamento-sulle-supplenze-il-consiglio-di-stato-boccia-il-ministero\/"},"author":{"name":"admin","@id":"https:\/\/www.uilscuolaemiliaromagna.it\/public\/er\/#\/schema\/person\/f42878fd07a4b6ba2b7153d4fad5de5e"},"headline":"AGGIORNAMENTO GPS | Nuovo regolamento sulle supplenze: Il Consiglio di Stato boccia il Ministero","datePublished":"2022-05-04T17:14:37+00:00","dateModified":"2022-05-04T17:14:37+00:00","mainEntityOfPage":{"@id":"https:\/\/www.uilscuolaemiliaromagna.it\/public\/er\/2022\/05\/04\/aggiornamento-gps-nuovo-regolamento-sulle-supplenze-il-consiglio-di-stato-boccia-il-ministero\/"},"wordCount":859,"publisher":{"@id":"https:\/\/www.uilscuolaemiliaromagna.it\/public\/er\/#organization"},"articleSection":["Graduatorie","Notizie","Personale Docente"],"inLanguage":"it-IT"},{"@type":"WebPage","@id":"https:\/\/www.uilscuolaemiliaromagna.it\/public\/er\/2022\/05\/04\/aggiornamento-gps-nuovo-regolamento-sulle-supplenze-il-consiglio-di-stato-boccia-il-ministero\/","url":"https:\/\/www.uilscuolaemiliaromagna.it\/public\/er\/2022\/05\/04\/aggiornamento-gps-nuovo-regolamento-sulle-supplenze-il-consiglio-di-stato-boccia-il-ministero\/","name":"AGGIORNAMENTO GPS | Nuovo regolamento sulle supplenze: Il Consiglio di Stato boccia il Ministero - Uil Scuola Emilia Romagna","isPartOf":{"@id":"https:\/\/www.uilscuolaemiliaromagna.it\/public\/er\/#website"},"datePublished":"2022-05-04T17:14:37+00:00","dateModified":"2022-05-04T17:14:37+00:00","breadcrumb":{"@id":"https:\/\/www.uilscuolaemiliaromagna.it\/public\/er\/2022\/05\/04\/aggiornamento-gps-nuovo-regolamento-sulle-supplenze-il-consiglio-di-stato-boccia-il-ministero\/#breadcrumb"},"inLanguage":"it-IT","potentialAction":[{"@type":"ReadAction","target":["https:\/\/www.uilscuolaemiliaromagna.it\/public\/er\/2022\/05\/04\/aggiornamento-gps-nuovo-regolamento-sulle-supplenze-il-consiglio-di-stato-boccia-il-ministero\/"]}]},{"@type":"BreadcrumbList","@id":"https:\/\/www.uilscuolaemiliaromagna.it\/public\/er\/2022\/05\/04\/aggiornamento-gps-nuovo-regolamento-sulle-supplenze-il-consiglio-di-stato-boccia-il-ministero\/#breadcrumb","itemListElement":[{"@type":"ListItem","position":1,"name":"Home","item":"https:\/\/www.uilscuolaemiliaromagna.it\/public\/er\/"},{"@type":"ListItem","position":2,"name":"AGGIORNAMENTO GPS | Nuovo regolamento sulle supplenze: Il Consiglio di Stato boccia il Ministero"}]},{"@type":"WebSite","@id":"https:\/\/www.uilscuolaemiliaromagna.it\/public\/er\/#website","url":"https:\/\/www.uilscuolaemiliaromagna.it\/public\/er\/","name":"Uil Scuola Emilia Romagna","description":"La voce libera della scuola","publisher":{"@id":"https:\/\/www.uilscuolaemiliaromagna.it\/public\/er\/#organization"},"potentialAction":[{"@type":"SearchAction","target":{"@type":"EntryPoint","urlTemplate":"https:\/\/www.uilscuolaemiliaromagna.it\/public\/er\/?s={search_term_string}"},"query-input":"required name=search_term_string"}],"inLanguage":"it-IT"},{"@type":"Organization","@id":"https:\/\/www.uilscuolaemiliaromagna.it\/public\/er\/#organization","name":"Uil Scuola Emilia Romagna","url":"https:\/\/www.uilscuolaemiliaromagna.it\/public\/er\/","logo":{"@type":"ImageObject","inLanguage":"it-IT","@id":"https:\/\/www.uilscuolaemiliaromagna.it\/public\/er\/#\/schema\/logo\/image\/","url":"https:\/\/www.uilscuolaemiliaromagna.it\/public\/er\/wp-content\/uploads\/2017\/04\/cropped-header.png","contentUrl":"https:\/\/www.uilscuolaemiliaromagna.it\/public\/er\/wp-content\/uploads\/2017\/04\/cropped-header.png","width":1000,"height":150,"caption":"Uil Scuola Emilia Romagna"},"image":{"@id":"https:\/\/www.uilscuolaemiliaromagna.it\/public\/er\/#\/schema\/logo\/image\/"}},{"@type":"Person","@id":"https:\/\/www.uilscuolaemiliaromagna.it\/public\/er\/#\/schema\/person\/f42878fd07a4b6ba2b7153d4fad5de5e","name":"admin","image":{"@type":"ImageObject","inLanguage":"it-IT","@id":"https:\/\/www.uilscuolaemiliaromagna.it\/public\/er\/#\/schema\/person\/image\/","url":"https:\/\/secure.gravatar.com\/avatar\/aebf815ae2f30ffdae8b8c247273d34c?s=96&d=mm&r=g","contentUrl":"https:\/\/secure.gravatar.com\/avatar\/aebf815ae2f30ffdae8b8c247273d34c?s=96&d=mm&r=g","caption":"admin"},"url":"https:\/\/www.uilscuolaemiliaromagna.it\/public\/er\/author\/admin\/"}]}},"views":987,"_links":{"self":[{"href":"https:\/\/www.uilscuolaemiliaromagna.it\/public\/er\/wp-json\/wp\/v2\/posts\/9884"}],"collection":[{"href":"https:\/\/www.uilscuolaemiliaromagna.it\/public\/er\/wp-json\/wp\/v2\/posts"}],"about":[{"href":"https:\/\/www.uilscuolaemiliaromagna.it\/public\/er\/wp-json\/wp\/v2\/types\/post"}],"author":[{"embeddable":true,"href":"https:\/\/www.uilscuolaemiliaromagna.it\/public\/er\/wp-json\/wp\/v2\/users\/1"}],"replies":[{"embeddable":true,"href":"https:\/\/www.uilscuolaemiliaromagna.it\/public\/er\/wp-json\/wp\/v2\/comments?post=9884"}],"version-history":[{"count":1,"href":"https:\/\/www.uilscuolaemiliaromagna.it\/public\/er\/wp-json\/wp\/v2\/posts\/9884\/revisions"}],"predecessor-version":[{"id":9886,"href":"https:\/\/www.uilscuolaemiliaromagna.it\/public\/er\/wp-json\/wp\/v2\/posts\/9884\/revisions\/9886"}],"wp:featuredmedia":[{"embeddable":true,"href":"https:\/\/www.uilscuolaemiliaromagna.it\/public\/er\/wp-json\/wp\/v2\/media\/7987"}],"wp:attachment":[{"href":"https:\/\/www.uilscuolaemiliaromagna.it\/public\/er\/wp-json\/wp\/v2\/media?parent=9884"}],"wp:term":[{"taxonomy":"category","embeddable":true,"href":"https:\/\/www.uilscuolaemiliaromagna.it\/public\/er\/wp-json\/wp\/v2\/categories?post=9884"},{"taxonomy":"post_tag","embeddable":true,"href":"https:\/\/www.uilscuolaemiliaromagna.it\/public\/er\/wp-json\/wp\/v2\/tags?post=9884"}],"curies":[{"name":"wp","href":"https:\/\/api.w.org\/{rel}","templated":true}]}}