{"id":9988,"date":"2022-05-24T16:22:17","date_gmt":"2022-05-24T14:22:17","guid":{"rendered":"http:\/\/www.uilscuolaemiliaromagna.it\/public\/er\/?p=9988"},"modified":"2022-05-24T16:22:17","modified_gmt":"2022-05-24T14:22:17","slug":"le-richieste-dei-sindacati-sciopero-del-30-maggio-incontro-dei-sindacati-col-pd-su-ragioni-e-obiettivi","status":"publish","type":"post","link":"https:\/\/www.uilscuolaemiliaromagna.it\/public\/er\/2022\/05\/24\/le-richieste-dei-sindacati-sciopero-del-30-maggio-incontro-dei-sindacati-col-pd-su-ragioni-e-obiettivi\/","title":{"rendered":"LE RICHIESTE DEI SINDACATI | Sciopero del 30 maggio, incontro dei sindacati col PD su ragioni e obiettivi"},"content":{"rendered":"<p style=\"text-align: justify;\">Una modifica sostanziale del decreto del governo sulla scuola, pi\u00f9 risorse per il contratto scuola, lo stralcio di tutte le parti che sono oggetto di contrattazione, soluzione del problema del precariato, nuovo percorso di abilitazione e stabilizzazione del rapporto di lavoro dei precari con 36 mesi di servizio: sono queste le richieste avanzate dai segretari generali di\u00a0<strong>FLC Cgil, Cisl Scuola, Uil Scuola, Snals Confsal, Gilda Unams<\/strong>\u00a0nel corso dell\u2019incontro di ieri pomeriggio con i responsabili scuola del PD.<\/p>\n<p style=\"text-align: justify;\">Una riunione franca e diretta nella quale si \u00e8 fatto il punto sulla situazione in atto, dopo due anni di pandemia e il sovrapporsi di misure tra loro confliggenti: \u201cAbbiamo avviato lo scorso anno un confronto col ministero che ci ha portato a condividere un percorso, abbiamo sottoscritto un patto \u2013 hanno ricordato\u00a0<strong>Francesco Sinopoli, Ivana Barbacci, Pino Turi, Elvira Serafini e Rino di Meglio<\/strong>\u00a0\u2013ma gli impegni assunti dal Ministro dell\u2019Istruzione sono rimasti in gran parte lettera morta. Soprattutto non si \u00e8 dato seguito all\u2019impegno di attivare un confronto costante e approfondito sui progetti di innovazione, a partire dal reclutamento: si sono invece susseguite decisioni unilaterali del Governo, da ultimo col decreto legge 36, che oltretutto invade pesantemente il campo della contrattazione.<\/p>\n<p style=\"text-align: justify;\">La parte relativa alla formazione, in particolare, deve essere stralciata e rimessa al tavolo negoziale. Serve certamente un grande piano di formazione e aggiornamento, ma la strada non \u00e8 sicuramente questa. Bisogna, invece, valorizzare il protagonismo delle scuole.<\/p>\n<p style=\"text-align: justify;\">Forte risalto ha avuto nell\u2019incontro il tema delle risorse, rispetto al quale \u00e8 stata sottolineata l\u2019inadeguatezza di quelle attualmente disponibili per il rinnovo del contratto: \u201cA pochi giorni dall\u2019apertura del negoziato all\u2019Aran \u00e8 chiaro che servono nuovi investimenti\u2013 ribadiscono i cinque segretari \u2013 c\u2019\u00e8 un divario intollerabile tra la scuola e altri settori del pubblico impiego.<\/p>\n<p style=\"text-align: justify;\">Manca del tutto una prospettiva di valorizzazione del lavoro svolto dai precari, per i quali occorre prevedere percorsi chiari e concreti per abilitarsi e avere opportunit\u00e0 di stabilizzazione. Le misure appaiono invece come dettate da un intento punitivo nei loro confronti\u201d.<\/p>\n<p style=\"text-align: justify;\">\u201cSolo qualche settimana fa le scuole hanno dato una grande prova di democrazia \u2013 hanno sottolineato i rappresentanti dei sindacati scuola \u2013 alle elezioni per il rinnovo delle RSU hanno votato in tantissimi. Un livello di partecipazione del personale, che meriterebbe attenzione e rispetto. Perch\u00e9 invece non se ne tiene conto calando dall\u2019alto riforme prive di spessore e di respiro? Dire che siamo contrariati \u00e8 poco. Il 30 sar\u00e0 sciopero, ma non \u00e8 detto che la mobilitazione si fermi l\u00ec, siamo pronti a sostenerla per tutto il tempo e con le iniziative che sar\u00e0 necessario attivare\u201d.<\/p>\n<ul>\n<li><a href=\"https:\/\/www.uilscuolaemiliaromagna.it\/public\/er\/wp-content\/uploads\/2022\/05\/Comunicato-unitario-Incontro-PD-240522.pdf\">il comunicato unitario<\/a><\/li>\n<\/ul>\n<p>&nbsp;<\/p>\n<h6>fonte:\u00a0<a href=\"https:\/\/uilscuola.it\/scuola-sciopero-del-30-maggio-incontro-dei-sindacati-col-pd-su-ragioni-e-obiettivi\/\" target=\"_blank\" rel=\"noopener noreferrer\">uilscuola.it<\/a><\/h6>\n\n<div class=\"twitter-share\"><a href=\"https:\/\/twitter.com\/intent\/tweet?via=UILScuolaBO_ER\" class=\"twitter-share-button\" data-size=\"large\">Tweet<\/a><\/div>\n","protected":false},"excerpt":{"rendered":"<p>Una modifica sostanziale del decreto del governo sulla scuola, pi\u00f9 risorse per il contratto scuola, lo stralcio di tutte le parti che sono oggetto di &hellip; <\/p>\n","protected":false},"author":1,"featured_media":9132,"comment_status":"closed","ping_status":"open","sticky":false,"template":"","format":"standard","meta":{"footnotes":""},"categories":[12],"tags":[],"yoast_head":"<!-- This site is optimized with the Yoast SEO plugin v21.7 - https:\/\/yoast.com\/wordpress\/plugins\/seo\/ -->\r\n<title>LE RICHIESTE DEI SINDACATI | Sciopero del 30 maggio, incontro dei sindacati col PD su ragioni e obiettivi - Uil Scuola Emilia Romagna<\/title>\r\n<meta name=\"robots\" content=\"index, follow, max-snippet:-1, max-image-preview:large, max-video-preview:-1\" \/>\r\n<link rel=\"canonical\" href=\"https:\/\/www.uilscuolaemiliaromagna.it\/public\/er\/2022\/05\/24\/le-richieste-dei-sindacati-sciopero-del-30-maggio-incontro-dei-sindacati-col-pd-su-ragioni-e-obiettivi\/\" \/>\r\n<meta property=\"og:locale\" content=\"it_IT\" \/>\r\n<meta property=\"og:type\" content=\"article\" \/>\r\n<meta property=\"og:title\" content=\"LE RICHIESTE DEI SINDACATI | Sciopero del 30 maggio, incontro dei sindacati col PD su ragioni e obiettivi - Uil Scuola Emilia Romagna\" \/>\r\n<meta property=\"og:description\" content=\"Una modifica sostanziale del decreto del governo sulla scuola, pi\u00f9 risorse per il contratto scuola, lo stralcio di tutte le parti che sono oggetto di &hellip;\" \/>\r\n<meta property=\"og:url\" content=\"https:\/\/www.uilscuolaemiliaromagna.it\/public\/er\/2022\/05\/24\/le-richieste-dei-sindacati-sciopero-del-30-maggio-incontro-dei-sindacati-col-pd-su-ragioni-e-obiettivi\/\" \/>\r\n<meta property=\"og:site_name\" content=\"Uil Scuola Emilia Romagna\" \/>\r\n<meta property=\"article:published_time\" content=\"2022-05-24T14:22:17+00:00\" \/>\r\n<meta property=\"og:image\" content=\"https:\/\/www.uilscuolaemiliaromagna.it\/public\/er\/wp-content\/uploads\/2021\/11\/ROMA-2-web-1-1024x576-1-150x150-1.jpeg\" \/>\r\n\t<meta property=\"og:image:width\" content=\"150\" \/>\r\n\t<meta property=\"og:image:height\" content=\"150\" \/>\r\n\t<meta property=\"og:image:type\" content=\"image\/jpeg\" \/>\r\n<meta name=\"author\" content=\"admin\" \/>\r\n<meta name=\"twitter:card\" content=\"summary_large_image\" \/>\r\n<meta name=\"twitter:label1\" content=\"Scritto da\" \/>\n\t<meta name=\"twitter:data1\" content=\"admin\" \/>\n\t<meta name=\"twitter:label2\" content=\"Tempo di lettura stimato\" \/>\n\t<meta name=\"twitter:data2\" content=\"2 minuti\" \/>\r\n<script type=\"application\/ld+json\" class=\"yoast-schema-graph\">{\"@context\":\"https:\/\/schema.org\",\"@graph\":[{\"@type\":\"Article\",\"@id\":\"https:\/\/www.uilscuolaemiliaromagna.it\/public\/er\/2022\/05\/24\/le-richieste-dei-sindacati-sciopero-del-30-maggio-incontro-dei-sindacati-col-pd-su-ragioni-e-obiettivi\/#article\",\"isPartOf\":{\"@id\":\"https:\/\/www.uilscuolaemiliaromagna.it\/public\/er\/2022\/05\/24\/le-richieste-dei-sindacati-sciopero-del-30-maggio-incontro-dei-sindacati-col-pd-su-ragioni-e-obiettivi\/\"},\"author\":{\"name\":\"admin\",\"@id\":\"https:\/\/www.uilscuolaemiliaromagna.it\/public\/er\/#\/schema\/person\/f42878fd07a4b6ba2b7153d4fad5de5e\"},\"headline\":\"LE RICHIESTE DEI SINDACATI | Sciopero del 30 maggio, incontro dei sindacati col PD su ragioni e obiettivi\",\"datePublished\":\"2022-05-24T14:22:17+00:00\",\"dateModified\":\"2022-05-24T14:22:17+00:00\",\"mainEntityOfPage\":{\"@id\":\"https:\/\/www.uilscuolaemiliaromagna.it\/public\/er\/2022\/05\/24\/le-richieste-dei-sindacati-sciopero-del-30-maggio-incontro-dei-sindacati-col-pd-su-ragioni-e-obiettivi\/\"},\"wordCount\":450,\"publisher\":{\"@id\":\"https:\/\/www.uilscuolaemiliaromagna.it\/public\/er\/#organization\"},\"articleSection\":[\"Notizie\"],\"inLanguage\":\"it-IT\"},{\"@type\":\"WebPage\",\"@id\":\"https:\/\/www.uilscuolaemiliaromagna.it\/public\/er\/2022\/05\/24\/le-richieste-dei-sindacati-sciopero-del-30-maggio-incontro-dei-sindacati-col-pd-su-ragioni-e-obiettivi\/\",\"url\":\"https:\/\/www.uilscuolaemiliaromagna.it\/public\/er\/2022\/05\/24\/le-richieste-dei-sindacati-sciopero-del-30-maggio-incontro-dei-sindacati-col-pd-su-ragioni-e-obiettivi\/\",\"name\":\"LE RICHIESTE DEI SINDACATI | Sciopero del 30 maggio, incontro dei sindacati col PD su ragioni e obiettivi - Uil Scuola Emilia Romagna\",\"isPartOf\":{\"@id\":\"https:\/\/www.uilscuolaemiliaromagna.it\/public\/er\/#website\"},\"datePublished\":\"2022-05-24T14:22:17+00:00\",\"dateModified\":\"2022-05-24T14:22:17+00:00\",\"breadcrumb\":{\"@id\":\"https:\/\/www.uilscuolaemiliaromagna.it\/public\/er\/2022\/05\/24\/le-richieste-dei-sindacati-sciopero-del-30-maggio-incontro-dei-sindacati-col-pd-su-ragioni-e-obiettivi\/#breadcrumb\"},\"inLanguage\":\"it-IT\",\"potentialAction\":[{\"@type\":\"ReadAction\",\"target\":[\"https:\/\/www.uilscuolaemiliaromagna.it\/public\/er\/2022\/05\/24\/le-richieste-dei-sindacati-sciopero-del-30-maggio-incontro-dei-sindacati-col-pd-su-ragioni-e-obiettivi\/\"]}]},{\"@type\":\"BreadcrumbList\",\"@id\":\"https:\/\/www.uilscuolaemiliaromagna.it\/public\/er\/2022\/05\/24\/le-richieste-dei-sindacati-sciopero-del-30-maggio-incontro-dei-sindacati-col-pd-su-ragioni-e-obiettivi\/#breadcrumb\",\"itemListElement\":[{\"@type\":\"ListItem\",\"position\":1,\"name\":\"Home\",\"item\":\"https:\/\/www.uilscuolaemiliaromagna.it\/public\/er\/\"},{\"@type\":\"ListItem\",\"position\":2,\"name\":\"LE RICHIESTE DEI SINDACATI | Sciopero del 30 maggio, incontro dei sindacati col PD su ragioni e obiettivi\"}]},{\"@type\":\"WebSite\",\"@id\":\"https:\/\/www.uilscuolaemiliaromagna.it\/public\/er\/#website\",\"url\":\"https:\/\/www.uilscuolaemiliaromagna.it\/public\/er\/\",\"name\":\"Uil Scuola Emilia Romagna\",\"description\":\"La voce libera della scuola\",\"publisher\":{\"@id\":\"https:\/\/www.uilscuolaemiliaromagna.it\/public\/er\/#organization\"},\"potentialAction\":[{\"@type\":\"SearchAction\",\"target\":{\"@type\":\"EntryPoint\",\"urlTemplate\":\"https:\/\/www.uilscuolaemiliaromagna.it\/public\/er\/?s={search_term_string}\"},\"query-input\":\"required name=search_term_string\"}],\"inLanguage\":\"it-IT\"},{\"@type\":\"Organization\",\"@id\":\"https:\/\/www.uilscuolaemiliaromagna.it\/public\/er\/#organization\",\"name\":\"Uil Scuola Emilia Romagna\",\"url\":\"https:\/\/www.uilscuolaemiliaromagna.it\/public\/er\/\",\"logo\":{\"@type\":\"ImageObject\",\"inLanguage\":\"it-IT\",\"@id\":\"https:\/\/www.uilscuolaemiliaromagna.it\/public\/er\/#\/schema\/logo\/image\/\",\"url\":\"https:\/\/www.uilscuolaemiliaromagna.it\/public\/er\/wp-content\/uploads\/2017\/04\/cropped-header.png\",\"contentUrl\":\"https:\/\/www.uilscuolaemiliaromagna.it\/public\/er\/wp-content\/uploads\/2017\/04\/cropped-header.png\",\"width\":1000,\"height\":150,\"caption\":\"Uil Scuola Emilia Romagna\"},\"image\":{\"@id\":\"https:\/\/www.uilscuolaemiliaromagna.it\/public\/er\/#\/schema\/logo\/image\/\"}},{\"@type\":\"Person\",\"@id\":\"https:\/\/www.uilscuolaemiliaromagna.it\/public\/er\/#\/schema\/person\/f42878fd07a4b6ba2b7153d4fad5de5e\",\"name\":\"admin\",\"image\":{\"@type\":\"ImageObject\",\"inLanguage\":\"it-IT\",\"@id\":\"https:\/\/www.uilscuolaemiliaromagna.it\/public\/er\/#\/schema\/person\/image\/\",\"url\":\"https:\/\/secure.gravatar.com\/avatar\/aebf815ae2f30ffdae8b8c247273d34c?s=96&d=mm&r=g\",\"contentUrl\":\"https:\/\/secure.gravatar.com\/avatar\/aebf815ae2f30ffdae8b8c247273d34c?s=96&d=mm&r=g\",\"caption\":\"admin\"},\"url\":\"https:\/\/www.uilscuolaemiliaromagna.it\/public\/er\/author\/admin\/\"}]}<\/script>\r\n<!-- \/ Yoast SEO plugin. -->","yoast_head_json":{"title":"LE RICHIESTE DEI SINDACATI | Sciopero del 30 maggio, incontro dei sindacati col PD su ragioni e obiettivi - Uil Scuola Emilia Romagna","robots":{"index":"index","follow":"follow","max-snippet":"max-snippet:-1","max-image-preview":"max-image-preview:large","max-video-preview":"max-video-preview:-1"},"canonical":"https:\/\/www.uilscuolaemiliaromagna.it\/public\/er\/2022\/05\/24\/le-richieste-dei-sindacati-sciopero-del-30-maggio-incontro-dei-sindacati-col-pd-su-ragioni-e-obiettivi\/","og_locale":"it_IT","og_type":"article","og_title":"LE RICHIESTE DEI SINDACATI | Sciopero del 30 maggio, incontro dei sindacati col PD su ragioni e obiettivi - Uil Scuola Emilia Romagna","og_description":"Una modifica sostanziale del decreto del governo sulla scuola, pi\u00f9 risorse per il contratto scuola, lo stralcio di tutte le parti che sono oggetto di &hellip;","og_url":"https:\/\/www.uilscuolaemiliaromagna.it\/public\/er\/2022\/05\/24\/le-richieste-dei-sindacati-sciopero-del-30-maggio-incontro-dei-sindacati-col-pd-su-ragioni-e-obiettivi\/","og_site_name":"Uil Scuola Emilia Romagna","article_published_time":"2022-05-24T14:22:17+00:00","og_image":[{"width":150,"height":150,"url":"https:\/\/www.uilscuolaemiliaromagna.it\/public\/er\/wp-content\/uploads\/2021\/11\/ROMA-2-web-1-1024x576-1-150x150-1.jpeg","type":"image\/jpeg"}],"author":"admin","twitter_card":"summary_large_image","twitter_misc":{"Scritto da":"admin","Tempo di lettura stimato":"2 minuti"},"schema":{"@context":"https:\/\/schema.org","@graph":[{"@type":"Article","@id":"https:\/\/www.uilscuolaemiliaromagna.it\/public\/er\/2022\/05\/24\/le-richieste-dei-sindacati-sciopero-del-30-maggio-incontro-dei-sindacati-col-pd-su-ragioni-e-obiettivi\/#article","isPartOf":{"@id":"https:\/\/www.uilscuolaemiliaromagna.it\/public\/er\/2022\/05\/24\/le-richieste-dei-sindacati-sciopero-del-30-maggio-incontro-dei-sindacati-col-pd-su-ragioni-e-obiettivi\/"},"author":{"name":"admin","@id":"https:\/\/www.uilscuolaemiliaromagna.it\/public\/er\/#\/schema\/person\/f42878fd07a4b6ba2b7153d4fad5de5e"},"headline":"LE RICHIESTE DEI SINDACATI | Sciopero del 30 maggio, incontro dei sindacati col PD su ragioni e obiettivi","datePublished":"2022-05-24T14:22:17+00:00","dateModified":"2022-05-24T14:22:17+00:00","mainEntityOfPage":{"@id":"https:\/\/www.uilscuolaemiliaromagna.it\/public\/er\/2022\/05\/24\/le-richieste-dei-sindacati-sciopero-del-30-maggio-incontro-dei-sindacati-col-pd-su-ragioni-e-obiettivi\/"},"wordCount":450,"publisher":{"@id":"https:\/\/www.uilscuolaemiliaromagna.it\/public\/er\/#organization"},"articleSection":["Notizie"],"inLanguage":"it-IT"},{"@type":"WebPage","@id":"https:\/\/www.uilscuolaemiliaromagna.it\/public\/er\/2022\/05\/24\/le-richieste-dei-sindacati-sciopero-del-30-maggio-incontro-dei-sindacati-col-pd-su-ragioni-e-obiettivi\/","url":"https:\/\/www.uilscuolaemiliaromagna.it\/public\/er\/2022\/05\/24\/le-richieste-dei-sindacati-sciopero-del-30-maggio-incontro-dei-sindacati-col-pd-su-ragioni-e-obiettivi\/","name":"LE RICHIESTE DEI SINDACATI | Sciopero del 30 maggio, incontro dei sindacati col PD su ragioni e obiettivi - Uil Scuola Emilia Romagna","isPartOf":{"@id":"https:\/\/www.uilscuolaemiliaromagna.it\/public\/er\/#website"},"datePublished":"2022-05-24T14:22:17+00:00","dateModified":"2022-05-24T14:22:17+00:00","breadcrumb":{"@id":"https:\/\/www.uilscuolaemiliaromagna.it\/public\/er\/2022\/05\/24\/le-richieste-dei-sindacati-sciopero-del-30-maggio-incontro-dei-sindacati-col-pd-su-ragioni-e-obiettivi\/#breadcrumb"},"inLanguage":"it-IT","potentialAction":[{"@type":"ReadAction","target":["https:\/\/www.uilscuolaemiliaromagna.it\/public\/er\/2022\/05\/24\/le-richieste-dei-sindacati-sciopero-del-30-maggio-incontro-dei-sindacati-col-pd-su-ragioni-e-obiettivi\/"]}]},{"@type":"BreadcrumbList","@id":"https:\/\/www.uilscuolaemiliaromagna.it\/public\/er\/2022\/05\/24\/le-richieste-dei-sindacati-sciopero-del-30-maggio-incontro-dei-sindacati-col-pd-su-ragioni-e-obiettivi\/#breadcrumb","itemListElement":[{"@type":"ListItem","position":1,"name":"Home","item":"https:\/\/www.uilscuolaemiliaromagna.it\/public\/er\/"},{"@type":"ListItem","position":2,"name":"LE RICHIESTE DEI SINDACATI | Sciopero del 30 maggio, incontro dei sindacati col PD su ragioni e obiettivi"}]},{"@type":"WebSite","@id":"https:\/\/www.uilscuolaemiliaromagna.it\/public\/er\/#website","url":"https:\/\/www.uilscuolaemiliaromagna.it\/public\/er\/","name":"Uil Scuola Emilia Romagna","description":"La voce libera della scuola","publisher":{"@id":"https:\/\/www.uilscuolaemiliaromagna.it\/public\/er\/#organization"},"potentialAction":[{"@type":"SearchAction","target":{"@type":"EntryPoint","urlTemplate":"https:\/\/www.uilscuolaemiliaromagna.it\/public\/er\/?s={search_term_string}"},"query-input":"required name=search_term_string"}],"inLanguage":"it-IT"},{"@type":"Organization","@id":"https:\/\/www.uilscuolaemiliaromagna.it\/public\/er\/#organization","name":"Uil Scuola Emilia Romagna","url":"https:\/\/www.uilscuolaemiliaromagna.it\/public\/er\/","logo":{"@type":"ImageObject","inLanguage":"it-IT","@id":"https:\/\/www.uilscuolaemiliaromagna.it\/public\/er\/#\/schema\/logo\/image\/","url":"https:\/\/www.uilscuolaemiliaromagna.it\/public\/er\/wp-content\/uploads\/2017\/04\/cropped-header.png","contentUrl":"https:\/\/www.uilscuolaemiliaromagna.it\/public\/er\/wp-content\/uploads\/2017\/04\/cropped-header.png","width":1000,"height":150,"caption":"Uil Scuola Emilia Romagna"},"image":{"@id":"https:\/\/www.uilscuolaemiliaromagna.it\/public\/er\/#\/schema\/logo\/image\/"}},{"@type":"Person","@id":"https:\/\/www.uilscuolaemiliaromagna.it\/public\/er\/#\/schema\/person\/f42878fd07a4b6ba2b7153d4fad5de5e","name":"admin","image":{"@type":"ImageObject","inLanguage":"it-IT","@id":"https:\/\/www.uilscuolaemiliaromagna.it\/public\/er\/#\/schema\/person\/image\/","url":"https:\/\/secure.gravatar.com\/avatar\/aebf815ae2f30ffdae8b8c247273d34c?s=96&d=mm&r=g","contentUrl":"https:\/\/secure.gravatar.com\/avatar\/aebf815ae2f30ffdae8b8c247273d34c?s=96&d=mm&r=g","caption":"admin"},"url":"https:\/\/www.uilscuolaemiliaromagna.it\/public\/er\/author\/admin\/"}]}},"views":834,"_links":{"self":[{"href":"https:\/\/www.uilscuolaemiliaromagna.it\/public\/er\/wp-json\/wp\/v2\/posts\/9988"}],"collection":[{"href":"https:\/\/www.uilscuolaemiliaromagna.it\/public\/er\/wp-json\/wp\/v2\/posts"}],"about":[{"href":"https:\/\/www.uilscuolaemiliaromagna.it\/public\/er\/wp-json\/wp\/v2\/types\/post"}],"author":[{"embeddable":true,"href":"https:\/\/www.uilscuolaemiliaromagna.it\/public\/er\/wp-json\/wp\/v2\/users\/1"}],"replies":[{"embeddable":true,"href":"https:\/\/www.uilscuolaemiliaromagna.it\/public\/er\/wp-json\/wp\/v2\/comments?post=9988"}],"version-history":[{"count":1,"href":"https:\/\/www.uilscuolaemiliaromagna.it\/public\/er\/wp-json\/wp\/v2\/posts\/9988\/revisions"}],"predecessor-version":[{"id":9990,"href":"https:\/\/www.uilscuolaemiliaromagna.it\/public\/er\/wp-json\/wp\/v2\/posts\/9988\/revisions\/9990"}],"wp:featuredmedia":[{"embeddable":true,"href":"https:\/\/www.uilscuolaemiliaromagna.it\/public\/er\/wp-json\/wp\/v2\/media\/9132"}],"wp:attachment":[{"href":"https:\/\/www.uilscuolaemiliaromagna.it\/public\/er\/wp-json\/wp\/v2\/media?parent=9988"}],"wp:term":[{"taxonomy":"category","embeddable":true,"href":"https:\/\/www.uilscuolaemiliaromagna.it\/public\/er\/wp-json\/wp\/v2\/categories?post=9988"},{"taxonomy":"post_tag","embeddable":true,"href":"https:\/\/www.uilscuolaemiliaromagna.it\/public\/er\/wp-json\/wp\/v2\/tags?post=9988"}],"curies":[{"name":"wp","href":"https:\/\/api.w.org\/{rel}","templated":true}]}}